{"id":1022,"date":"2009-02-23T08:35:56","date_gmt":"2009-02-23T08:35:56","guid":{"rendered":"http:\/\/poeticas.es\/?p=1022"},"modified":"2017-09-06T15:46:15","modified_gmt":"2017-09-06T13:46:15","slug":"manuel-mantero","status":"publish","type":"post","link":"https:\/\/poeticas.es\/?p=1022","title":{"rendered":"Manuel Mantero"},"content":{"rendered":"<p class=\"MsoList\" style=\"text-align: justify;\"><img loading=\"lazy\" decoding=\"async\" class=\"alignnone size-full wp-image-1023\" title=\"Las torres, de \u00c1ngel Orcajo\" src=\"https:\/\/poeticas.es\/wp-content\/uploads\/2009\/02\/manuelmantero.jpg\" alt=\"Las torres, de \u00c1ngel Orcajo\" width=\"396\" height=\"400\" srcset=\"https:\/\/poeticas.es\/wp-content\/uploads\/2009\/02\/manuelmantero.jpg 396w, https:\/\/poeticas.es\/wp-content\/uploads\/2009\/02\/manuelmantero-297x300.jpg 297w\" sizes=\"auto, (max-width: 396px) 100vw, 396px\" \/><\/p>\n<p class=\"MsoList\" style=\"text-align: justify;\"><em>Manuel Mantero (Sevilla, 1930) es un poeta singular dentro de la promoci\u00f3n de los 50 por su alejamiento de la tendencia realista y urbana, predominante en \u00e9sta. Su poes\u00eda, simbolista y metaf\u00edsica, de gran perfecci\u00f3n r\u00edtmica y formal, gira en torno al problema del destino humano.<\/em><\/p>\n<p class=\"MsoList\"><strong>LA QUEJA QUERIDA<\/strong><\/p>\n<p class=\"MsoList\">Poeta. Es decir, n\u00e1ufrago que grita,<br \/>\nque quiere sacudirse la tristeza<br \/>\nde su isla desierta y exquisita,<br \/>\ncuando la muerte a rodearlo empieza.<\/p>\n<p class=\"MsoList\">Su queja, cada d\u00eda, arroja escrita<br \/>\nal mar: botella verde, u\u00f1a, corteza.<br \/>\nCada d\u00eda, iza al cielo una infinita<br \/>\nbandera roja que arde en la maleza.<\/p>\n<p class=\"MsoList\">Y si alg\u00fan transatl\u00e1ntico de espanto<br \/>\nsorprende su mensaje de humo y llanto,<br \/>\nes in\u00fatil la b\u00fasqueda, el viaje.<\/p>\n<p class=\"MsoList\">La expedici\u00f3n arribar\u00e1 a la playa<br \/>\ny el poeta, en su cueva m\u00e1s salvaje,<br \/>\nesperar\u00e1 de nuevo a que se vaya.<\/p>\n<p class=\"MsoList\" style=\"padding-left: 30px;\"><em>M\u00ednimas del cipr\u00e9s y los labios<\/em>, 1958.<\/p>\n<p><!--more--><\/p>\n<p class=\"MsoList\"><strong>CONDENACI\u00d3N DEL POEMA<\/strong><\/p>\n<p class=\"MsoList\">El poema mataba a la poes\u00eda<br \/>\ncon su opresi\u00f3n,<br \/>\n<span style=\"padding-left: 100px;\">su l\u00edmite,<\/span><br \/>\n<span style=\"padding-left: 150px;\">su forja.<\/span><br \/>\nDentro del verso el aire se volvi\u00f3<br \/>\nirrespirable como un cuervo muerto.<\/p>\n<p class=\"MsoList\" style=\"margin-left: 0cm; text-indent: 0cm;\">Tir\u00e9 al suelo las s\u00edlabas,<br \/>\nsaj\u00e9 las aliteraciones,<br \/>\ndesanduve la m\u00fasica,<br \/>\nolvid\u00e9 las ideas en su sombra,<br \/>\ny una vez abolida la estructura,<br \/>\nsal\u00ed fuera, mir\u00e9 a los \u00e1rboles,<br \/>\ntoqu\u00e9 la luz de la luna en el agua,<br \/>\ncort\u00e9 una flor,<br \/>\nle dije algo vital a una mujer.<\/p>\n<p class=\"MsoList\" style=\"margin-left: 0cm; text-indent: 0cm;\">Volv\u00ed a mi casa,<br \/>\nme dispuse a escribir.<br \/>\nMas ya escribir era traici\u00f3n.<\/p>\n<p class=\"MsoList\" style=\"margin-left: 0cm; text-indent: 0cm;\">Y traicion\u00e9.<\/p>\n<p class=\"MsoList\" style=\"margin-left: 0cm; text-indent: 0cm; padding-left: 30px;\"><em>Poemas exclusivos<\/em>, 1972.<\/p>\n<p class=\"MsoList\"><strong>GENERACI\u00d3N PO\u00c9TICA DEL 50 (O DEL 60)<\/strong><\/p>\n<p class=\"MsoList\">M\u00edos son vuestra edad, naci\u00f3n, idioma,<br \/>\nno vuestro tema. No os entiendo,<br \/>\noh aburrida asamblea monocorde<br \/>\na los pies de los \u00eddolos abuelos.<br \/>\nMe indago<br \/>\ncomo una espina penetrando un cuerpo,<br \/>\nlloro en Dios porque lloro lo que borro,<br \/>\nexcavo mitos y en sus atrios duermo,<br \/>\nmi muerte tiene forma esbelta de \u00e1ngel<br \/>\nno s\u00e9 si de la guarda o del tormento,<br \/>\nmi palabra se afirma entre mis manos<br \/>\ngolpeada y vertical (Col\u00f3n y el huevo)<br \/>\ny es mi poes\u00eda contingencia m\u00e1gica,<br \/>\nmoderno aroma, juventud del hueso.<\/p>\n<p class=\"MsoList\">Esta ma\u00f1ana, al levantarme,<br \/>\nen vosotros pens\u00e9. No os pertenezco.<\/p>\n<p class=\"MsoList\" style=\"margin-left: 0cm; text-indent: 0cm; padding-left: 30px;\"><em>Poemas exclusivos<\/em>, 1972.<\/p>\n<p class=\"MsoList\"><strong>AL LECTOR<\/strong><\/p>\n<p class=\"MsoList\" style=\"padding-left: 60px;\">1<\/p>\n<p class=\"MsoList\">Las palabras son v\u00edrgenes dif\u00edciles,<br \/>\ny escribir es arder en sus desaires,<br \/>\ny m\u00e1s quererlas, y asediar a un sexo<br \/>\nadivinado entre su noche oscura,<br \/>\ny enloquecer, y suplicar, y ya<br \/>\npropicias ellas, las palabras, vienes<br \/>\nt\u00fa y t\u00fa las gozas. Tanto urdir y arder,<br \/>\n\u00bfs\u00f3lo vali\u00f3 para una dicha ajena?<\/p>\n<p class=\"MsoList\" style=\"padding-left: 60px;\">2<\/p>\n<p class=\"MsoList\">Digo mi palabra y todos<br \/>\nentienden lo que yo digo.<\/p>\n<p class=\"MsoList\">Alguno, hasta entiende el canto<br \/>\nde mi p\u00e1jaro de s\u00edmbolos.<\/p>\n<p class=\"MsoList\">Pero nadie sabr\u00e1 nunca<br \/>\nel vuelo, el \u00e1rbol, el nido.<\/p>\n<p class=\"MsoList\" style=\"padding-left: 30px;\"><em>Fiesta<\/em>, 1995.<\/p>\n<p class=\"MsoList\"><strong>ARTE PO\u00c9TICA<\/strong><\/p>\n<p class=\"MsoList\">T\u00fa no alabes a aquel que muestra<br \/>\ndeshilachados o confusos<br \/>\nlos hilos de oro de su filigrana<br \/>\npues (dice) toda perfecci\u00f3n requiere<br \/>\nsu transgresi\u00f3n para que no fatigue, etc.<\/p>\n<p class=\"MsoList\">T\u00fa escupe en su oro d\u00edscolo, no es oro<br \/>\nni d\u00edscolo. Es nailon y torpeza.<\/p>\n<p class=\"MsoList\" style=\"padding-left: 30px;\"><em>Equipaje<\/em>, 2005.<\/p>\n<p class=\"MsoList\"><strong>CARTA A UN POETA NUEVO<\/strong><\/p>\n<p class=\"MsoList\">Oh apasionado adolescente, cuida<br \/>\nque tus palabras no lo digan todo,<br \/>\ny sirvan ellas de iluminaci\u00f3n<br \/>\nporque les diste persistencia de astro,<br \/>\nno por quemarlas y quemarte en ellas.<\/p>\n<p class=\"MsoList\" style=\"padding-left: 30px;\"><em>Equipaje<\/em>, 2005.<\/p>\n","protected":false},"excerpt":{"rendered":"<p>Manuel Mantero (Sevilla, 1930) es un poeta singular dentro de la promoci\u00f3n de los 50 por su alejamiento de la tendencia realista y urbana, predominante en \u00e9sta. Su poes\u00eda, simbolista y metaf\u00edsica, de gran perfecci\u00f3n r\u00edtmica y formal, gira en torno al problema del destino humano. LA QUEJA QUERIDA Poeta. Es decir, n\u00e1ufrago que grita,&#8230; <\/p>\n<div class=\"read-more navbutton\"><a href=\"https:\/\/poeticas.es\/?p=1022\">Leer m\u00e1s<i class=\"fa fa-angle-double-right\"><\/i><\/a><\/div>\n","protected":false},"author":1,"featured_media":0,"comment_status":"closed","ping_status":"closed","sticky":false,"template":"","format":"standard","meta":{"_exactmetrics_skip_tracking":false,"_exactmetrics_sitenote_active":false,"_exactmetrics_sitenote_note":"","_exactmetrics_sitenote_category":0,"footnotes":""},"categories":[1,28],"tags":[51,15,36],"class_list":["post-1022","post","type-post","status-publish","format-standard","hentry","category-uncategorized","category-posguerra","tag-generacion-del-50","tag-xx","tag-xxi"],"_links":{"self":[{"href":"https:\/\/poeticas.es\/index.php?rest_route=\/wp\/v2\/posts\/1022","targetHints":{"allow":["GET"]}}],"collection":[{"href":"https:\/\/poeticas.es\/index.php?rest_route=\/wp\/v2\/posts"}],"about":[{"href":"https:\/\/poeticas.es\/index.php?rest_route=\/wp\/v2\/types\/post"}],"author":[{"embeddable":true,"href":"https:\/\/poeticas.es\/index.php?rest_route=\/wp\/v2\/users\/1"}],"replies":[{"embeddable":true,"href":"https:\/\/poeticas.es\/index.php?rest_route=%2Fwp%2Fv2%2Fcomments&post=1022"}],"version-history":[{"count":3,"href":"https:\/\/poeticas.es\/index.php?rest_route=\/wp\/v2\/posts\/1022\/revisions"}],"predecessor-version":[{"id":5227,"href":"https:\/\/poeticas.es\/index.php?rest_route=\/wp\/v2\/posts\/1022\/revisions\/5227"}],"wp:attachment":[{"href":"https:\/\/poeticas.es\/index.php?rest_route=%2Fwp%2Fv2%2Fmedia&parent=1022"}],"wp:term":[{"taxonomy":"category","embeddable":true,"href":"https:\/\/poeticas.es\/index.php?rest_route=%2Fwp%2Fv2%2Fcategories&post=1022"},{"taxonomy":"post_tag","embeddable":true,"href":"https:\/\/poeticas.es\/index.php?rest_route=%2Fwp%2Fv2%2Ftags&post=1022"}],"curies":[{"name":"wp","href":"https:\/\/api.w.org\/{rel}","templated":true}]}}