{"id":1028,"date":"2009-02-23T08:48:17","date_gmt":"2009-02-23T08:48:17","guid":{"rendered":"http:\/\/poeticas.es\/?p=1028"},"modified":"2017-09-06T15:46:15","modified_gmt":"2017-09-06T13:46:15","slug":"juan-cunha","status":"publish","type":"post","link":"https:\/\/poeticas.es\/?p=1028","title":{"rendered":"Juan Cunha"},"content":{"rendered":"<p class=\"MsoList\" style=\"text-align: justify;\"><img loading=\"lazy\" decoding=\"async\" class=\"alignnone size-full wp-image-1029\" title=\"C\u00edrculo incompleto, de Lincon Presno \" src=\"https:\/\/poeticas.es\/wp-content\/uploads\/2009\/02\/juancunha.jpg\" alt=\"C\u00edrculo incompleto, de Lincon Presno \" width=\"423\" height=\"336\" srcset=\"https:\/\/poeticas.es\/wp-content\/uploads\/2009\/02\/juancunha.jpg 423w, https:\/\/poeticas.es\/wp-content\/uploads\/2009\/02\/juancunha-300x238.jpg 300w\" sizes=\"auto, (max-width: 423px) 100vw, 423px\" \/><\/p>\n<p class=\"MsoList\" style=\"text-align: justify;\"><em>La obra de Juan Cunha (Uruguay, 1910-1985) abarca audaces experimentos verbales, al mismo tiempo que afortunadas recreaciones de las formas m\u00e1s tradicionales. Su tema central es el de la nostalgia de la ni\u00f1ez perdida, el alejamiento del campo nativo y el encuentro doloroso con la ciudad hostil y dura.<\/em><\/p>\n<p class=\"MsoList\"><strong>TRANSFIGURACI\u00d3N<\/strong><\/p>\n<p class=\"MsoList\">Una rosa bes\u00e9 sobre el abismo<br \/>\ny caer la vi al punto, deshojada,<br \/>\nante la inmensidad muda y dorada<br \/>\ny el infinito que \u00f3yese a s\u00ed mismo.<\/p>\n<p class=\"MsoList\">Mas su llama retuve y su guarismo!<br \/>\nSu perfume levanto hacia la nada.<br \/>\nYa la forma terrestre fue olvidada.<br \/>\nClave, s\u00edmbolo y ley de mi ostracismo.<\/p>\n<p class=\"MsoList\">Hacia selladas soledades huyo!<br \/>\nBajo l\u00facida comba sideral<br \/>\nuna imagen de imagen restituyo\u2026<\/p>\n<p class=\"MsoList\">\u00a1Transfigurada ya la rosa, pura,<br \/>\neleva su secreta arquitectura<br \/>\nexacta, firme ante el silencio astral!<\/p>\n<p class=\"MsoList\" style=\"padding-left: 30px; text-align: justify;\"><em>3 cuadernos de poes\u00eda<\/em>, 1937. Con el t\u00edtulo de \u201cPo\u00e9tica\u201d, y algunas variantes, se incluye en <em>6 sonetos humanos<\/em> (1948) y <em>Hombre entre luz y sombra <\/em>(1955).<\/p>\n","protected":false},"excerpt":{"rendered":"<p>La obra de Juan Cunha (Uruguay, 1910-1985) abarca audaces experimentos verbales, al mismo tiempo que afortunadas recreaciones de las formas m\u00e1s tradicionales. Su tema central es el de la nostalgia de la ni\u00f1ez perdida, el alejamiento del campo nativo y el encuentro doloroso con la ciudad hostil y dura. TRANSFIGURACI\u00d3N Una rosa bes\u00e9 sobre el&#8230; <\/p>\n<div class=\"read-more navbutton\"><a href=\"https:\/\/poeticas.es\/?p=1028\">Leer m\u00e1s<i class=\"fa fa-angle-double-right\"><\/i><\/a><\/div>\n","protected":false},"author":1,"featured_media":0,"comment_status":"closed","ping_status":"closed","sticky":false,"template":"","format":"standard","meta":{"_exactmetrics_skip_tracking":false,"_exactmetrics_sitenote_active":false,"_exactmetrics_sitenote_note":"","_exactmetrics_sitenote_category":0,"footnotes":""},"categories":[1,83],"tags":[31,15],"class_list":["post-1028","post","type-post","status-publish","format-standard","hentry","category-uncategorized","category-literatura-uruguaya","tag-vanguardia","tag-xx"],"_links":{"self":[{"href":"https:\/\/poeticas.es\/index.php?rest_route=\/wp\/v2\/posts\/1028","targetHints":{"allow":["GET"]}}],"collection":[{"href":"https:\/\/poeticas.es\/index.php?rest_route=\/wp\/v2\/posts"}],"about":[{"href":"https:\/\/poeticas.es\/index.php?rest_route=\/wp\/v2\/types\/post"}],"author":[{"embeddable":true,"href":"https:\/\/poeticas.es\/index.php?rest_route=\/wp\/v2\/users\/1"}],"replies":[{"embeddable":true,"href":"https:\/\/poeticas.es\/index.php?rest_route=%2Fwp%2Fv2%2Fcomments&post=1028"}],"version-history":[{"count":3,"href":"https:\/\/poeticas.es\/index.php?rest_route=\/wp\/v2\/posts\/1028\/revisions"}],"predecessor-version":[{"id":5226,"href":"https:\/\/poeticas.es\/index.php?rest_route=\/wp\/v2\/posts\/1028\/revisions\/5226"}],"wp:attachment":[{"href":"https:\/\/poeticas.es\/index.php?rest_route=%2Fwp%2Fv2%2Fmedia&parent=1028"}],"wp:term":[{"taxonomy":"category","embeddable":true,"href":"https:\/\/poeticas.es\/index.php?rest_route=%2Fwp%2Fv2%2Fcategories&post=1028"},{"taxonomy":"post_tag","embeddable":true,"href":"https:\/\/poeticas.es\/index.php?rest_route=%2Fwp%2Fv2%2Ftags&post=1028"}],"curies":[{"name":"wp","href":"https:\/\/api.w.org\/{rel}","templated":true}]}}