{"id":1079,"date":"2009-02-24T19:29:51","date_gmt":"2009-02-24T19:29:51","guid":{"rendered":"http:\/\/poeticas.es\/?p=1079"},"modified":"2017-09-06T15:45:45","modified_gmt":"2017-09-06T13:45:45","slug":"vicente-gaos","status":"publish","type":"post","link":"https:\/\/poeticas.es\/?p=1079","title":{"rendered":"Vicente Gaos"},"content":{"rendered":"<p><img loading=\"lazy\" decoding=\"async\" class=\"alignnone size-full wp-image-1435\" title=\"Sin t\u00edtulo, de Luis Arcas Brauner\" src=\"https:\/\/poeticas.es\/wp-content\/uploads\/2009\/02\/vicentegaos1.jpg\" alt=\"Sin t\u00edtulo, de Luis Arcas Brauner\" width=\"413\" height=\"336\" srcset=\"https:\/\/poeticas.es\/wp-content\/uploads\/2009\/02\/vicentegaos1.jpg 413w, https:\/\/poeticas.es\/wp-content\/uploads\/2009\/02\/vicentegaos1-300x244.jpg 300w\" sizes=\"auto, (max-width: 413px) 100vw, 413px\" \/><\/p>\n<p class=\"MsoList\" style=\"text-align: justify;\">\n<p class=\"MsoList\" style=\"text-align: justify;\"><em>Vicente Gaos (Valencia, 1919-1980), poeta desarraigado y magn\u00edfico sonetista, centr\u00f3 su poes\u00eda en la angustia de vivir, la presencia de la muerte y el di\u00e1logo con Dios. Tambi\u00e9n, en la experiencia amorosa y en la conciencia social.<\/em><\/p>\n<p class=\"MsoList\"><strong>T\u00da ERES T\u00da<\/strong><\/p>\n<h6 class=\"peque\" style=\"padding-left: 120px;\"><em>Pues t\u00fa eres t\u00fa\u2026<\/em><br \/>\n<span style=\"padding-left: 50px;\">J.R.J.<\/span><\/h6>\n<p class=\"MsoList\">No te merezco, no. Yo canto, canto,<br \/>\ny te quiero, te quiero, s\u00ed, te quiero,<br \/>\ny s\u00f3lo por ti vivo y por ti muero,<br \/>\ny s\u00e9 que hasta tu cima me levanto.<\/p>\n<p class=\"MsoList\">Pero no es en tu cima en donde canto,<br \/>\nsino en el valle en que me desespero<br \/>\nde no poder vivir siempre se\u00f1ero,<br \/>\ny callar, callar s\u00f3lo, amarte tanto\u2026<\/p>\n<p class=\"MsoList\">Oh bajo y pobre mundo, limitado<br \/>\npoder de la expresi\u00f3n, oh lengua m\u00eda.<br \/>\nEn cambio tu mirada, qu\u00e9 logrado<\/p>\n<p class=\"MsoList\">silencio y poderosa luz del d\u00eda.<br \/>\nT\u00fa me devuelves m\u00e1s que yo te he dado,<br \/>\npues t\u00fa eres t\u00fa, yo s\u00f3lo mi poes\u00eda.<\/p>\n<p class=\"MsoList\" style=\"padding-left: 30px;\"><em>Arc\u00e1ngel de mi noche<\/em>, 1939-1943.<\/p>\n<p><!--more--><\/p>\n<p class=\"MsoList\"><strong>INEXPRESABLE<\/strong><\/p>\n<h6 class=\"peque\" style=\"padding-left: 120px;\"><em>S\u00f3lo el silencio y Dios cantan sin fin.<\/em><br \/>\n<span style=\"padding-left: 50px;\">ANTONIO MACHADO<\/span><\/h6>\n<p class=\"MsoList\">Ya ni quiero decirte que te quiero,<br \/>\nsilencio del amor, noche entregada.<br \/>\nS\u00ed, t\u00e1cita, inmortal noche estrellada,<br \/>\nmano de Dios y canto verdadero.<\/p>\n<p class=\"MsoList\">A\u00e9reo silencio. Nada espero<br \/>\npoder decirte, porque el hombre nada<br \/>\nsabr\u00e1 expresar, mas queda as\u00ed, expresada,<br \/>\ncon callar, la expresi\u00f3n de lo se\u00f1ero.<\/p>\n<p class=\"MsoList\">\u00a1Voz del amor o voz de Dios! Nadie hable.<br \/>\nOh el infinito c\u00e1ntico del cielo,<br \/>\nsolas palabras de lo indescifrable,<\/p>\n<p class=\"MsoList\">conseguida expresi\u00f3n para mi anhelo<br \/>\nde altitud o pasi\u00f3n, inexpresable<br \/>\narrebato de amor, vertical vuelo.<\/p>\n<p class=\"MsoList\" style=\"padding-left: 30px;\"><em>Arc\u00e1ngel de mi noche<\/em>, 1939-1943.<\/p>\n<p class=\"MsoList\"><strong>SONETO UMBR\u00cdO<\/strong><\/p>\n<p class=\"MsoList\">Te tendr\u00e9 que escribir, soneto umbr\u00edo,<br \/>\ny as\u00ed podr\u00e9is decir: \u00a1Literatura!<br \/>\nNo poes\u00eda social, \u00a1vaya basura!<br \/>\nPura m\u00fasica, s\u00ed, concierto m\u00edo.<\/p>\n<p class=\"MsoList\">Y vuestro \u2013os dir\u00e9\u2013, pues vuestro fr\u00edo<br \/>\nes mi fr\u00edo a la vez; vuestra locura,<br \/>\nla m\u00eda; la gran sombra de la hondura<br \/>\nel abismo com\u00fan, el mal bald\u00edo,<\/p>\n<p class=\"MsoList\">la culpa original, la del manzano,<br \/>\nla de la guerra, el hambre y el orgullo<br \/>\ndel fuerte que no da al d\u00e9bil la mano,<\/p>\n<p class=\"MsoList\">del que se dice: \u201cA cada uno lo suyo.\u201d<br \/>\nDel que me dice que escribir es vano.<br \/>\nPues vano y todo, este soneto es tuyo.<\/p>\n<p class=\"MsoList\" style=\"padding-left: 30px;\"><em>Un mont\u00f3n de sombras<\/em>, 1971; 1974.<\/p>\n","protected":false},"excerpt":{"rendered":"<p>Vicente Gaos (Valencia, 1919-1980), poeta desarraigado y magn\u00edfico sonetista, centr\u00f3 su poes\u00eda en la angustia de vivir, la presencia de la muerte y el di\u00e1logo con Dios. Tambi\u00e9n, en la experiencia amorosa y en la conciencia social. T\u00da ERES T\u00da Pues t\u00fa eres t\u00fa\u2026 J.R.J. No te merezco, no. Yo canto, canto, y te quiero,&#8230; <\/p>\n<div class=\"read-more navbutton\"><a href=\"https:\/\/poeticas.es\/?p=1079\">Leer m\u00e1s<i class=\"fa fa-angle-double-right\"><\/i><\/a><\/div>\n","protected":false},"author":1,"featured_media":0,"comment_status":"closed","ping_status":"closed","sticky":false,"template":"","format":"standard","meta":{"_exactmetrics_skip_tracking":false,"_exactmetrics_sitenote_active":false,"_exactmetrics_sitenote_note":"","_exactmetrics_sitenote_category":0,"footnotes":""},"categories":[1,28],"tags":[15],"class_list":["post-1079","post","type-post","status-publish","format-standard","hentry","category-uncategorized","category-posguerra","tag-xx"],"_links":{"self":[{"href":"https:\/\/poeticas.es\/index.php?rest_route=\/wp\/v2\/posts\/1079","targetHints":{"allow":["GET"]}}],"collection":[{"href":"https:\/\/poeticas.es\/index.php?rest_route=\/wp\/v2\/posts"}],"about":[{"href":"https:\/\/poeticas.es\/index.php?rest_route=\/wp\/v2\/types\/post"}],"author":[{"embeddable":true,"href":"https:\/\/poeticas.es\/index.php?rest_route=\/wp\/v2\/users\/1"}],"replies":[{"embeddable":true,"href":"https:\/\/poeticas.es\/index.php?rest_route=%2Fwp%2Fv2%2Fcomments&post=1079"}],"version-history":[{"count":4,"href":"https:\/\/poeticas.es\/index.php?rest_route=\/wp\/v2\/posts\/1079\/revisions"}],"predecessor-version":[{"id":5218,"href":"https:\/\/poeticas.es\/index.php?rest_route=\/wp\/v2\/posts\/1079\/revisions\/5218"}],"wp:attachment":[{"href":"https:\/\/poeticas.es\/index.php?rest_route=%2Fwp%2Fv2%2Fmedia&parent=1079"}],"wp:term":[{"taxonomy":"category","embeddable":true,"href":"https:\/\/poeticas.es\/index.php?rest_route=%2Fwp%2Fv2%2Fcategories&post=1079"},{"taxonomy":"post_tag","embeddable":true,"href":"https:\/\/poeticas.es\/index.php?rest_route=%2Fwp%2Fv2%2Ftags&post=1079"}],"curies":[{"name":"wp","href":"https:\/\/api.w.org\/{rel}","templated":true}]}}