{"id":1108,"date":"2009-02-25T16:24:31","date_gmt":"2009-02-25T16:24:31","guid":{"rendered":"http:\/\/poeticas.es\/?p=1108"},"modified":"2017-09-06T15:45:45","modified_gmt":"2017-09-06T13:45:45","slug":"concha-mendez","status":"publish","type":"post","link":"https:\/\/poeticas.es\/?p=1108","title":{"rendered":"Concha M\u00e9ndez"},"content":{"rendered":"<p style=\"text-align: justify;\"><img loading=\"lazy\" decoding=\"async\" class=\"alignnone size-full wp-image-1109\" title=\"Almendro, de Benjam\u00edn Palencia\" src=\"https:\/\/poeticas.es\/wp-content\/uploads\/2009\/02\/conchamendez.jpg\" alt=\"Almendro, de Benjam\u00edn Palencia\" width=\"322\" height=\"400\" srcset=\"https:\/\/poeticas.es\/wp-content\/uploads\/2009\/02\/conchamendez.jpg 322w, https:\/\/poeticas.es\/wp-content\/uploads\/2009\/02\/conchamendez-241x300.jpg 241w\" sizes=\"auto, (max-width: 322px) 100vw, 322px\" \/><\/p>\n<p style=\"text-align: justify;\"><em><span lang=\"FR\">En los versos de la madrile\u00f1a Concha M\u00e9ndez (1898-1986) se percibe una clara influencia de la poes\u00eda popular de Alberti, as\u00ed como un sostenido equilibrio entre tradici\u00f3n e innovaci\u00f3n, clasicismo y vanguardia.<\/span><\/em><\/p>\n<p><strong>POES\u00cdA<\/strong><\/p>\n<p>Est\u00e1 en el aire, la siento,<br \/>\ny s\u00e9 que viene a buscarme;<br \/>\nde par en par se abre el alma;<br \/>\ntambi\u00e9n yo me siento aire.<\/p>\n<p>Las dos juntas recorremos<br \/>\ntan fant\u00e1sticos lugares<br \/>\nque yo dir\u00eda que son sue\u00f1os,<br \/>\npara otros inalcanzables\u2026<\/p>\n<p style=\"padding-left: 30px;\"><em>Vida o r\u00edo<\/em>, 1979.<\/p>\n","protected":false},"excerpt":{"rendered":"<p>En los versos de la madrile\u00f1a Concha M\u00e9ndez (1898-1986) se percibe una clara influencia de la poes\u00eda popular de Alberti, as\u00ed como un sostenido equilibrio entre tradici\u00f3n e innovaci\u00f3n, clasicismo y vanguardia. POES\u00cdA Est\u00e1 en el aire, la siento, y s\u00e9 que viene a buscarme; de par en par se abre el alma; tambi\u00e9n yo&#8230; <\/p>\n<div class=\"read-more navbutton\"><a href=\"https:\/\/poeticas.es\/?p=1108\">Leer m\u00e1s<i class=\"fa fa-angle-double-right\"><\/i><\/a><\/div>\n","protected":false},"author":1,"featured_media":0,"comment_status":"closed","ping_status":"closed","sticky":false,"template":"","format":"standard","meta":{"_exactmetrics_skip_tracking":false,"_exactmetrics_sitenote_active":false,"_exactmetrics_sitenote_note":"","_exactmetrics_sitenote_category":0,"footnotes":""},"categories":[1,49],"tags":[62,55,15],"class_list":["post-1108","post","type-post","status-publish","format-standard","hentry","category-uncategorized","category-edad-de-plata","tag-escritoras","tag-generacion-del-27","tag-xx"],"_links":{"self":[{"href":"https:\/\/poeticas.es\/index.php?rest_route=\/wp\/v2\/posts\/1108","targetHints":{"allow":["GET"]}}],"collection":[{"href":"https:\/\/poeticas.es\/index.php?rest_route=\/wp\/v2\/posts"}],"about":[{"href":"https:\/\/poeticas.es\/index.php?rest_route=\/wp\/v2\/types\/post"}],"author":[{"embeddable":true,"href":"https:\/\/poeticas.es\/index.php?rest_route=\/wp\/v2\/users\/1"}],"replies":[{"embeddable":true,"href":"https:\/\/poeticas.es\/index.php?rest_route=%2Fwp%2Fv2%2Fcomments&post=1108"}],"version-history":[{"count":2,"href":"https:\/\/poeticas.es\/index.php?rest_route=\/wp\/v2\/posts\/1108\/revisions"}],"predecessor-version":[{"id":1111,"href":"https:\/\/poeticas.es\/index.php?rest_route=\/wp\/v2\/posts\/1108\/revisions\/1111"}],"wp:attachment":[{"href":"https:\/\/poeticas.es\/index.php?rest_route=%2Fwp%2Fv2%2Fmedia&parent=1108"}],"wp:term":[{"taxonomy":"category","embeddable":true,"href":"https:\/\/poeticas.es\/index.php?rest_route=%2Fwp%2Fv2%2Fcategories&post=1108"},{"taxonomy":"post_tag","embeddable":true,"href":"https:\/\/poeticas.es\/index.php?rest_route=%2Fwp%2Fv2%2Ftags&post=1108"}],"curies":[{"name":"wp","href":"https:\/\/api.w.org\/{rel}","templated":true}]}}