{"id":1131,"date":"2009-02-25T17:10:57","date_gmt":"2009-02-25T17:10:57","guid":{"rendered":"http:\/\/poeticas.es\/?p=1131"},"modified":"2017-09-06T15:45:44","modified_gmt":"2017-09-06T13:45:44","slug":"salvador-novo","status":"publish","type":"post","link":"https:\/\/poeticas.es\/?p=1131","title":{"rendered":"Salvador Novo"},"content":{"rendered":"<p class=\"MsoNormal\" style=\"text-align: justify;\"><img loading=\"lazy\" decoding=\"async\" class=\"alignnone size-full wp-image-1132\" title=\"Autorretrato del artista adolescente, de Emilio Baz Viaud\" src=\"https:\/\/poeticas.es\/wp-content\/uploads\/2009\/02\/salvadornovo.jpg\" alt=\"Autorretrato del artista adolescente, de Emilio Baz Viaud\" width=\"300\" height=\"381\" srcset=\"https:\/\/poeticas.es\/wp-content\/uploads\/2009\/02\/salvadornovo.jpg 300w, https:\/\/poeticas.es\/wp-content\/uploads\/2009\/02\/salvadornovo-236x300.jpg 236w\" sizes=\"auto, (max-width: 300px) 100vw, 300px\" \/><\/p>\n<p class=\"MsoNormal\" style=\"text-align: justify;\"><em>Los elementos que definen el lirismo de Salvador Novo (M\u00e9xico, 1904-1974), destacado miembro del grupo de los <em>Contempor\u00e1neos<\/em>, son la circunstancia, la iron\u00eda y la desolaci\u00f3n.<\/em><\/p>\n<p class=\"MsoList\"><strong>LA RENOVACI\u00d3N IMPOSIBLE<\/strong><\/p>\n<p class=\"MsoList\">Todo, poeta, todo \u2013el libro,<br \/>\nese ata\u00fad\u2013 \u00a1al cesto!<br \/>\ny las palabras, esas<br \/>\ndictadoras.<\/p>\n<p class=\"MsoList\">T\u00fa sabes lo que no consignan<br \/>\nla palabra ni el ata\u00fad.<\/p>\n<p class=\"MsoList\">La luna, la estrella, la flor<br \/>\n\u00a1al cesto! Con dos dedos\u2026<br \/>\n\u00a1El coraz\u00f3n! Hoy todo el mundo<br \/>\nlo tiene\u2026<\/p>\n<p class=\"MsoList\">Y luego el espejo hiperb\u00f3lico<br \/>\ny los ojos, \u00a1todo, poeta!<br \/>\n\u00a1al cesto!<br \/>\n<span style=\"padding-left: 80px;\">Mas \u00bfel cesto\u2026?<\/span><\/p>\n<p class=\"MsoList\" style=\"padding-left: 30px;\"><em>XX poemas<\/em>, 1925.<\/p>\n<p><!--more--><\/p>\n<p class=\"MsoNormal\"><strong>LA POES\u00cdA<\/strong><\/p>\n<p class=\"MsoNormal\">Para escribir poemas,<br \/>\npara ser un poeta de vida apasionada y rom\u00e1ntica<br \/>\ncuyos libros est\u00e1n en las manos de todos<br \/>\ny de quien hacen libros y publican retratos los peri\u00f3dicos,<br \/>\nes necesario decir las cosas que leo,<br \/>\nesas del coraz\u00f3n, de la mujer y del paisaje,<br \/>\ndel amor fracasado y de la vida dolorosa,<br \/>\nen versos perfectamente medidos,<br \/>\nsin asonancias en el mismo verso,<br \/>\ncon met\u00e1foras nuevas y brillantes.<\/p>\n<p class=\"MsoNormal\">La m\u00fasica del verso embriaga<br \/>\ny si uno sabe referir rotundamente su inspiraci\u00f3n<br \/>\narrancar\u00e1 las l\u00e1grimas del auditorio,<br \/>\nle comunicar\u00e1 sus emociones rec\u00f3nditas<br \/>\ny ser\u00e1 coronado en cert\u00e1menes y concursos.<\/p>\n<p class=\"MsoNormal\">Yo puedo hacer versos perfectos,<br \/>\nmedirlos y evitar sus asonancias,<br \/>\npoemas que conmueven a quien los lea<br \/>\ny que les hagan exclamar: \u201c\u00a1Qu\u00e9 ni\u00f1o tan inteligente!\u201d<\/p>\n<p class=\"MsoNormal\">Yo les dir\u00e9 entonces<br \/>\nque los he escrito desde que ten\u00eda once a\u00f1os:<br \/>\nNo he de decirles nunca<br \/>\nque no he hecho sino darles la clase que he aprendido<br \/>\nde todos los poetas.<\/p>\n<p class=\"MsoNormal\">Tendr\u00e9 una habilidad de histri\u00f3n<br \/>\npara hacerles creer que me conmueve lo que a ellos.<\/p>\n<p class=\"MsoNormal\">Pero en mi lecho, solo, dulcemente,<br \/>\nsin recuerdos, sin voz,<br \/>\nsiento que la poes\u00eda no ha salido de m\u00ed.<\/p>\n<p class=\"MsoNormal\" style=\"padding-left: 30px;\"><em>Espejo<\/em>, 1933.<\/p>\n","protected":false},"excerpt":{"rendered":"<p>Los elementos que definen el lirismo de Salvador Novo (M\u00e9xico, 1904-1974), destacado miembro del grupo de los Contempor\u00e1neos, son la circunstancia, la iron\u00eda y la desolaci\u00f3n. LA RENOVACI\u00d3N IMPOSIBLE Todo, poeta, todo \u2013el libro, ese ata\u00fad\u2013 \u00a1al cesto! y las palabras, esas dictadoras. T\u00fa sabes lo que no consignan la palabra ni el ata\u00fad. La&#8230; <\/p>\n<div class=\"read-more navbutton\"><a href=\"https:\/\/poeticas.es\/?p=1131\">Leer m\u00e1s<i class=\"fa fa-angle-double-right\"><\/i><\/a><\/div>\n","protected":false},"author":1,"featured_media":0,"comment_status":"closed","ping_status":"closed","sticky":false,"template":"","format":"standard","meta":{"_exactmetrics_skip_tracking":false,"_exactmetrics_sitenote_active":false,"_exactmetrics_sitenote_note":"","_exactmetrics_sitenote_category":0,"footnotes":""},"categories":[1,30],"tags":[108,15],"class_list":["post-1131","post","type-post","status-publish","format-standard","hentry","category-uncategorized","category-literatura-mexicana","tag-grupo-contemporaneos","tag-xx"],"_links":{"self":[{"href":"https:\/\/poeticas.es\/index.php?rest_route=\/wp\/v2\/posts\/1131","targetHints":{"allow":["GET"]}}],"collection":[{"href":"https:\/\/poeticas.es\/index.php?rest_route=\/wp\/v2\/posts"}],"about":[{"href":"https:\/\/poeticas.es\/index.php?rest_route=\/wp\/v2\/types\/post"}],"author":[{"embeddable":true,"href":"https:\/\/poeticas.es\/index.php?rest_route=\/wp\/v2\/users\/1"}],"replies":[{"embeddable":true,"href":"https:\/\/poeticas.es\/index.php?rest_route=%2Fwp%2Fv2%2Fcomments&post=1131"}],"version-history":[{"count":3,"href":"https:\/\/poeticas.es\/index.php?rest_route=\/wp\/v2\/posts\/1131\/revisions"}],"predecessor-version":[{"id":5212,"href":"https:\/\/poeticas.es\/index.php?rest_route=\/wp\/v2\/posts\/1131\/revisions\/5212"}],"wp:attachment":[{"href":"https:\/\/poeticas.es\/index.php?rest_route=%2Fwp%2Fv2%2Fmedia&parent=1131"}],"wp:term":[{"taxonomy":"category","embeddable":true,"href":"https:\/\/poeticas.es\/index.php?rest_route=%2Fwp%2Fv2%2Fcategories&post=1131"},{"taxonomy":"post_tag","embeddable":true,"href":"https:\/\/poeticas.es\/index.php?rest_route=%2Fwp%2Fv2%2Ftags&post=1131"}],"curies":[{"name":"wp","href":"https:\/\/api.w.org\/{rel}","templated":true}]}}