{"id":1178,"date":"2009-02-28T11:16:16","date_gmt":"2009-02-28T11:16:16","guid":{"rendered":"http:\/\/poeticas.es\/?p=1178"},"modified":"2017-09-06T15:45:44","modified_gmt":"2017-09-06T13:45:44","slug":"ramon-perez-de-ayala","status":"publish","type":"post","link":"https:\/\/poeticas.es\/?p=1178","title":{"rendered":"Ram\u00f3n P\u00e9rez de Ayala"},"content":{"rendered":"<p class=\"MsoList\" style=\"text-align: justify;\"><img loading=\"lazy\" decoding=\"async\" class=\"alignnone size-full wp-image-1179\" title=\"El trabajo intelectual, de Aurelio Arteta\" src=\"https:\/\/poeticas.es\/wp-content\/uploads\/2009\/02\/ramonperezdeayala.jpg\" alt=\"El trabajo intelectual, de Aurelio Arteta\" width=\"448\" height=\"273\" srcset=\"https:\/\/poeticas.es\/wp-content\/uploads\/2009\/02\/ramonperezdeayala.jpg 448w, https:\/\/poeticas.es\/wp-content\/uploads\/2009\/02\/ramonperezdeayala-300x182.jpg 300w\" sizes=\"auto, (max-width: 448px) 100vw, 448px\" \/><\/p>\n<p class=\"MsoList\" style=\"text-align: justify;\"><em>El ovetense Ram\u00f3n P\u00e9rez de Ayala (1880-1962) es uno de los m\u00e1s destacados novelistas del Novecentismo. Su poes\u00eda, de ascendencia modernista, es ideol\u00f3gica y conceptual, pero no desde\u00f1a la emoci\u00f3n humana.<\/em><\/p>\n<p class=\"MsoList\"><strong>OFRENDA<\/strong><\/p>\n<p class=\"MsoList\">En verde boscaje, quim\u00e9rico moro,<br \/>\nque es nido de ensue\u00f1os y fuente de amores:<br \/>\nlas rosas de p\u00farpura y fuego, las flores<br \/>\nsangrientas, deshojo en mi c\u00e1liz de oro.<\/p>\n<p class=\"MsoList\">Mi triste ferminge su canto sonoro<br \/>\nentona, y mis versos ritman ruise\u00f1ores,<br \/>\nque gozan mis dichas, lloran mis dolores<br \/>\ny ensalzan en salmos de amor lo que adoro.<\/p>\n<p class=\"MsoList\">Laureles simb\u00f3licos aroman mi estancia,<br \/>\nel viejo Anacreonte sus vinos escancia,<br \/>\nun s\u00e1tiro ostenta su torso bronc\u00edneo,<\/p>\n<p class=\"MsoList\">sonr\u00ede el dios T\u00e9rmino, la luz es difusa,<br \/>\ny en m\u00e1rmol pant\u00e9lico te erijo all\u00ed \u00a1oh Musa!<br \/>\nel ara en que oficio mi culto apol\u00edneo.<\/p>\n<p class=\"MsoList\" style=\"padding-left: 30px;\">1902.<\/p>\n<p><!--more--><\/p>\n<p class=\"MsoList\"><strong>LA MUSA NUEVA<\/strong><\/p>\n<p class=\"MsoList\">La escena ha sido en Francia.<br \/>\nEl Zeus del Parnaso<br \/>\nen un antiguo vaso<br \/>\nel n\u00e9ctar nuevo escancia.<br \/>\nDil\u00fayese en fragancia<br \/>\nsu risa de payaso<br \/>\ny deja atr\u00e1s de un paso<br \/>\nla ret\u00f3rica rancia.<\/p>\n<p class=\"MsoList\">Como Banville divino,<br \/>\nderrama un nuevo vino<br \/>\nen c\u00e1liz principesco,<br \/>\ny hasta el Olimpo salto<br \/>\nen un muy noble y alto<br \/>\nrimar funambulesco.<\/p>\n<p class=\"MsoList\" style=\"padding-left: 30px;\">1903.<\/p>\n<p class=\"MsoList\"><strong>PARA UN POETA JOVEN<\/strong><\/p>\n<h6 class=\"peque\">(IMPROMPTU)<\/h6>\n<p class=\"MsoList\">El papel sustituye al oro.<br \/>\nHay m\u00e1s producci\u00f3n y m\u00e1s hambre.<br \/>\nLa humana voz, divino tesoro,<br \/>\nes ya un sonido <em>sin alambre<\/em>.<br \/>\nEl arte esc\u00e9nico, el estambre<br \/>\nque tej\u00eda ensue\u00f1os, hoy en d\u00eda<br \/>\nes \u00abcine\u00bb incoloro y sonoro.<br \/>\nTerps\u00edcore ha perdido su decoro.<br \/>\nSinfon\u00eda es algarab\u00eda.<br \/>\n\u00bfQu\u00e9 ser\u00e1 de la Poes\u00eda?<\/p>\n<p class=\"MsoList\">El inmarcesible semita,<br \/>\no le acogotan o acogota.<br \/>\nAl as y al rey falla la sota,<br \/>\ny al sobrio canon de Afrodita<br \/>\nvence la Venus hotentota.<\/p>\n<p class=\"MsoList\">Son hom\u00f3logos mitin y misa.<br \/>\nUn <em>duce<\/em> a Dios piden las ranas.<br \/>\nEl nuevo Estado est\u00e1 en mangas de camisa.<br \/>\nEl <em>jazz<\/em> ahoga a las campanas.<br \/>\nEn lugar de minu\u00e9s y pavanas,<br \/>\nla danza negra de las bananas.<\/p>\n<p class=\"MsoList\">La humanidad parece una estampa<br \/>\nque al propio Goya desconcertar\u00eda.<br \/>\nTodo se lo lleva la trampa.<br \/>\n\u00bfQu\u00e9 ser\u00e1 de la Poes\u00eda?<\/p>\n<p class=\"MsoList\">Y esto no obstante\u2026 Sin embargo\u2026<br \/>\nTodo est\u00e1 recre\u00e1ndose de nuevo.<br \/>\nLa vida es corta, pero el arte es largo.<br \/>\nHay que comenzar desde el huevo.<\/p>\n<p class=\"MsoList\">Si es ca\u00f3tica la situaci\u00f3n,<br \/>\ncomo en el G\u00e9nesis para Jehov\u00e1,<br \/>\ntanto m\u00e1s tentadora es la ocasi\u00f3n<br \/>\nde iluminar el m\u00e1s all\u00e1.<\/p>\n<p class=\"MsoList\">\u00bfHacia d\u00f3nde se halla la meta?<br \/>\nTiene la palabra el Poeta.<\/p>\n<p class=\"MsoList\" style=\"padding-left: 30px;\">1934.<\/p>\n","protected":false},"excerpt":{"rendered":"<p>El ovetense Ram\u00f3n P\u00e9rez de Ayala (1880-1962) es uno de los m\u00e1s destacados novelistas del Novecentismo. Su poes\u00eda, de ascendencia modernista, es ideol\u00f3gica y conceptual, pero no desde\u00f1a la emoci\u00f3n humana. OFRENDA En verde boscaje, quim\u00e9rico moro, que es nido de ensue\u00f1os y fuente de amores: las rosas de p\u00farpura y fuego, las flores sangrientas,&#8230; <\/p>\n<div class=\"read-more navbutton\"><a href=\"https:\/\/poeticas.es\/?p=1178\">Leer m\u00e1s<i class=\"fa fa-angle-double-right\"><\/i><\/a><\/div>\n","protected":false},"author":1,"featured_media":0,"comment_status":"closed","ping_status":"closed","sticky":false,"template":"","format":"standard","meta":{"_exactmetrics_skip_tracking":false,"_exactmetrics_sitenote_active":false,"_exactmetrics_sitenote_note":"","_exactmetrics_sitenote_category":0,"footnotes":""},"categories":[1,49],"tags":[50,15],"class_list":["post-1178","post","type-post","status-publish","format-standard","hentry","category-uncategorized","category-edad-de-plata","tag-generacion-del-14","tag-xx"],"_links":{"self":[{"href":"https:\/\/poeticas.es\/index.php?rest_route=\/wp\/v2\/posts\/1178","targetHints":{"allow":["GET"]}}],"collection":[{"href":"https:\/\/poeticas.es\/index.php?rest_route=\/wp\/v2\/posts"}],"about":[{"href":"https:\/\/poeticas.es\/index.php?rest_route=\/wp\/v2\/types\/post"}],"author":[{"embeddable":true,"href":"https:\/\/poeticas.es\/index.php?rest_route=\/wp\/v2\/users\/1"}],"replies":[{"embeddable":true,"href":"https:\/\/poeticas.es\/index.php?rest_route=%2Fwp%2Fv2%2Fcomments&post=1178"}],"version-history":[{"count":2,"href":"https:\/\/poeticas.es\/index.php?rest_route=\/wp\/v2\/posts\/1178\/revisions"}],"predecessor-version":[{"id":5206,"href":"https:\/\/poeticas.es\/index.php?rest_route=\/wp\/v2\/posts\/1178\/revisions\/5206"}],"wp:attachment":[{"href":"https:\/\/poeticas.es\/index.php?rest_route=%2Fwp%2Fv2%2Fmedia&parent=1178"}],"wp:term":[{"taxonomy":"category","embeddable":true,"href":"https:\/\/poeticas.es\/index.php?rest_route=%2Fwp%2Fv2%2Fcategories&post=1178"},{"taxonomy":"post_tag","embeddable":true,"href":"https:\/\/poeticas.es\/index.php?rest_route=%2Fwp%2Fv2%2Ftags&post=1178"}],"curies":[{"name":"wp","href":"https:\/\/api.w.org\/{rel}","templated":true}]}}