{"id":1187,"date":"2009-02-28T11:35:50","date_gmt":"2009-02-28T11:35:50","guid":{"rendered":"http:\/\/poeticas.es\/?p=1187"},"modified":"2017-09-06T15:45:44","modified_gmt":"2017-09-06T13:45:44","slug":"teresa-calderon","status":"publish","type":"post","link":"https:\/\/poeticas.es\/?p=1187","title":{"rendered":"Teresa Calder\u00f3n"},"content":{"rendered":"<p class=\"MsoNormal\" style=\"text-align: justify;\"><img loading=\"lazy\" decoding=\"async\" class=\"alignnone size-full wp-image-1188\" title=\"Am\u00e9rica no invoco tu nombre en vano, de Gracia Barrios\" src=\"https:\/\/poeticas.es\/wp-content\/uploads\/2009\/02\/teresacalderon.jpg\" alt=\"Am\u00e9rica no invoco tu nombre en vano, de Gracia Barrios\" width=\"448\" height=\"236\" srcset=\"https:\/\/poeticas.es\/wp-content\/uploads\/2009\/02\/teresacalderon.jpg 448w, https:\/\/poeticas.es\/wp-content\/uploads\/2009\/02\/teresacalderon-300x158.jpg 300w\" sizes=\"auto, (max-width: 448px) 100vw, 448px\" \/><\/p>\n<p class=\"MsoNormal\" style=\"text-align: justify;\"><em>Para Teresa Calder\u00f3n (Chile, 1955), la \u201cpoes\u00eda es la historia de un pueblo contada desde dentro\u201d. Continuadora de la antipoes\u00eda de Parra en lo referente a tono y recursos expresivos, su poes\u00eda introduce, sin embargo, un discurso que aboga por la abolici\u00f3n de un mundo separado entre hombres y mujeres, y en este sentido, su cr\u00edtica de lo establecido es m\u00e1s positiva que la de Parra.<\/em><\/p>\n<p class=\"MsoNormal\"><strong>ESCRITURA<\/strong><\/p>\n<p class=\"MsoNormal\">Escribo menos de lo que veo<br \/>\ny veo bastante menos de lo que hay.<br \/>\nSin embargo ser\u00eda suficiente<br \/>\ntomar un haz de palabras<br \/>\ny salir a errar<br \/>\npor la p\u00e1gina en blanco<br \/>\nsin perder de vista<br \/>\nque el mundo es largo<br \/>\npero nunca el \u00fanico.<\/p>\n<p class=\"MsoNormal\" style=\"padding-left: 30px;\"><em>Causas perdidas<\/em>, 1984.<\/p>\n<p><!--more--><\/p>\n<p class=\"MsoNormal\"><strong>POETAS<\/strong><\/p>\n<p class=\"MsoNormal\">\u00bfEl poeta nace o se hace?<br \/>\nDesaf\u00edo de la p\u00e1gina en blanco<br \/>\no de la mente en blanco del poeta<br \/>\nCada poeta como un blanco<br \/>\nde la artiller\u00eda de los otros poetas<br \/>\nEntre poetas no nos vendamos pailas de cobre.<\/p>\n<p class=\"MsoNormal\">Un poeta es un poeta<br \/>\npoeta de tiempo completo peso completo<br \/>\npoeta medio gallo pesado<br \/>\nPoeta virgen que le copia a todos<br \/>\nPendenciero belicoso curag\u00fcilla bac\u00e1n tollero<br \/>\nfullero hombre mujer de la calle la ciudad la academia<br \/>\nPoetas que no est\u00e1n ni ah\u00ed con nadie<br \/>\nporque nadie est\u00e1 ni ah\u00ed con ellos.<\/p>\n<p class=\"MsoNormal\">Un tipo que se las cree todas<br \/>\nque la poes\u00eda es una isla y hay que llegar como sea<br \/>\na aletazo limpio aplica la eutanasia<br \/>\nEn su opini\u00f3n casi todos los poetas son malenas<br \/>\nno tienen nada que decir<br \/>\nEl poeta es un dios cuando sue\u00f1a<br \/>\ny un mendigo cuando piensa<br \/>\nc\u00f3mo liquidarle la reputaci\u00f3n a otro poeta.<\/p>\n<p class=\"MsoNormal\">Algo as\u00ed como que un poeta es un poeta<br \/>\ny dos son multitud.<\/p>\n<p class=\"MsoNormal\">Confieso: Yo antes era un pecador<br \/>\ntambi\u00e9n escrib\u00eda poes\u00eda<br \/>\nPero el Se\u00f1or se apiad\u00f3 de m\u00ed<br \/>\nme ilumin\u00f3 y dej\u00e9 de escribir.<\/p>\n<p class=\"MsoNormal\" style=\"padding-left: 30px;\"><em>El poeta y otras maravillas<\/em>, 2003.<\/p>\n","protected":false},"excerpt":{"rendered":"<p>Para Teresa Calder\u00f3n (Chile, 1955), la \u201cpoes\u00eda es la historia de un pueblo contada desde dentro\u201d. Continuadora de la antipoes\u00eda de Parra en lo referente a tono y recursos expresivos, su poes\u00eda introduce, sin embargo, un discurso que aboga por la abolici\u00f3n de un mundo separado entre hombres y mujeres, y en este sentido, su&#8230; <\/p>\n<div class=\"read-more navbutton\"><a href=\"https:\/\/poeticas.es\/?p=1187\">Leer m\u00e1s<i class=\"fa fa-angle-double-right\"><\/i><\/a><\/div>\n","protected":false},"author":1,"featured_media":0,"comment_status":"closed","ping_status":"closed","sticky":false,"template":"","format":"standard","meta":{"_exactmetrics_skip_tracking":false,"_exactmetrics_sitenote_active":false,"_exactmetrics_sitenote_note":"","_exactmetrics_sitenote_category":0,"footnotes":""},"categories":[1,11],"tags":[12,62,15,36],"class_list":["post-1187","post","type-post","status-publish","format-standard","hentry","category-uncategorized","category-literatura-chilena","tag-antipoesia","tag-escritoras","tag-xx","tag-xxi"],"_links":{"self":[{"href":"https:\/\/poeticas.es\/index.php?rest_route=\/wp\/v2\/posts\/1187","targetHints":{"allow":["GET"]}}],"collection":[{"href":"https:\/\/poeticas.es\/index.php?rest_route=\/wp\/v2\/posts"}],"about":[{"href":"https:\/\/poeticas.es\/index.php?rest_route=\/wp\/v2\/types\/post"}],"author":[{"embeddable":true,"href":"https:\/\/poeticas.es\/index.php?rest_route=\/wp\/v2\/users\/1"}],"replies":[{"embeddable":true,"href":"https:\/\/poeticas.es\/index.php?rest_route=%2Fwp%2Fv2%2Fcomments&post=1187"}],"version-history":[{"count":3,"href":"https:\/\/poeticas.es\/index.php?rest_route=\/wp\/v2\/posts\/1187\/revisions"}],"predecessor-version":[{"id":5203,"href":"https:\/\/poeticas.es\/index.php?rest_route=\/wp\/v2\/posts\/1187\/revisions\/5203"}],"wp:attachment":[{"href":"https:\/\/poeticas.es\/index.php?rest_route=%2Fwp%2Fv2%2Fmedia&parent=1187"}],"wp:term":[{"taxonomy":"category","embeddable":true,"href":"https:\/\/poeticas.es\/index.php?rest_route=%2Fwp%2Fv2%2Fcategories&post=1187"},{"taxonomy":"post_tag","embeddable":true,"href":"https:\/\/poeticas.es\/index.php?rest_route=%2Fwp%2Fv2%2Ftags&post=1187"}],"curies":[{"name":"wp","href":"https:\/\/api.w.org\/{rel}","templated":true}]}}