{"id":1295,"date":"2009-03-03T10:03:08","date_gmt":"2009-03-03T10:03:08","guid":{"rendered":"http:\/\/poeticas.es\/?p=1295"},"modified":"2017-09-06T15:45:43","modified_gmt":"2017-09-06T13:45:43","slug":"leon-felipe","status":"publish","type":"post","link":"https:\/\/poeticas.es\/?p=1295","title":{"rendered":"Le\u00f3n Felipe"},"content":{"rendered":"<p class=\"MsoNormal\" style=\"text-align: justify;\"><img loading=\"lazy\" decoding=\"async\" class=\"alignnone size-full wp-image-1296\" title=\"Cabeza de caballo, de Pablo Picasso\" src=\"https:\/\/poeticas.es\/wp-content\/uploads\/2009\/03\/leonfelipe.jpg\" alt=\"leonfelipe\" width=\"350\" height=\"245\" srcset=\"https:\/\/poeticas.es\/wp-content\/uploads\/2009\/03\/leonfelipe.jpg 350w, https:\/\/poeticas.es\/wp-content\/uploads\/2009\/03\/leonfelipe-300x210.jpg 300w\" sizes=\"auto, (max-width: 350px) 100vw, 350px\" \/><\/p>\n<p class=\"MsoNormal\" style=\"text-align: justify;\"><em>Al margen de la poes\u00eda deshumanizada de su generaci\u00f3n, los versos del zamorano Le\u00f3n Felipe (1884-1968) se caracterizan por su tono prof\u00e9tico y su contenido pol\u00edtico.<\/em><\/p>\n<p class=\"MsoNormal\"><strong>PRECEPTIVA PO\u00c9TICA<\/strong><\/p>\n<p class=\"MsoNormal\">I<\/p>\n<p class=\"MsoNormal\">Poes\u00eda\u2026,<br \/>\ntristeza honda y ambici\u00f3n del alma\u2026<br \/>\n\u00a1cu\u00e1ndo te dar\u00e1s a todos\u2026 a todos,<br \/>\nal pr\u00edncipe y al paria,<br \/>\na todos\u2026<br \/>\nsin ritmo y sin palabras!\u2026<\/p>\n<p class=\"MsoNormal\">II<\/p>\n<p class=\"MsoNormal\">Deshaced ese verso,<br \/>\nquitadle los caireles de la rima,<br \/>\nel metro, la cadencia<br \/>\ny hasta la idea misma\u2026<br \/>\nAventad las palabras\u2026<br \/>\ny si despu\u00e9s queda algo todav\u00eda,<br \/>\neso<br \/>\nser\u00e1 la poes\u00eda.<\/p>\n<p class=\"MsoNormal\">III<\/p>\n<p class=\"MsoNormal\">M\u00e1s bajo, poetas, m\u00e1s bajo\u2026<br \/>\nhablad m\u00e1s bajo<br \/>\nno grit\u00e9is tanto<br \/>\nno llor\u00e9is tan alto<br \/>\nsi para quejaros<br \/>\nacerc\u00e1is la bocina a vuestros labios,<br \/>\nparecer\u00e1 vuestro llanto<br \/>\ncomo el de las pla\u00f1ideras, mercenario.<\/p>\n<p class=\"MsoNormal\">IV<\/p>\n<p class=\"MsoNormal\">Y si el verso<br \/>\npoetas cortesanos<br \/>\nsi el verso como el hombre<br \/>\nno fuese de cristal<br \/>\nsino de barro.<\/p>\n<p class=\"MsoNormal\" style=\"padding-left: 30px;\"><em>Versos y oraciones del caminante<\/em>, 1917.<\/p>\n<p><!--more--><\/p>\n<p class=\"MsoNormal\"><strong>POETA<\/strong><\/p>\n<p class=\"MsoNormal\">Ni de tu coraz\u00f3n,<br \/>\nni de tu pensamiento,<br \/>\nni del horno divino de Vulcano<br \/>\nhan salido tus alas.<br \/>\nEntre todos los hombres las labraron<br \/>\ny entre todos los hombres en los huesos<br \/>\nde tus costillas las hincaron.<br \/>\nLa mano m\u00e1s humilde<br \/>\nte ha clavado<br \/>\nun ensue\u00f1o\u2026<br \/>\nuna pluma de amor en el costado.<\/p>\n<p class=\"MsoNormal\" style=\"padding-left: 30px;\"><em>Versos y oraciones del caminante<\/em>, 1917.<\/p>\n<p class=\"MsoNormal\"><strong>AUSCHWITZ<\/strong><\/p>\n<h6 class=\"MsoNormal\" style=\"padding-left: 90px;\"><em>A todos los jud\u00edos del mundo,<br \/>\nmis amigos, mis hermanos.<\/em><\/h6>\n<p class=\"MsoNormal\">Esos poetas infernales,<br \/>\nDante, Blake, Rimbaud\u2026<br \/>\nque hablen m\u00e1s bajo\u2026<br \/>\nque toquen m\u00e1s bajo\u2026<br \/>\n\u00a1Que se callen!<br \/>\nHoy<br \/>\ncualquier habitante de la tierra<br \/>\nsabe mucho m\u00e1s del infierno<br \/>\nque esos tres poetas juntos.<br \/>\nYa s\u00e9 que Dante toca muy bien el viol\u00edn\u2026<br \/>\n\u00a1Oh, el gran virtuoso!\u2026<br \/>\nPero que no pretenda ahora<br \/>\ncon sus tercetos maravillosos<br \/>\ny sus endecas\u00edlabos perfectos<br \/>\nasustar a ese ni\u00f1o jud\u00edo<br \/>\nque est\u00e1 ah\u00ed, desgajado de sus padres\u2026<br \/>\nY solo.<br \/>\n\u00a1Solo!<br \/>\naguardando su turno<br \/>\nen los hornos crematorios de Auschwitz.<br \/>\nDante\u2026 t\u00fa bajaste a los infiernos<br \/>\ncon Virgilio de la mano<br \/>\n(Virgilio, \u201cgran cicerone\u201d)<br \/>\ny aquello vuestro de la \u201cDivina Comedia\u201d<br \/>\nfue una aventura divertida<br \/>\nde m\u00fasica y turismo.<br \/>\nEsto es otra cosa\u2026 otra cosa\u2026<br \/>\n\u00bfC\u00f3mo te explicar\u00e9?<br \/>\n\u00a1Si no tienes imaginaci\u00f3n!<br \/>\nT\u00fa\u2026 no tienes imaginaci\u00f3n,<br \/>\nacu\u00e9rdate que en tu \u201cInfierno\u201d<br \/>\nno hay un ni\u00f1o siquiera\u2026<br \/>\nY ese que ves ah\u00ed\u2026<br \/>\nest\u00e1 solo.<br \/>\n\u00a1Solo! Sin cicerone\u2026<br \/>\nesperando que se abran las puertas de un infierno<br \/>\nque t\u00fa, \u00a1pobre florentino!,<br \/>\nno pudiste siquiera imaginar.<br \/>\nEsto es otra cosa\u2026 \u00bfc\u00f3mo te dir\u00e9?<br \/>\n\u00a1Mira! \u00c9ste es un lugar donde no se puede tocar el viol\u00edn.<br \/>\nAqu\u00ed se rompen las cuerdas de todos<br \/>\nlos violines del mundo.<br \/>\n\u00bfMe hab\u00e9is entendido, poetas infernales?<br \/>\nVirgilio, Dante, Blake, Rimbaud\u2026<br \/>\n\u00a1Hablad m\u00e1s bajo!<br \/>\n\u00a1Tocad m\u00e1s bajo\u2026! \u00a1Chist\u2026!<br \/>\n\u00a1\u00a1Callaos!!<br \/>\nYo tambi\u00e9n soy un gran violinista\u2026<br \/>\ny he tocado en el infierno muchas veces\u2026<br \/>\nPero ahora, aqu\u00ed\u2026<br \/>\nrompo mi viol\u00edn\u2026 y me callo.<\/p>\n<p class=\"MsoNormal\" style=\"padding-left: 30px;\"><em>\u00a1Oh, este viejo y roto viol\u00edn!<\/em>, 1965<\/p>\n<p class=\"MsoNormal\"><strong>QUE VENGA EL POETA<\/strong><\/p>\n<p class=\"MsoNormal\">Que venga el poeta.<br \/>\nY me trajisteis aqu\u00ed para contar las estrellas,<br \/>\npara ba\u00f1arme en el r\u00edo y para hacer dibujos en la arena.<br \/>\nEste era el contrato.<br \/>\nY ahora me hab\u00e9is puesto a construir cepos y candados,<br \/>\na cargar un fusil y a escribir en la oficina de un juzgado.<br \/>\nMe trajisteis aqu\u00ed para cantar en unas bodas<br \/>\ny me hab\u00e9is puesto a llorar junto a una fosa.<\/p>\n<p class=\"MsoNormal\" style=\"padding-left: 30px;\"><em>El viento y yo<\/em>, en <em>Antolog\u00eda rota<\/em>, 1947.<\/p>\n","protected":false},"excerpt":{"rendered":"<p>Al margen de la poes\u00eda deshumanizada de su generaci\u00f3n, los versos del zamorano Le\u00f3n Felipe (1884-1968) se caracterizan por su tono prof\u00e9tico y su contenido pol\u00edtico. PRECEPTIVA PO\u00c9TICA I Poes\u00eda\u2026, tristeza honda y ambici\u00f3n del alma\u2026 \u00a1cu\u00e1ndo te dar\u00e1s a todos\u2026 a todos, al pr\u00edncipe y al paria, a todos\u2026 sin ritmo y sin palabras!\u2026&#8230; <\/p>\n<div class=\"read-more navbutton\"><a href=\"https:\/\/poeticas.es\/?p=1295\">Leer m\u00e1s<i class=\"fa fa-angle-double-right\"><\/i><\/a><\/div>\n","protected":false},"author":1,"featured_media":0,"comment_status":"closed","ping_status":"closed","sticky":false,"template":"","format":"standard","meta":{"_exactmetrics_skip_tracking":false,"_exactmetrics_sitenote_active":false,"_exactmetrics_sitenote_note":"","_exactmetrics_sitenote_category":0,"footnotes":""},"categories":[1,49],"tags":[50,29,15],"class_list":["post-1295","post","type-post","status-publish","format-standard","hentry","category-uncategorized","category-edad-de-plata","tag-generacion-del-14","tag-poesia-social","tag-xx"],"_links":{"self":[{"href":"https:\/\/poeticas.es\/index.php?rest_route=\/wp\/v2\/posts\/1295","targetHints":{"allow":["GET"]}}],"collection":[{"href":"https:\/\/poeticas.es\/index.php?rest_route=\/wp\/v2\/posts"}],"about":[{"href":"https:\/\/poeticas.es\/index.php?rest_route=\/wp\/v2\/types\/post"}],"author":[{"embeddable":true,"href":"https:\/\/poeticas.es\/index.php?rest_route=\/wp\/v2\/users\/1"}],"replies":[{"embeddable":true,"href":"https:\/\/poeticas.es\/index.php?rest_route=%2Fwp%2Fv2%2Fcomments&post=1295"}],"version-history":[{"count":4,"href":"https:\/\/poeticas.es\/index.php?rest_route=\/wp\/v2\/posts\/1295\/revisions"}],"predecessor-version":[{"id":5191,"href":"https:\/\/poeticas.es\/index.php?rest_route=\/wp\/v2\/posts\/1295\/revisions\/5191"}],"wp:attachment":[{"href":"https:\/\/poeticas.es\/index.php?rest_route=%2Fwp%2Fv2%2Fmedia&parent=1295"}],"wp:term":[{"taxonomy":"category","embeddable":true,"href":"https:\/\/poeticas.es\/index.php?rest_route=%2Fwp%2Fv2%2Fcategories&post=1295"},{"taxonomy":"post_tag","embeddable":true,"href":"https:\/\/poeticas.es\/index.php?rest_route=%2Fwp%2Fv2%2Ftags&post=1295"}],"curies":[{"name":"wp","href":"https:\/\/api.w.org\/{rel}","templated":true}]}}