{"id":1490,"date":"2009-03-11T06:20:30","date_gmt":"2009-03-11T06:20:30","guid":{"rendered":"http:\/\/poeticas.es\/?p=1490"},"modified":"2024-01-20T10:05:47","modified_gmt":"2024-01-20T08:05:47","slug":"juan-gustavo-cobo-borda","status":"publish","type":"post","link":"https:\/\/poeticas.es\/?p=1490","title":{"rendered":"Juan Gustavo Cobo Borda"},"content":{"rendered":"<p style=\"text-align: justify;\"><img loading=\"lazy\" decoding=\"async\" class=\"alignnone size-full wp-image-6137\" src=\"https:\/\/poeticas.es\/wp-content\/uploads\/2009\/03\/Cobo-Borda.png\" alt=\"\" width=\"656\" height=\"209\" srcset=\"https:\/\/poeticas.es\/wp-content\/uploads\/2009\/03\/Cobo-Borda.png 656w, https:\/\/poeticas.es\/wp-content\/uploads\/2009\/03\/Cobo-Borda-300x96.png 300w\" sizes=\"auto, (max-width: 656px) 100vw, 656px\" \/><\/p>\n<p style=\"text-align: justify;\"><em>Juan Gustavo Cobo Borda (Bogot\u00e1, 1948-2022), una de las voces m\u00e1s singulares de la l\u00edrica colombiana de la segunda mitad del siglo XX, concibe la poes\u00eda como exaltaci\u00f3n y cr\u00edtica. Testigo inc\u00f3modo de su tiempo, sintetiza en su poes\u00eda su desencanto hacia el mundo.<\/em><\/p>\n<p><strong>PO\u00c9TICA<\/strong><\/p>\n<p>\u00bfC\u00f3mo escribir ahora poes\u00eda,<br \/>\npor qu\u00e9 no callarnos definitivamente<br \/>\ny dedicarnos a cosas mucho m\u00e1s \u00fatiles?<br \/>\n\u00bfPara qu\u00e9 aumentar las dudas,<br \/>\nrevivir antiguos conflictos,<br \/>\nimprevistas ternuras:<br \/>\nese poco de ruido<br \/>\na\u00f1adido a un mundo<br \/>\nque lo sobrepasa y anula?<br \/>\n\u00bfSe aclara algo con semejante ovillo?<br \/>\nNadie la necesita.<br \/>\nResiduo de viejas glorias,<br \/>\n\u00bfa qui\u00e9n acompa\u00f1a, qu\u00e9 herida cura?<\/p>\n<p style=\"padding-left: 30px;\"><em>Consejos para sobrevivir<\/em>, 1974.<\/p>\n<p><!--more--><strong>RET\u00d3RICA<\/strong><\/p>\n<p>Que tus errores no sean frutos del azar o del prejuicio<br \/>\nsino que t\u00fa los elijas<br \/>\ncomo quien elige su remordimiento<br \/>\ny el consiguiente castigo.<br \/>\nY que conozcas, por fin,<br \/>\ntu \u00edntima flaqueza y una abyecci\u00f3n distinta.<br \/>\nIn\u00fatiles tus disculpas ante eso que aflora:<br \/>\nla cursiler\u00eda, tan mal gusto.<br \/>\nY que ojal\u00e1 la libertad, arduamente conseguida,<br \/>\nte devore y te anule<br \/>\nconcedi\u00e9ndote la dicha inadjetivable<br \/>\nde ser t\u00fa mismo<br \/>\no sea nadie, nada;<br \/>\napenas algo que se repite, y se repite.<\/p>\n<p style=\"padding-left: 30px;\"><em>Todos los poetas son santos e ir\u00e1n al cielo<\/em>, 1983.<\/p>\n<p><strong>APOLO Y DAFNE<\/strong><\/p>\n<p>Me he acostumbrado a amar la sorpresa.<br \/>\nEl hilo de una mirada estableciendo un puente silencioso<br \/>\nen medio de la algarab\u00eda de la gente.<br \/>\nAs\u00ed la vida deja atr\u00e1s el rencor indefenso<br \/>\ny su desamparo hiriente<br \/>\nentreg\u00e1ndonos humor y cari\u00f1o como prendas.<br \/>\n\u00bfPero c\u00f3mo mantener esa dicha y lograr que subsista,<br \/>\nsi s\u00f3lo eres fiel a las palabras<br \/>\ny el voluble car\u00e1cter no logra llevar a su t\u00e9rmino<br \/>\nlos deberes aceptados?<br \/>\nNinguna responsabilidad, salvo el canto.<br \/>\nToda la responsabilidad, porque canto.<br \/>\nPido el mismo rigor del cual reniego<br \/>\npero tambi\u00e9n es cierto<br \/>\nque el exceso de milagros se torna f\u00e1cil<br \/>\ny al final s\u00f3lo nos concede una fiesta atolondrada.<br \/>\nT\u00fa eres hoy el misterio sin orillas<br \/>\ny la metamorfosis que te arrastra<br \/>\nen su torbellino de hechos.<br \/>\n\u00bfPero c\u00f3mo decirlo<br \/>\nsi ensuci\u00e9 mi pensamiento con deseos d\u00e9biles<br \/>\ny la prisa me ved\u00f3 el intenso resplandor de lo que es obvio?<br \/>\n\u00bfSi fui descuidado y falaz<br \/>\nrecobrando con trampas<br \/>\nlo que la frivolidad hab\u00eda degradado?<br \/>\nQuer\u00eda hablar apenas del b\u00e1lsamo que alivia todo miedo<br \/>\ny del terror que solloza como un animal inerme<br \/>\na las tres de la ma\u00f1ana. Es tan fr\u00e1gil todo lo nuestro<br \/>\ny tan complicadas las cuerdas que nos sostienen<br \/>\nque debo controlar en cada l\u00ednea matiz y peso.<br \/>\nS\u00f3lo as\u00ed conservar\u00e9 la inocencia.<br \/>\nAl volverse mec\u00e1nica la rutina ennoblece.<br \/>\nPor ello quer\u00eda traer aqu\u00ed tu mano<br \/>\nque marca en la mejilla su piedad inteligente.<br \/>\nGracias a ella la compulsi\u00f3n se esfuma<br \/>\ny vuelve a correr el tiempo.<br \/>\nEscribir es rezar de modo diferente.<br \/>\nLas \u00fanicas noticias que valen la pena est\u00e1n en los poemas.<br \/>\nTodos los poetas son santos e ir\u00e1n al cielo.<\/p>\n<p style=\"padding-left: 30px;\"><em>Todos los poetas son santos e ir\u00e1n al cielo<\/em>, 1983.<\/p>\n","protected":false},"excerpt":{"rendered":"<p>Juan Gustavo Cobo Borda (Bogot\u00e1, 1948-2022), una de las voces m\u00e1s singulares de la l\u00edrica colombiana de la segunda mitad del siglo XX, concibe la poes\u00eda como exaltaci\u00f3n y cr\u00edtica. Testigo inc\u00f3modo de su tiempo, sintetiza en su poes\u00eda su desencanto hacia el mundo. PO\u00c9TICA \u00bfC\u00f3mo escribir ahora poes\u00eda, por qu\u00e9 no callarnos definitivamente y&#8230; <\/p>\n<div class=\"read-more navbutton\"><a href=\"https:\/\/poeticas.es\/?p=1490\">Leer m\u00e1s<i class=\"fa fa-angle-double-right\"><\/i><\/a><\/div>\n","protected":false},"author":1,"featured_media":0,"comment_status":"closed","ping_status":"closed","sticky":false,"template":"","format":"standard","meta":{"_exactmetrics_skip_tracking":false,"_exactmetrics_sitenote_active":false,"_exactmetrics_sitenote_note":"","_exactmetrics_sitenote_category":0,"footnotes":""},"categories":[1,74],"tags":[15,36],"class_list":["post-1490","post","type-post","status-publish","format-standard","hentry","category-uncategorized","category-literatura-colombiana","tag-xx","tag-xxi"],"_links":{"self":[{"href":"https:\/\/poeticas.es\/index.php?rest_route=\/wp\/v2\/posts\/1490","targetHints":{"allow":["GET"]}}],"collection":[{"href":"https:\/\/poeticas.es\/index.php?rest_route=\/wp\/v2\/posts"}],"about":[{"href":"https:\/\/poeticas.es\/index.php?rest_route=\/wp\/v2\/types\/post"}],"author":[{"embeddable":true,"href":"https:\/\/poeticas.es\/index.php?rest_route=\/wp\/v2\/users\/1"}],"replies":[{"embeddable":true,"href":"https:\/\/poeticas.es\/index.php?rest_route=%2Fwp%2Fv2%2Fcomments&post=1490"}],"version-history":[{"count":7,"href":"https:\/\/poeticas.es\/index.php?rest_route=\/wp\/v2\/posts\/1490\/revisions"}],"predecessor-version":[{"id":6138,"href":"https:\/\/poeticas.es\/index.php?rest_route=\/wp\/v2\/posts\/1490\/revisions\/6138"}],"wp:attachment":[{"href":"https:\/\/poeticas.es\/index.php?rest_route=%2Fwp%2Fv2%2Fmedia&parent=1490"}],"wp:term":[{"taxonomy":"category","embeddable":true,"href":"https:\/\/poeticas.es\/index.php?rest_route=%2Fwp%2Fv2%2Fcategories&post=1490"},{"taxonomy":"post_tag","embeddable":true,"href":"https:\/\/poeticas.es\/index.php?rest_route=%2Fwp%2Fv2%2Ftags&post=1490"}],"curies":[{"name":"wp","href":"https:\/\/api.w.org\/{rel}","templated":true}]}}