{"id":150,"date":"2009-01-30T16:10:42","date_gmt":"2009-01-30T16:10:42","guid":{"rendered":"http:\/\/poeticas.es\/?p=150"},"modified":"2023-01-24T20:45:32","modified_gmt":"2023-01-24T18:45:32","slug":"juan-ramon-jimenez","status":"publish","type":"post","link":"https:\/\/poeticas.es\/?p=150","title":{"rendered":"Juan Ram\u00f3n Jim\u00e9nez"},"content":{"rendered":"<p><img loading=\"lazy\" decoding=\"async\" class=\"alignnone size-full wp-image-5975\" src=\"https:\/\/poeticas.es\/wp-content\/uploads\/2009\/01\/jrj.jpg\" alt=\"\" width=\"646\" height=\"206\" srcset=\"https:\/\/poeticas.es\/wp-content\/uploads\/2009\/01\/jrj.jpg 646w, https:\/\/poeticas.es\/wp-content\/uploads\/2009\/01\/jrj-300x96.jpg 300w\" sizes=\"auto, (max-width: 646px) 100vw, 646px\" \/><\/p>\n<p class=\"MsoNormal\" style=\"text-align: justify;\"><em>La <a href=\"http:\/\/www.cervantesvirtual.com\/bib_autor\/juanramonjimenez\/\">poes\u00eda<\/a> del onubense <a href=\"http:\/\/www.fundacion-jrj.es\/\" target=\"_blank\" rel=\"noopener noreferrer\">Juan Ram\u00f3n Jim\u00e9nez<\/a> (1881-1958) se caracteriza por el goce exaltado de lo bello, la b\u00fasqueda de un conocimiento profundo de la realidad a trav\u00e9s de la poes\u00eda y el ansia de eternidad. Tambi\u00e9n, por su hermetismo (es famosa su dedicatoria \u201ca la inmensa minor\u00eda\u201d) y su constante b\u00fasqueda de nuevas formas.<\/em><\/p>\n<p class=\"MsoNormal\"><strong>BALADA TRISTE DEL P\u00c1JARO DE AGUA<\/strong><\/p>\n<p class=\"MsoNormal\">P\u00e1jaro de agua,<br \/>\n\u00bfqu\u00e9 cantas, qu\u00e9 cantas?<\/p>\n<p class=\"MsoNormal\">Desde los rosales<br \/>\nde mi jard\u00edn, llama<br \/>\na esas nubes grises<br \/>\ncargadas de l\u00e1grimas\u2026;<br \/>\nquisiera, en las rosas<br \/>\nver gotas de plata.<\/p>\n<p class=\"MsoNormal\">\u00a1P\u00e1jaro de agua!<\/p>\n<p class=\"MsoNormal\">A la tarde rosa<br \/>\ndas una esperanza<br \/>\nde m\u00fasica gris,<br \/>\nde niebla dorada;<br \/>\nel sol est\u00e1 triste<br \/>\nsobre tu sonata.<\/p>\n<p class=\"MsoNormal\">\u00a1P\u00e1jaro de agua!<\/p>\n<p class=\"MsoNormal\">Mi canto, tambi\u00e9n<br \/>\nes canto de l\u00e1grimas\u2026<br \/>\nEn mi primavera,<br \/>\nla nube gris baja<br \/>\nhasta los rosales<br \/>\nde mis esperanzas.<\/p>\n<p class=\"MsoNormal\">\u00a1P\u00e1jaro de agua!<\/p>\n<p class=\"MsoNormal\">Amo el canto errante<br \/>\ny gris, que desgranas<br \/>\nen las hojas verdes,<br \/>\nen la fuente clara\u2026<br \/>\n\u00a1No te vayas nunca,<br \/>\ncoraz\u00f3n con alas!<\/p>\n<p class=\"MsoNormal\">P\u00e1jaro de agua,<br \/>\n\u00bfqu\u00e9 cantas, qu\u00e9 cantas?<\/p>\n<p class=\"MsoNormal\" style=\"padding-left: 30px;\"><em>Baladas de primavera<\/em>, 1907.<\/p>\n<p><!--more--><br \/>\n<strong>LA ESPIGA<\/strong><\/p>\n<p>Granado el oro, est\u00e1 la espiga, al d\u00eda claro,<br \/>\nencendiendo en la luz su apretado tesoro;<br \/>\npero se pone triste, y, en un orgullo avaro,<br \/>\nderrama por la tierra, descontenta, su oro.<\/p>\n<p>De nuevo se abre el grano rico en la sombra amiga<br \/>\n\u2014cuna y tumba, almo trueque\u2014 de la tierra mojada,<br \/>\npara surjir de nuevo, en otra bella espiga<br \/>\nm\u00e1s redonda, m\u00e1s firme, m\u00e1s alta y m\u00e1s dorada.<\/p>\n<p>Y\u2026 \u00a1otra vez a la tierra! \u00a1Anhelo inestinguible,<br \/>\nante la norma \u00fanica de la espiga perfecta,<br \/>\nde una suprema forma, que eleve a lo imposible<br \/>\nel alma, \u00a1oh poes\u00eda!, infinita, \u00e1urea, recta!<\/p>\n<p class=\"MsoNormal\" style=\"padding-left: 30px;\"><em>Poemas agrestes<\/em>, 1910-1911.<\/p>\n<p><strong>A UN POETA<\/strong><\/p>\n<h6>PARA UN LIBRO NO ESCRITO<\/h6>\n<p>Creemos los nombres.<\/p>\n<p>Derivar\u00e1n los hombres.<br \/>\nLuego, derivar\u00e1n las cosas.<br \/>\nY s\u00f3lo quedar\u00e1 el mundo de los nombres,<br \/>\nletra del amor de los hombres,<br \/>\ndel olor de las rosas.<\/p>\n<p>Del amor y las rosas,<br \/>\nno ha de quedar sino los nombres.<br \/>\n\u00a1Creemos los nombres!<\/p>\n<p class=\"MsoNormal\" style=\"padding-left: 30px;\"><em>Poemas impersonales<\/em>, 1911.<\/p>\n<p class=\"MsoNormal\"><strong>INTELIJENCIA, DAME\u2026<\/strong><\/p>\n<p class=\"MsoNormal\">Intelijencia, dame<br \/>\nel nombre esacto de las cosas!<\/p>\n<p class=\"MsoNormal\">Que mi palabra sea<br \/>\nla cosa misma,<br \/>\ncreada por mi alma nuevamente.<br \/>\nQue por m\u00ed vayan todos<br \/>\nlos que no las conocen, a las cosas;<br \/>\nque por m\u00ed vayan todos<br \/>\nlos que ya las olvidan a las cosas;<br \/>\nque por m\u00ed vayan todos<br \/>\nlos mismos que las aman, a las cosas\u2026<br \/>\n\u00a1Intelijencia, dame<br \/>\nel nombre esacto, y tuyo,<br \/>\ny suyo, y m\u00edo, de las cosas!<\/p>\n<p class=\"MsoNormal\" style=\"padding-left: 30px;\"><em>Eternidades<\/em>, 1918.<\/p>\n<p><strong>POES\u00cdA<\/strong><\/p>\n<p>Vino primero pura,<br \/>\nvestida de inocencia;<br \/>\ny la am\u00e9 como un ni\u00f1o.<\/p>\n<p>Luego se fue vistiendo<br \/>\nde no s\u00e9 qu\u00e9 ropajes;<br \/>\ny la fui odiando, sin saberlo.<\/p>\n<p>Lleg\u00f3 a ser una reina,<br \/>\nfastuosa de tesoros\u2026<br \/>\n\u00a1Qu\u00e9 iracundia de yel y sin sentido!<\/p>\n<p>\u2026Mas se fue desnudando.<br \/>\nY yo le sonre\u00eda.<\/p>\n<p>Se qued\u00f3 con la t\u00fanica<br \/>\nde su inocencia antigua.<br \/>\nCre\u00ed de nuevo en ella.<\/p>\n<p>Y se quit\u00f3 la t\u00fanica,<br \/>\ny apareci\u00f3 desnuda toda\u2026<br \/>\n\u00a1Oh pasi\u00f3n de mi vida, poes\u00eda<br \/>\ndesnuda, m\u00eda para siempre!<\/p>\n<p style=\"padding-left: 40px;\"><em>Eternidades<\/em>, 1918.<\/p>\n<p class=\"MsoNormal\"><strong>\u00a1PALABRA M\u00cdA ETERNA!&#8230;<\/strong><\/p>\n<p class=\"MsoNormal\">\u00a1Palabra m\u00eda eterna!<br \/>\n\u00a1Oh, qu\u00e9 vivir supremo<br \/>\n\u2013ya en la nada la lengua de mi boca\u2013,<br \/>\noh, qu\u00e9 vivir divino<br \/>\nde flor sin tallo y sin ra\u00edz,<br \/>\nnutrida, por la luz, con mi memoria,<br \/>\nsola y fresca en el aire de la vida!<\/p>\n<p class=\"MsoNormal\" style=\"padding-left: 30px;\"><em>Eternidades<\/em>, 1918.<\/p>\n<p class=\"MsoNormal\"><strong>EL POEMA<\/strong><\/p>\n<p>1<\/p>\n<p class=\"MsoNormal\">\u00a1No le toques ya m\u00e1s,<br \/>\nque as\u00ed es la rosa!<\/p>\n<p>2<\/p>\n<p>Arranco de ra\u00edz la mata,<br \/>\nllena a\u00fan del roc\u00edo de la aurora.<\/p>\n<p>\u00a1Oh, qu\u00e9 riego de tierra<br \/>\nolorosa y mojada,<br \/>\nqu\u00e9 lluvia \u2013\u00a1qu\u00e9 ceguera!\u2013 de luceros<br \/>\nen mi frente, en mis ojos!<\/p>\n<p><em>y<\/em> 3<\/p>\n<p>\u00a1Canci\u00f3n m\u00eda,<br \/>\ncanta, antes de cantar;<br \/>\nda a quien te mire antes de leerte,<br \/>\ntu emoci\u00f3n y tu gracia;<br \/>\nem\u00e1nate de ti, fresca y fragante!<\/p>\n<p class=\"MsoNormal\" style=\"padding-left: 30px;\"><em>Piedra y cielo<\/em>, 1919.<\/p>\n<p class=\"MsoNormal\"><strong>\u00a1QUISIERA QUE MI LIBRO\u2026!<\/strong><\/p>\n<p class=\"MsoNormal\">\u00a1Quisiera que mi libro<br \/>\nfuese como es el cielo por la noche,<br \/>\ntodo verdad presente, sin historia!<\/p>\n<p>Que, como \u00e9l, se diera en cada istante,<br \/>\ntodo, con todas sus estrellas; sin<br \/>\nque ni\u00f1ez, juventud, vejez quitaran<br \/>\nni pusieran encanto a su hermosura inmensa.<\/p>\n<p>\u00a1Temblor, relumbre, m\u00fasica<br \/>\npresentes y totales!<br \/>\n\u00a1Temblor, relumbre, m\u00fasica en la frente<br \/>\n\u2013cielo del coraz\u00f3n\u2013 del libro puro!<\/p>\n<p class=\"MsoNormal\" style=\"padding-left: 30px;\"><em>Piedra y cielo<\/em>, 1919.<\/p>\n<p class=\"MsoNormal\"><strong>\u00a1NO EST\u00c1S EN TI, BELLEZA INN\u00daMERA\u2026!<\/strong><\/p>\n<p class=\"MsoNormal\">\u00a1No est\u00e1s en ti, belleza inn\u00famera,<br \/>\nque con tu fin me tientas, infinita,<br \/>\na un sinf\u00edn de deleites!<\/p>\n<p class=\"MsoNormal\">\u00a1Est\u00e1s en m\u00ed, que te penetro<br \/>\nhasta el fondo, anhelando, cada istante,<br \/>\ntraspasar los nadires m\u00e1s ocultos!<\/p>\n<p class=\"MsoNormal\">\u00a1Est\u00e1s en m\u00ed, que tengo<br \/>\nen mi pecho la aurora<br \/>\ny en mi espalda el poniente<br \/>\n\u2013quem\u00e1ndome, trasparent\u00e1ndome<br \/>\nen una sola llama\u2013; est\u00e1s en m\u00ed, que te entro<br \/>\nen tu cuerpo mi alma<br \/>\ninsaciable y eterna!<\/p>\n<p class=\"MsoNormal\" style=\"padding-left: 30px;\"><em>Piedra y cielo<\/em>, 1919.<\/p>\n<p class=\"MsoNormal\"><strong>MARIPOSA DE LUZ&#8230;<\/strong><\/p>\n<p>Mariposa de luz,<br \/>\nla belleza se va cuando llego<br \/>\na su rosa.<\/p>\n<p>Corro, ciego, tras ella&#8230;<br \/>\nLa medio cojo aqu\u00ed y all\u00e1&#8230;<\/p>\n<p>\u00a1Solo queda en mi mano<br \/>\nla forma de su huida!<\/p>\n<p class=\"MsoNormal\" style=\"padding-left: 30px;\"><em>Piedra y cielo<\/em>, 1919.<\/p>\n<p><strong>\u00a1POES\u00cdA; ROC\u00cdO&#8230;!<\/strong><\/p>\n<p>\u00a1Poes\u00eda; roc\u00edo<br \/>\nde cada aurora, hijo<br \/>\nde cada noche; fresca, pura<br \/>\nverdad de las estrellas \u00faltimas,<br \/>\nsobre la verdad tierna<br \/>\nde las primeras flores!<\/p>\n<p>\u00a1Roc\u00edo, poes\u00eda;<br \/>\nca\u00edda matinal del cielo al mundo!<\/p>\n<p style=\"padding-left: 30px;\"><em>Poes\u00eda<\/em>, 1923.<\/p>\n<p class=\"MsoNormal\"><strong>VOZ M\u00cdA<\/strong><\/p>\n<p>\u00a1Voz m\u00eda, canta, canta;<br \/>\nque mientras haya algo<br \/>\nque no hayas dicho t\u00fa,<br \/>\nt\u00fa nada has dicho!<\/p>\n<p class=\"MsoNormal\" style=\"padding-left: 30px;\"><em>Poes\u00eda<\/em>, 1923.<\/p>\n<p class=\"MsoNormal\"><strong>AL LADO DE MI CUERPO MUERTO&#8230;<\/strong><\/p>\n<p>Al lado de mi cuerpo muerto,<br \/>\nmi obra viva.<br \/>\n<span style=\"padding-left: 90px;\">\u00a1El d\u00eda<\/span><br \/>\nde mi vida completa<br \/>\nen la nada y el todo<br \/>\n\u2013la flor cerrada con la abierta flor\u2013;<br \/>\nel d\u00eda del contento de alejarse,<br \/>\npor el contento de quedarse<br \/>\n\u2013de quedarse por alejarse\u2013; el d\u00eda<br \/>\ndel dormirse gustoso, sabi\u00e9ndolo, por siempre,<br \/>\ninefable dormirse maternal<br \/>\nde la c\u00e1scara vana y del capullo seco,<br \/>\nal lado del eterno fruto<br \/>\ny la infinita mariposa!<\/p>\n<p class=\"MsoNormal\" style=\"padding-left: 30px;\"><em>Poes\u00eda<\/em>, 1923.<\/p>\n<p class=\"MsoNormal\"><strong>MAR, OBRA, AIRE<\/strong><\/p>\n<p class=\"MsoNormal\">\u00a1Obra, ola leve e infinita,<br \/>\nconciencia dividida \u2013y una\u2013<br \/>\nde todos los momentos de mi ser!<\/p>\n<p class=\"MsoNormal\">\u00a1Firme delicadeza<br \/>\nde istantes permanentes,<br \/>\nque habr\u00e1s de resistir con tu cristal humano<br \/>\n\u2013partido e integral como el diamante\u2013,<br \/>\nel traqueteo y el silbido,<br \/>\nla vociferaci\u00f3n y el golpetazo,<br \/>\nel eco y el empuje<br \/>\ndel mundo este de los feos hombres!<\/p>\n<p class=\"MsoNormal\">\u00a1Nada derrumbar\u00e1 ni aplastar\u00e1<br \/>\ntus jigantescas rosas diminutas,<br \/>\np\u00e1jaro prodijioso;<br \/>\ncorazonazo continente<br \/>\nde corazones incontables<br \/>\n\u2013uno por cada hecho de mi vida\u2013;<br \/>\nnada te quebrar\u00e1 las suaves alas<br \/>\ncon las que subes, recta y r\u00e1pida, al cenit,<br \/>\ningr\u00e1vida en tu inmensa pesantez,<br \/>\nm\u00e1s grande en cada ojo, en cada grito tuyo<br \/>\nque todo el universo!<\/p>\n<p class=\"MsoNormal\" style=\"padding-left: 30px;\"><em>Belleza<\/em>, 1923.<\/p>\n<p class=\"MsoNormal\"><strong>\u00bfD\u00d3NDE EST\u00c1 LA PALABRA, CORAZ\u00d3N\u2026?<\/strong><\/p>\n<p class=\"MsoNormal\">\u00bfD\u00f3nde est\u00e1 la palabra, coraz\u00f3n,<br \/>\nque embellezca de amor al mundo feo;<br \/>\nque le d\u00e9 para siempre \u2013y solo ya\u2013<br \/>\nfortaleza de ni\u00f1o<br \/>\ny defensa de rosa?<\/p>\n<p class=\"MsoNormal\" style=\"padding-left: 30px;\"><em>Belleza<\/em>, 1923.<\/p>\n<p class=\"MsoNormal\"><strong>LA OBRA<\/strong><\/p>\n<p class=\"MsoNormal\">D\u00eda tras d\u00eda, mi ala<br \/>\n\u2013\u00a1cavadora, minadora!<br \/>\n\u00a1qu\u00e9 duro azad\u00f3n de luz!\u2013<br \/>\nme entierra en el papel blanco&#8230;<\/p>\n<p class=\"MsoNormal\">\u2013\u00a1Ascensi\u00f3n m\u00eda, parada<br \/>\nen futuros del ocaso!\u2013<\/p>\n<p class=\"MsoNormal\">&#8230;\u00a1De \u00e9l, ascua pura inmortal,<br \/>\nquemando el sol de carb\u00f3n,<br \/>\nvolar\u00e9 refigurado!<\/p>\n<p class=\"MsoNormal\" style=\"padding-left: 30px;\"><em>Belleza<\/em>, 1923.<\/p>\n<p class=\"MsoNormal\"><strong>EL NOMBRE CONSEGUIDO DE LOS NOMBRES<\/strong><\/p>\n<p class=\"MsoNormal\">Si yo, por ti, he creado un mundo para ti,<br \/>\ndios, t\u00fa ten\u00edas seguro que venir a \u00e9l,<br \/>\ny t\u00fa has venido a \u00e9l, a m\u00ed seguro,<br \/>\nporque mi mundo todo era mi esperanza.<\/p>\n<p class=\"MsoNormal\">Yo he acumulado mi esperanza<br \/>\nen lengua, en nombre hablado, en nombre escrito;<br \/>\na todo yo le hab\u00eda puesto nombre<br \/>\ny t\u00fa has tomado el puesto<br \/>\nde toda esta nombrad\u00eda.<\/p>\n<p class=\"MsoNormal\">Ahora puedo yo detener ya mi movimiento,<br \/>\ncomo la llama se detiene en ascua roja<br \/>\ncon resplandor de aire inflamado azul,<br \/>\nen el ascua de mi perpetuo estar y ser;<br \/>\nahora yo soy ya mi mar paralizado,<br \/>\nel mar que yo dec\u00eda, mas no duro,<br \/>\nparalizado en olas de conciencia en luz<br \/>\ny vivas hacia arriba todas, hacia arriba.<\/p>\n<p class=\"MsoNormal\">Todos los nombres que yo puse<br \/>\nal universo que por ti me recreaba yo,<br \/>\nse me est\u00e1n convirtiendo en uno y en un<br \/>\ndios.<\/p>\n<p class=\"MsoNormal\">El dios que es siempre al fin,<br \/>\nel dios creado y recreado y recreado<br \/>\npor gracia y sin esfuerzo.<br \/>\nEl Dios. El nombre conseguido de los nombres.<\/p>\n<p class=\"MsoNormal\" style=\"padding-left: 30px;\"><em>Animal de fondo<\/em>, 1949.<\/p>\n<p class=\"MsoNormal\"><strong>LA POES\u00cdA<\/strong><\/p>\n<p class=\"MsoNormal\" style=\"text-align: justify;\">1<\/p>\n<p class=\"MsoBodyText\" style=\"text-align: justify;\">La poes\u00eda no es sucesiva, como la ciencia. Un poeta no contin\u00faa a otro poeta, sino que recrea, revive, a\u00edsla y cierra en s\u00ed mismo \u00abtoda\u00bb la poes\u00eda.<\/p>\n<p class=\"MsoBodyText\" style=\"text-align: justify;\">2<\/p>\n<p class=\"MsoBodyText\" style=\"text-align: justify;\">Un camino por donde, aunque uno sabe que no llegar\u00e1 nunca, va uno bien y seguro de que es el \u00fanico y verdadero.<\/p>\n<p class=\"MsoNormal\" style=\"text-align: justify;\">3<\/p>\n<p class=\"MsoNormal\" style=\"text-align: justify;\">La poes\u00eda\u2026, esta eyaculaci\u00f3n \u2013\u00a1qu\u00e9 deleite!\u2013 del esp\u00edritu.<\/p>\n<p class=\"MsoNormal\" style=\"text-align: justify;\">4<\/p>\n<p class=\"MsoBodyText\" style=\"text-align: justify;\">Si la poes\u00eda fuera, como algunos pretenden, una cosa precisa, inflexible, r\u00edjida, suntuosa, llegar\u00eda a desprestijiarse entre sus dos hermanas: la pintura y la m\u00fasica. En la pintura, realista o rom\u00e1ntica, el pintor fija el motivo de la naturaleza como es ella misma y lo divulga o lo fija a trav\u00e9s de su alma, para que sea fuente de sensaci\u00f3n.<br \/>\nLa m\u00fasica es una evaporaci\u00f3n de la vida; es tambi\u00e9n maleable, irisada y temblorosa; tesorera, podr\u00edamos llamarla. El arte no traduce, comenta. La palabra fija y concreta, como el color, como la nota, debe tender a la difusi\u00f3n, a la melod\u00eda, a algo que se evoque y que emocione y que, al fin, abra la fuente de nuestros sentimientos ideales.<\/p>\n<p class=\"MsoList\" style=\"text-align: justify;\">5<\/p>\n<p class=\"MsoList\" style=\"text-align: justify;\">NO PROF\u00c9TICA<\/p>\n<p class=\"MsoBodyText\" style=\"text-align: justify;\">La poes\u00eda aut\u00e9ntica es siempre futura, nunca prof\u00e9tica. Su profec\u00eda consiste precisamente en ser futura.<br \/>\nY no se me diga que la poes\u00eda, futura en la espresi\u00f3n, puede soportar tambi\u00e9n una profec\u00eda; porque la poes\u00eda es \u00abs\u00f3lo\u00bb una unidad completa.<br \/>\n(Quien puede ser prof\u00e9tico es el poeta. Pero eso es otro asunto. Y se trata en prosa hablada.)<\/p>\n<p class=\"MsoList\" style=\"text-align: justify;\">6<\/p>\n<p class=\"MsoList\" style=\"text-align: justify;\">ESA CHISPA<\/p>\n<p class=\"MsoBodyText\" style=\"text-align: justify;\">La poes\u00eda nos la trae todo el existir diario que rodea nuestro diario existir; y la hace saltar, buena chispa, el roce o el choque de las existencias encontradas. Pero, en s\u00ed, la poes\u00eda, es decir, lo que salta y lo que ilumina esa chispa a nuestra espresi\u00f3n no es m\u00e1s que lo absoluto.<\/p>\n<p class=\"MsoBodyText\" style=\"text-align: justify;\">7<\/p>\n<p class=\"MsoBodyText\" style=\"text-align: justify;\">La poes\u00eda inferior gana declamada, aumentada a los o\u00eddos, no vista. La superior pierde as\u00ed; gana le\u00edda en silencio con los ojos.<\/p>\n<p class=\"MsoList\" style=\"text-align: justify;\">8<\/p>\n<p class=\"MsoList\" style=\"text-align: justify;\">LA SANGRE VERDE<\/p>\n<p class=\"MsoBodyText\" style=\"text-align: justify;\">La poes\u00eda no se renueva gritando a las se\u00f1oras asustadas o cr\u00e9dulas que la sangre es verde; sino sorprendiendo las ideas esenciales que esa sangre, m\u00e1s verde o m\u00e1s roja, riega, fecunda y exalta.<\/p>\n<p class=\"MsoList\" style=\"text-align: justify;\">9<\/p>\n<p class=\"MsoList\" style=\"text-align: justify;\">COMO ESENCIA<\/p>\n<p class=\"MsoList\" style=\"text-align: justify;\">Poes\u00eda, una sustancia que alimenta como esencia.<\/p>\n<p class=\"MsoList\" style=\"text-align: justify;\">10<\/p>\n<p class=\"MsoBodyText\" style=\"text-align: justify;\">Lo objetivo \u2013que var\u00eda en cada pa\u00eds\u2013 no puede ser universal. S\u00f3lo es universal el alma del hombre. As\u00ed, la poes\u00eda subjetiva es la \u00fanica que llena el universo.<\/p>\n<p class=\"MsoList\" style=\"text-align: justify;\">11<\/p>\n<p class=\"MsoList\" style=\"text-align: justify;\">Poes\u00eda, instinto cultivado.<\/p>\n<p class=\"MsoList\" style=\"text-align: justify;\">12<\/p>\n<p class=\"MsoBodyText\" style=\"text-align: justify;\">La poes\u00eda, principio y fin de todo, es indefinible. Si se pudiera definir, su definidor ser\u00eda el due\u00f1o de su secreto, el due\u00f1o de ella, el verdadero, el \u00fanico dios posible. Y el secreto de la poes\u00eda no lo ha sabido, no lo sabe, no lo sabr\u00e1 nunca nadie, ni la poes\u00eda admite dios. Por fortuna, para Dios y para los poetas.<\/p>\n<p class=\"MsoBodyText\" style=\"text-align: justify;\">13<\/p>\n<p class=\"MsoBodyText\" style=\"text-align: justify;\">El estreno de la poes\u00eda es influir superiormente sobre el mismo poeta que la ha escrito en instantes de su ser superior; hacer de un hombre divinizado un dios frecuente.<\/p>\n<p class=\"MsoBodyText\" style=\"text-align: justify;\">14<\/p>\n<p class=\"MsoBodyText\" style=\"text-align: justify;\">La conquista de la poes\u00eda es como la del amor, que nunca sabremos si su secreto es nuestro, y contamos para siempre con la belleza y la fuerza de esa duda.<\/p>\n<p class=\"MsoList\" style=\"text-align: justify;\">15<\/p>\n<p class=\"MsoList\" style=\"text-align: justify;\">S\u00f3lo la creaci\u00f3n vence el ruido de la Creaci\u00f3n.<\/p>\n<p class=\"MsoList\" style=\"text-align: justify;\">16<\/p>\n<p class=\"MsoList\" style=\"text-align: justify;\">Poes\u00eda metaf\u00edsica no filos\u00f3fica.<\/p>\n<p class=\"MsoList\" style=\"text-align: justify;\">17<\/p>\n<p class=\"MsoList\" style=\"text-align: justify;\">Poes\u00eda pura no es poes\u00eda casta, sino poes\u00eda esencial.<\/p>\n<p class=\"MsoList\" style=\"text-align: justify;\">y 18<\/p>\n<p class=\"MsoList\" style=\"text-align: justify;\">No hay poeta m\u00e1s puro, es decir, aut\u00e9ntico, que el poeta fatal.<\/p>\n<p class=\"MsoBodyText\" style=\"padding-left: 30px;\"><em>Est\u00e9tica y \u00e9tica est\u00e9tica (aforismos y notas), 1907-1954.<\/em><\/p>\n","protected":false},"excerpt":{"rendered":"<p>La poes\u00eda del onubense Juan Ram\u00f3n Jim\u00e9nez (1881-1958) se caracteriza por el goce exaltado de lo bello, la b\u00fasqueda de un conocimiento profundo de la realidad a trav\u00e9s de la poes\u00eda y el ansia de eternidad. Tambi\u00e9n, por su hermetismo (es famosa su dedicatoria \u201ca la inmensa minor\u00eda\u201d) y su constante b\u00fasqueda de nuevas formas&#8230;. <\/p>\n<div class=\"read-more navbutton\"><a href=\"https:\/\/poeticas.es\/?p=150\">Leer m\u00e1s<i class=\"fa fa-angle-double-right\"><\/i><\/a><\/div>\n","protected":false},"author":1,"featured_media":0,"comment_status":"closed","ping_status":"closed","sticky":false,"template":"","format":"standard","meta":{"_exactmetrics_skip_tracking":false,"_exactmetrics_sitenote_active":false,"_exactmetrics_sitenote_note":"","_exactmetrics_sitenote_category":0,"footnotes":""},"categories":[1,49],"tags":[50,35,34,148,15],"class_list":["post-150","post","type-post","status-publish","format-standard","hentry","category-uncategorized","category-edad-de-plata","tag-generacion-del-14","tag-modernismo","tag-poesia-pura","tag-premio-nobel","tag-xx"],"_links":{"self":[{"href":"https:\/\/poeticas.es\/index.php?rest_route=\/wp\/v2\/posts\/150","targetHints":{"allow":["GET"]}}],"collection":[{"href":"https:\/\/poeticas.es\/index.php?rest_route=\/wp\/v2\/posts"}],"about":[{"href":"https:\/\/poeticas.es\/index.php?rest_route=\/wp\/v2\/types\/post"}],"author":[{"embeddable":true,"href":"https:\/\/poeticas.es\/index.php?rest_route=\/wp\/v2\/users\/1"}],"replies":[{"embeddable":true,"href":"https:\/\/poeticas.es\/index.php?rest_route=%2Fwp%2Fv2%2Fcomments&post=150"}],"version-history":[{"count":13,"href":"https:\/\/poeticas.es\/index.php?rest_route=\/wp\/v2\/posts\/150\/revisions"}],"predecessor-version":[{"id":5976,"href":"https:\/\/poeticas.es\/index.php?rest_route=\/wp\/v2\/posts\/150\/revisions\/5976"}],"wp:attachment":[{"href":"https:\/\/poeticas.es\/index.php?rest_route=%2Fwp%2Fv2%2Fmedia&parent=150"}],"wp:term":[{"taxonomy":"category","embeddable":true,"href":"https:\/\/poeticas.es\/index.php?rest_route=%2Fwp%2Fv2%2Fcategories&post=150"},{"taxonomy":"post_tag","embeddable":true,"href":"https:\/\/poeticas.es\/index.php?rest_route=%2Fwp%2Fv2%2Ftags&post=150"}],"curies":[{"name":"wp","href":"https:\/\/api.w.org\/{rel}","templated":true}]}}