{"id":1608,"date":"2009-03-22T09:08:41","date_gmt":"2009-03-22T09:08:41","guid":{"rendered":"http:\/\/poeticas.es\/?p=1608"},"modified":"2017-09-06T15:45:10","modified_gmt":"2017-09-06T13:45:10","slug":"marcos-ricardo-barnatan","status":"publish","type":"post","link":"https:\/\/poeticas.es\/?p=1608","title":{"rendered":"Marcos-Ricardo Barnat\u00e1n"},"content":{"rendered":"<p class=\"MsoNormal\" style=\"text-align: justify;\"><img loading=\"lazy\" decoding=\"async\" class=\"alignnone size-full wp-image-1609\" title=\"Marina Turquesa III, de Eduardo Sanz\" src=\"https:\/\/poeticas.es\/wp-content\/uploads\/2009\/03\/marcosricardobarnatan.jpg\" alt=\"Marina Turquesa III, de Eduardo Sanz\" width=\"285\" height=\"351\" srcset=\"https:\/\/poeticas.es\/wp-content\/uploads\/2009\/03\/marcosricardobarnatan.jpg 285w, https:\/\/poeticas.es\/wp-content\/uploads\/2009\/03\/marcosricardobarnatan-243x300.jpg 243w\" sizes=\"auto, (max-width: 285px) 100vw, 285px\" \/><\/p>\n<p class=\"MsoNormal\" style=\"text-align: justify;\"><em>La poes\u00eda del argentino-espa\u00f1ol Marcos-Ricardo Barnat\u00e1n (1946) participa del anhelo de renovaci\u00f3n formal de los <\/em>nov\u00edsimos<em>: sus versos est\u00e1n llenos de gui\u00f1os culturalistas, alusiones literarias e hist\u00f3ricas, referencias pict\u00f3ricas\u2026 Su barroquismo expresivo persigue mantener oculto el lazo entre vida y poes\u00eda, entre an\u00e9cdota y poema.<\/em><\/p>\n<p class=\"MsoNormal\"><strong>ARTE PO\u00c9TICA<\/strong><\/p>\n<h6 class=\"MsoNormal\" style=\"padding-left: 120px;\"><em>By this, and this only, we have existed.<\/em><br \/>\nT .S. ELIOT<\/h6>\n<p class=\"MsoNormal\">La letra m\u00e1s que marcar llamea<br \/>\nDesgarra la esteparia faz del papel<br \/>\nPara ser cuerpo en el tiempo<br \/>\nMadura gacela palpitante.<\/p>\n<p class=\"MsoNormal\">Un silencio transparente hiere<br \/>\nEs el blanco vac\u00edo derramado<br \/>\nEl rayo que en vano nombra.<\/p>\n<p class=\"MsoNormal\">Ahora el fuego ha encendido luces<br \/>\nPara dar significado al eclipse<br \/>\ny desvelar el misterio escrito.<\/p>\n<p class=\"MsoNormal\">La torpe oscuridad se fatiga.<br \/>\nSiete veces el esplendor dar\u00e1 batalla.<br \/>\nY la vida y la muerte ser\u00e1n del poeta.<\/p>\n<p class=\"MsoNormal\" style=\"padding-left: 30px;\"><em>El or\u00e1culo invocado<\/em>, 1965-1983.<\/p>\n<p><!--more--><\/p>\n<p class=\"MsoNormal\"><strong>EL LUGAR DEL POEMA<\/strong><\/p>\n<p class=\"MsoNormal\">No est\u00e1 el poema<br \/>\nM\u00e1s all\u00e1 de la palabra<br \/>\nLo encierra el fuego del verbo<br \/>\nLate en el rayo viol\u00e1ceo que recibimos<br \/>\nPara ablandar la noche<br \/>\nPara entender la oscuridad del mundo.<\/p>\n<p class=\"MsoNormal\">En los arduos cristales del silencio<br \/>\nBrot\u00f3 la rosa y nos dio la vida<br \/>\nEl alto poder de poder nombrarla.<\/p>\n<p class=\"MsoNormal\">No est\u00e1 el poema<br \/>\nM\u00e1s all\u00e1 de la palabra<br \/>\nSe forja como el hierro y es ceniza<br \/>\nA\u00fan caliente en el hueco de la tierra.<\/p>\n<p class=\"MsoNormal\">Est\u00e1 vivo en la letra que sangra<br \/>\nEstampado en nuestra memoria plural<br \/>\nY el aire sabe arrastrarlo como un astro fugaz<br \/>\nMostrando su bifronte cuerpo hecho<br \/>\nDe gozo y de doliente despedida.<\/p>\n<p class=\"MsoNormal\">Somos los que se van.<br \/>\nQuiz\u00e1s s\u00f3lo somos agua y tiempo<br \/>\nY lenguaje.<\/p>\n<p class=\"MsoNormal\" style=\"padding-left: 30px;\"><em>Consulado general<\/em>, 2001.<\/p>\n","protected":false},"excerpt":{"rendered":"<p>La poes\u00eda del argentino-espa\u00f1ol Marcos-Ricardo Barnat\u00e1n (1946) participa del anhelo de renovaci\u00f3n formal de los nov\u00edsimos: sus versos est\u00e1n llenos de gui\u00f1os culturalistas, alusiones literarias e hist\u00f3ricas, referencias pict\u00f3ricas\u2026 Su barroquismo expresivo persigue mantener oculto el lazo entre vida y poes\u00eda, entre an\u00e9cdota y poema. ARTE PO\u00c9TICA By this, and this only, we have existed&#8230;. <\/p>\n<div class=\"read-more navbutton\"><a href=\"https:\/\/poeticas.es\/?p=1608\">Leer m\u00e1s<i class=\"fa fa-angle-double-right\"><\/i><\/a><\/div>\n","protected":false},"author":1,"featured_media":0,"comment_status":"closed","ping_status":"closed","sticky":false,"template":"","format":"standard","meta":{"_exactmetrics_skip_tracking":false,"_exactmetrics_sitenote_active":false,"_exactmetrics_sitenote_note":"","_exactmetrics_sitenote_category":0,"footnotes":""},"categories":[1,19,13],"tags":[101,15,36],"class_list":["post-1608","post","type-post","status-publish","format-standard","hentry","category-uncategorized","category-literatura-argentina","category-contemporaneos","tag-novisimos","tag-xx","tag-xxi"],"_links":{"self":[{"href":"https:\/\/poeticas.es\/index.php?rest_route=\/wp\/v2\/posts\/1608","targetHints":{"allow":["GET"]}}],"collection":[{"href":"https:\/\/poeticas.es\/index.php?rest_route=\/wp\/v2\/posts"}],"about":[{"href":"https:\/\/poeticas.es\/index.php?rest_route=\/wp\/v2\/types\/post"}],"author":[{"embeddable":true,"href":"https:\/\/poeticas.es\/index.php?rest_route=\/wp\/v2\/users\/1"}],"replies":[{"embeddable":true,"href":"https:\/\/poeticas.es\/index.php?rest_route=%2Fwp%2Fv2%2Fcomments&post=1608"}],"version-history":[{"count":3,"href":"https:\/\/poeticas.es\/index.php?rest_route=\/wp\/v2\/posts\/1608\/revisions"}],"predecessor-version":[{"id":5168,"href":"https:\/\/poeticas.es\/index.php?rest_route=\/wp\/v2\/posts\/1608\/revisions\/5168"}],"wp:attachment":[{"href":"https:\/\/poeticas.es\/index.php?rest_route=%2Fwp%2Fv2%2Fmedia&parent=1608"}],"wp:term":[{"taxonomy":"category","embeddable":true,"href":"https:\/\/poeticas.es\/index.php?rest_route=%2Fwp%2Fv2%2Fcategories&post=1608"},{"taxonomy":"post_tag","embeddable":true,"href":"https:\/\/poeticas.es\/index.php?rest_route=%2Fwp%2Fv2%2Ftags&post=1608"}],"curies":[{"name":"wp","href":"https:\/\/api.w.org\/{rel}","templated":true}]}}