{"id":1646,"date":"2009-03-23T07:54:43","date_gmt":"2009-03-23T07:54:43","guid":{"rendered":"http:\/\/poeticas.es\/?p=1646"},"modified":"2017-09-06T15:45:10","modified_gmt":"2017-09-06T13:45:10","slug":"rafael-montesinos","status":"publish","type":"post","link":"https:\/\/poeticas.es\/?p=1646","title":{"rendered":"Rafael Montesinos"},"content":{"rendered":"<p class=\"MsoNormal\" style=\"text-align: justify;\"><img loading=\"lazy\" decoding=\"async\" class=\"alignnone size-full wp-image-1647\" title=\"El bodeg\u00f3n, de Juli\u00e1n Grau Santos\" src=\"https:\/\/poeticas.es\/wp-content\/uploads\/2009\/03\/rafaelmontesinos.jpg\" alt=\"El bodeg\u00f3n, de Juli\u00e1n Grau Santos\" width=\"443\" height=\"325\" srcset=\"https:\/\/poeticas.es\/wp-content\/uploads\/2009\/03\/rafaelmontesinos.jpg 443w, https:\/\/poeticas.es\/wp-content\/uploads\/2009\/03\/rafaelmontesinos-300x220.jpg 300w\" sizes=\"auto, (max-width: 443px) 100vw, 443px\" \/><\/p>\n<p class=\"MsoNormal\" style=\"text-align: justify;\"><em>La poes\u00eda del sevillano Rafael Montesinos (1920-2005), es clara, directa, dif\u00edcilmente sencilla, como la de su maestro B\u00e9cquer. La melancol\u00eda, el recuerdo, la evocaci\u00f3n emocionada del paisaje, el vivo amor, la nostalgia de un cristianismo puro y primitivo, son algunos de sus temas.<\/em><\/p>\n<p class=\"MsoNormal\"><strong>POETA<\/strong><\/p>\n<p class=\"MsoNormal\">Coraz\u00f3n de poeta,<br \/>\ntiempo perdido,<br \/>\neternidad que vuelve,<br \/>\ndanza de siglos,<\/p>\n<p class=\"MsoNormal\">recuerdos que regresan<br \/>\ntristes, sin nadie;<br \/>\ncoraz\u00f3n que se cansa<br \/>\nde eternidades.<\/p>\n<p class=\"MsoNormal\">Soledad de poeta<br \/>\n\u2013\u00a1oh tiempo escrito!\u2013.<br \/>\nA solas el poeta<br \/>\nvence al olvido.<\/p>\n<p class=\"MsoNormal\">Soledad que en el pecho,<br \/>\nfiel, permanece.<br \/>\nCoraz\u00f3n de poeta,<br \/>\nnadie lo entiende.<\/p>\n<p class=\"MsoNormal\" style=\"padding-left: 30px;\"><em>Pa\u00eds de la esperanza<\/em>, 1949-1955.<\/p>\n<p><!--more--><\/p>\n<p class=\"MsoNormal\"><strong>YO<\/strong><\/p>\n<p class=\"MsoNormal\">Yo canto lo que me pasa,<br \/>\nque muy bien puede pasar<br \/>\nal que por mi lado pasa.<\/p>\n<p class=\"MsoNormal\" style=\"padding-left: 30px;\"><em>La verdad y otras dudas<\/em>, 1967.<\/p>\n","protected":false},"excerpt":{"rendered":"<p>La poes\u00eda del sevillano Rafael Montesinos (1920-2005), es clara, directa, dif\u00edcilmente sencilla, como la de su maestro B\u00e9cquer. La melancol\u00eda, el recuerdo, la evocaci\u00f3n emocionada del paisaje, el vivo amor, la nostalgia de un cristianismo puro y primitivo, son algunos de sus temas. POETA Coraz\u00f3n de poeta, tiempo perdido, eternidad que vuelve, danza de siglos,&#8230; <\/p>\n<div class=\"read-more navbutton\"><a href=\"https:\/\/poeticas.es\/?p=1646\">Leer m\u00e1s<i class=\"fa fa-angle-double-right\"><\/i><\/a><\/div>\n","protected":false},"author":1,"featured_media":0,"comment_status":"closed","ping_status":"closed","sticky":false,"template":"","format":"standard","meta":{"_exactmetrics_skip_tracking":false,"_exactmetrics_sitenote_active":false,"_exactmetrics_sitenote_note":"","_exactmetrics_sitenote_category":0,"footnotes":""},"categories":[1,28],"tags":[15],"class_list":["post-1646","post","type-post","status-publish","format-standard","hentry","category-uncategorized","category-posguerra","tag-xx"],"_links":{"self":[{"href":"https:\/\/poeticas.es\/index.php?rest_route=\/wp\/v2\/posts\/1646","targetHints":{"allow":["GET"]}}],"collection":[{"href":"https:\/\/poeticas.es\/index.php?rest_route=\/wp\/v2\/posts"}],"about":[{"href":"https:\/\/poeticas.es\/index.php?rest_route=\/wp\/v2\/types\/post"}],"author":[{"embeddable":true,"href":"https:\/\/poeticas.es\/index.php?rest_route=\/wp\/v2\/users\/1"}],"replies":[{"embeddable":true,"href":"https:\/\/poeticas.es\/index.php?rest_route=%2Fwp%2Fv2%2Fcomments&post=1646"}],"version-history":[{"count":2,"href":"https:\/\/poeticas.es\/index.php?rest_route=\/wp\/v2\/posts\/1646\/revisions"}],"predecessor-version":[{"id":5163,"href":"https:\/\/poeticas.es\/index.php?rest_route=\/wp\/v2\/posts\/1646\/revisions\/5163"}],"wp:attachment":[{"href":"https:\/\/poeticas.es\/index.php?rest_route=%2Fwp%2Fv2%2Fmedia&parent=1646"}],"wp:term":[{"taxonomy":"category","embeddable":true,"href":"https:\/\/poeticas.es\/index.php?rest_route=%2Fwp%2Fv2%2Fcategories&post=1646"},{"taxonomy":"post_tag","embeddable":true,"href":"https:\/\/poeticas.es\/index.php?rest_route=%2Fwp%2Fv2%2Ftags&post=1646"}],"curies":[{"name":"wp","href":"https:\/\/api.w.org\/{rel}","templated":true}]}}