{"id":1680,"date":"2009-03-23T16:10:32","date_gmt":"2009-03-23T16:10:32","guid":{"rendered":"http:\/\/poeticas.es\/?p=1680"},"modified":"2017-09-06T15:45:10","modified_gmt":"2017-09-06T13:45:10","slug":"leopoldo-marechal","status":"publish","type":"post","link":"https:\/\/poeticas.es\/?p=1680","title":{"rendered":"Leopoldo Marechal"},"content":{"rendered":"<p style=\"text-align: justify;\"><img loading=\"lazy\" decoding=\"async\" class=\"alignnone size-full wp-image-1681\" title=\"Desnudo, de Alfredo Bigatti\" src=\"https:\/\/poeticas.es\/wp-content\/uploads\/2009\/03\/leopoldomarechal.jpg\" alt=\"Desnudo, de Alfredo Bigatti\" width=\"259\" height=\"337\" srcset=\"https:\/\/poeticas.es\/wp-content\/uploads\/2009\/03\/leopoldomarechal.jpg 259w, https:\/\/poeticas.es\/wp-content\/uploads\/2009\/03\/leopoldomarechal-230x300.jpg 230w\" sizes=\"auto, (max-width: 259px) 100vw, 259px\" \/><\/p>\n<p style=\"text-align: justify;\"><em>Para Leopoldo Marechal (Argentina, 1900-1970), \u201cla poes\u00eda es el idioma natural de lo metaf\u00edsico\u201d. Lo l\u00edrico y lo trascendente se hermanan en sus versos, caracterizados tambi\u00e9n por el uso de s\u00edmbolos de gran eficacia pl\u00e1stica y la perfecci\u00f3n formal.<\/em><\/p>\n<p><strong>INTRODUCCI\u00d3N A LA ODA<\/strong><\/p>\n<p>Var\u00f3n callado y hembra silenciosa<br \/>\nme dieron la privanza de la tierra:<br \/>\nEl \u00faltimo yo soy, y el que despunta.<\/p>\n<p>Los hombres de mi sangre cosechaban el mar,<br \/>\npero no levantaron la canci\u00f3n entre peces:<br \/>\n<span style=\"padding-left: 40px;\">Junto al mar el silencio<\/span><br \/>\n<span style=\"padding-left: 40px;\">fue sudor de sus a\u00f1os,<\/span><br \/>\n<span style=\"padding-left: 40px;\">estela de sus naves<\/span><br \/>\n<span style=\"padding-left: 40px;\">y aroma de sus muertes;<\/span><br \/>\nporque el silencio entonces era un gran coraz\u00f3n<br \/>\n<span style=\"padding-left: 40px;\">que no debe partirse.<\/span><br \/>\nEl Primero y el \u00daltimo es mi nombre:<br \/>\n<span style=\"padding-left: 40px;\">el \u00faltimo callado<\/span><br \/>\n<span style=\"padding-left: 20px;\">y el primero que suena.<\/span><\/p>\n<p>En el d\u00eda sin lanzas, amas\u00e9 mi canci\u00f3n<br \/>\n<span style=\"padding-left: 40px;\">con un barro durable.<\/span><br \/>\nSe hab\u00edan pronunciado las palabras:<br \/>\n\u201cToda canci\u00f3n es flecha de destierro\u201d.<br \/>\n<span style=\"padding-left: 40px;\">Y en el d\u00eda sin lanzas<\/span><br \/>\n<span style=\"padding-left: 40px;\">por encima del hombro<\/span><br \/>\n<span style=\"padding-left: 40px;\">dispar\u00e9 mi canci\u00f3n.<\/span><br \/>\nFructificaba el \u00e1rbol con altura de \u00e1rbol<br \/>\n<span style=\"padding-left: 40px;\">y al sol el buey mug\u00eda<\/span><br \/>\n<span style=\"padding-left: 40px;\">con altura de buey;<\/span><br \/>\npero mi voz, \u00a1oh, duelol, era m\u00e1s alta<br \/>\n<span style=\"padding-left: 40px;\">que mi altura de hombre.<\/span><\/p>\n<p><span style=\"padding-left: 40px;\">Y la muerte del \u00e1rbol<\/span><br \/>\nestaba m\u00e1s distante que la muerte del buey;<br \/>\npero mi muerte ya era un fuego vivo<br \/>\ny era mi canto el humo de mi muerte.<\/p>\n<p>(Esta canci\u00f3n tiene los pies de ni\u00f1o<br \/>\n<span style=\"padding-left: 40px;\">y el coraz\u00f3n del hombre:<\/span><br \/>\npie que gira en el baile de la hoguera,<br \/>\n<span style=\"padding-left: 40px;\">coraz\u00f3n que redobla<\/span><br \/>\n<span style=\"padding-left: 40px;\">en la danza del humo.)<\/span><\/p>\n<p>\u00a1Qu\u00e9 bien pesaban en la tierra el \u00e1rbol<br \/>\ny el hombre y sus pacientes animales!<br \/>\n<span style=\"padding-left: 40px;\">La longitud era canci\u00f3n,<\/span><br \/>\n<span style=\"padding-left: 40px;\">la latitud era canci\u00f3n<\/span><br \/>\n<span style=\"padding-left: 40px;\">y era canci\u00f3n la altura.<\/span><\/p>\n<p><span style=\"padding-left: 40px;\">Tres canciones atadas<\/span><br \/>\n<span style=\"padding-left: 40px;\">compon\u00edan el mundo<\/span><br \/>\ny al hombre y sus pacientes animales.<br \/>\n\u00a1Oh, geometr\u00eda en todo su verdor!<br \/>\n\u00a1Oh, fuertes ataduras en el d\u00eda sin lanzas!<\/p>\n<p><span style=\"padding-left: 40px;\">Pero mi voz crec\u00eda<\/span><br \/>\n<span style=\"padding-left: 40px;\">por sobre mi cabeza<\/span><br \/>\ny un nudo se soltaba en mi canci\u00f3n.<\/p>\n<p style=\"padding-left: 30px;\"><em>Odas para el hombre y la mujer<\/em>, 1923.<\/p>\n","protected":false},"excerpt":{"rendered":"<p>Para Leopoldo Marechal (Argentina, 1900-1970), \u201cla poes\u00eda es el idioma natural de lo metaf\u00edsico\u201d. Lo l\u00edrico y lo trascendente se hermanan en sus versos, caracterizados tambi\u00e9n por el uso de s\u00edmbolos de gran eficacia pl\u00e1stica y la perfecci\u00f3n formal. INTRODUCCI\u00d3N A LA ODA Var\u00f3n callado y hembra silenciosa me dieron la privanza de la tierra:&#8230; <\/p>\n<div class=\"read-more navbutton\"><a href=\"https:\/\/poeticas.es\/?p=1680\">Leer m\u00e1s<i class=\"fa fa-angle-double-right\"><\/i><\/a><\/div>\n","protected":false},"author":1,"featured_media":0,"comment_status":"closed","ping_status":"closed","sticky":false,"template":"","format":"standard","meta":{"_exactmetrics_skip_tracking":false,"_exactmetrics_sitenote_active":false,"_exactmetrics_sitenote_note":"","_exactmetrics_sitenote_category":0,"footnotes":""},"categories":[1,19],"tags":[20,31,15],"class_list":["post-1680","post","type-post","status-publish","format-standard","hentry","category-uncategorized","category-literatura-argentina","tag-ultraismo","tag-vanguardia","tag-xx"],"_links":{"self":[{"href":"https:\/\/poeticas.es\/index.php?rest_route=\/wp\/v2\/posts\/1680","targetHints":{"allow":["GET"]}}],"collection":[{"href":"https:\/\/poeticas.es\/index.php?rest_route=\/wp\/v2\/posts"}],"about":[{"href":"https:\/\/poeticas.es\/index.php?rest_route=\/wp\/v2\/types\/post"}],"author":[{"embeddable":true,"href":"https:\/\/poeticas.es\/index.php?rest_route=\/wp\/v2\/users\/1"}],"replies":[{"embeddable":true,"href":"https:\/\/poeticas.es\/index.php?rest_route=%2Fwp%2Fv2%2Fcomments&post=1680"}],"version-history":[{"count":3,"href":"https:\/\/poeticas.es\/index.php?rest_route=\/wp\/v2\/posts\/1680\/revisions"}],"predecessor-version":[{"id":4158,"href":"https:\/\/poeticas.es\/index.php?rest_route=\/wp\/v2\/posts\/1680\/revisions\/4158"}],"wp:attachment":[{"href":"https:\/\/poeticas.es\/index.php?rest_route=%2Fwp%2Fv2%2Fmedia&parent=1680"}],"wp:term":[{"taxonomy":"category","embeddable":true,"href":"https:\/\/poeticas.es\/index.php?rest_route=%2Fwp%2Fv2%2Fcategories&post=1680"},{"taxonomy":"post_tag","embeddable":true,"href":"https:\/\/poeticas.es\/index.php?rest_route=%2Fwp%2Fv2%2Ftags&post=1680"}],"curies":[{"name":"wp","href":"https:\/\/api.w.org\/{rel}","templated":true}]}}