{"id":1771,"date":"2009-03-29T08:30:10","date_gmt":"2009-03-29T08:30:10","guid":{"rendered":"http:\/\/poeticas.es\/?p=1771"},"modified":"2017-09-06T15:45:09","modified_gmt":"2017-09-06T13:45:09","slug":"ramon-de-basterra","status":"publish","type":"post","link":"https:\/\/poeticas.es\/?p=1771","title":{"rendered":"Ram\u00f3n de Basterra"},"content":{"rendered":"<p class=\"MsoList\" style=\"text-align: justify;\"><img loading=\"lazy\" decoding=\"async\" class=\"alignnone size-full wp-image-1772\" title=\"El chico de la carretilla, de Joan Sandalinas\" src=\"https:\/\/poeticas.es\/wp-content\/uploads\/2009\/03\/ramondebasterra.jpg\" alt=\"El chico de la carretilla, de Joan Sandalinas\" width=\"326\" height=\"400\" srcset=\"https:\/\/poeticas.es\/wp-content\/uploads\/2009\/03\/ramondebasterra.jpg 326w, https:\/\/poeticas.es\/wp-content\/uploads\/2009\/03\/ramondebasterra-244x300.jpg 244w\" sizes=\"auto, (max-width: 326px) 100vw, 326px\" \/><\/p>\n<p class=\"MsoList\" style=\"text-align: justify;\"><em>La obra del poeta novecentista Ram\u00f3n de Basterra (Bilbao, 1888-1928) trata sobre el paisaje, las gentes, las tradiciones y la historia del pueblo vasco; tambi\u00e9n sobre el destino, fecundo, de los pueblos hisp\u00e1nicos, la <\/em>Sobrespa\u00f1a<em>. En lo formal, pasa por variados estilos: barroquismo, poes\u00eda pura, futurismo\u2026<\/em><\/p>\n<p class=\"MsoList\"><strong>OFICIOS<\/strong><\/p>\n<p class=\"MsoList\">Sombra. Callejas frescas con fachas de hidalgo:<br \/>\ntrapos en los balcones de le\u00f1o azul. Hay algo<br \/>\nque recuerda el silencio de oro de las colmenas.<br \/>\nSe labora moviendo a los labios apenas.<br \/>\n\u00bfDurango, Azcoitia, Luno? Viven, triunfan las manos,<br \/>\ntejiendo cuerda, urdiendo la sandalia de aldeanos,<br \/>\nla alpargata. Igualmente mudos, entre madera<br \/>\nfresca, que como en rizos de propia cabellera,<br \/>\nse envuelve en sus virutas, labran los ebanistas.<br \/>\nEn el camino quiebran las r\u00edgidas aristas<br \/>\nde los cantos, tric, trac, tric, los picapedreros;<br \/>\nindican, aijada alta, la r\u00faa, los boyeros.<br \/>\n\u00bfQui\u00e9n dijo descontento en este bello mundo?<br \/>\n\u00a1Amad, dulces hermanos de oficios, con profundo<br \/>\namor, la piedra, el le\u00f1o, la cuerda, que el destino<br \/>\nos puso entre las manos, como llav\u00edn divino<br \/>\npara que el universo sus tesoros os abra!<br \/>\nPor cuerda, le\u00f1o y piedra, yo tengo la palabra.<\/p>\n<p class=\"MsoList\" style=\"padding-left: 30px;\"><em>La sencillez de los<\/em> seres, 1923.<\/p>\n","protected":false},"excerpt":{"rendered":"<p>La obra del poeta novecentista Ram\u00f3n de Basterra (Bilbao, 1888-1928) trata sobre el paisaje, las gentes, las tradiciones y la historia del pueblo vasco; tambi\u00e9n sobre el destino, fecundo, de los pueblos hisp\u00e1nicos, la Sobrespa\u00f1a. En lo formal, pasa por variados estilos: barroquismo, poes\u00eda pura, futurismo\u2026 OFICIOS Sombra. Callejas frescas con fachas de hidalgo: trapos&#8230; <\/p>\n<div class=\"read-more navbutton\"><a href=\"https:\/\/poeticas.es\/?p=1771\">Leer m\u00e1s<i class=\"fa fa-angle-double-right\"><\/i><\/a><\/div>\n","protected":false},"author":1,"featured_media":0,"comment_status":"closed","ping_status":"closed","sticky":false,"template":"","format":"standard","meta":{"_exactmetrics_skip_tracking":false,"_exactmetrics_sitenote_active":false,"_exactmetrics_sitenote_note":"","_exactmetrics_sitenote_category":0,"footnotes":""},"categories":[1,49],"tags":[50,34,31,15],"class_list":["post-1771","post","type-post","status-publish","format-standard","hentry","category-uncategorized","category-edad-de-plata","tag-generacion-del-14","tag-poesia-pura","tag-vanguardia","tag-xx"],"_links":{"self":[{"href":"https:\/\/poeticas.es\/index.php?rest_route=\/wp\/v2\/posts\/1771","targetHints":{"allow":["GET"]}}],"collection":[{"href":"https:\/\/poeticas.es\/index.php?rest_route=\/wp\/v2\/posts"}],"about":[{"href":"https:\/\/poeticas.es\/index.php?rest_route=\/wp\/v2\/types\/post"}],"author":[{"embeddable":true,"href":"https:\/\/poeticas.es\/index.php?rest_route=\/wp\/v2\/users\/1"}],"replies":[{"embeddable":true,"href":"https:\/\/poeticas.es\/index.php?rest_route=%2Fwp%2Fv2%2Fcomments&post=1771"}],"version-history":[{"count":3,"href":"https:\/\/poeticas.es\/index.php?rest_route=\/wp\/v2\/posts\/1771\/revisions"}],"predecessor-version":[{"id":5151,"href":"https:\/\/poeticas.es\/index.php?rest_route=\/wp\/v2\/posts\/1771\/revisions\/5151"}],"wp:attachment":[{"href":"https:\/\/poeticas.es\/index.php?rest_route=%2Fwp%2Fv2%2Fmedia&parent=1771"}],"wp:term":[{"taxonomy":"category","embeddable":true,"href":"https:\/\/poeticas.es\/index.php?rest_route=%2Fwp%2Fv2%2Fcategories&post=1771"},{"taxonomy":"post_tag","embeddable":true,"href":"https:\/\/poeticas.es\/index.php?rest_route=%2Fwp%2Fv2%2Ftags&post=1771"}],"curies":[{"name":"wp","href":"https:\/\/api.w.org\/{rel}","templated":true}]}}