{"id":1864,"date":"2009-03-29T18:34:51","date_gmt":"2009-03-29T18:34:51","guid":{"rendered":"http:\/\/poeticas.es\/?p=1864"},"modified":"2017-09-06T15:45:08","modified_gmt":"2017-09-06T13:45:08","slug":"jose-garcia-nieto","status":"publish","type":"post","link":"https:\/\/poeticas.es\/?p=1864","title":{"rendered":"Jos\u00e9 Garc\u00eda Nieto"},"content":{"rendered":"<p class=\"MsoList\" style=\"text-align: justify;\"><img loading=\"lazy\" decoding=\"async\" class=\"alignnone size-full wp-image-1865\" title=\"Arquitectura rural, de Rafael Alonso\" src=\"https:\/\/poeticas.es\/wp-content\/uploads\/2009\/03\/josegarcianieto.jpg\" alt=\"Arquitectura rural, de Rafael Alonso\" width=\"468\" height=\"334\" srcset=\"https:\/\/poeticas.es\/wp-content\/uploads\/2009\/03\/josegarcianieto.jpg 468w, https:\/\/poeticas.es\/wp-content\/uploads\/2009\/03\/josegarcianieto-300x214.jpg 300w\" sizes=\"auto, (max-width: 468px) 100vw, 468px\" \/><\/p>\n<p class=\"MsoList\" style=\"text-align: justify;\"><em><a href=\"http:\/\/www.garcianieto.com\/\">Jos\u00e9 Garc\u00eda Nieto<\/a> (Oviedo, 1914-2001), fundador de la revista <\/em>Garcilaso <em>y uno de los m\u00e1ximos representantes de la <\/em>poes\u00eda arraigada <em>de posguerra, cultiv\u00f3 los metros tradicionales y trat\u00f3 del amor, la religiosidad y el paisaje en un tono sereno y cl\u00e1sico y con gran perfecci\u00f3n formal.<\/em><\/p>\n<p class=\"MsoList\"><strong>NO S\u00c9 SI SOY AS\u00cd NI SI ME LLAMO&#8230;<\/strong><\/p>\n<h6 class=\"peque\" style=\"text-align: justify; padding-left: 60px;\"><em>A cantar dulce, y a morirme luego.<br \/>\n<\/em>G\u00d3NGORA<\/h6>\n<p class=\"MsoList\">No s\u00e9 si soy as\u00ed ni si me llamo<br \/>\nas\u00ed como me llaman diariamente;<br \/>\ns\u00e9 que de amor me lleno dulcemente<br \/>\ny en voz a borbotones me derramo.<\/p>\n<p class=\"MsoList\">Lluvia sin ocasi\u00f3n, huerto sin amo<br \/>\ndonde el fruto se cae sobradamente<br \/>\ny donde miel y tierra, juntamente,<br \/>\nsuben a mi garganta, tramo a tramo.<\/p>\n<p class=\"MsoList\">Suben y ya no s\u00e9 d\u00f3nde coincide<br \/>\nmi angustia con mi j\u00fabilo, ordenando<br \/>\nesta raz\u00f3n sonora y sucesiva.<\/p>\n<p class=\"MsoList\">Y estoy condecorado, aunque lo olvide,<br \/>\npor un antiguo nombre en que cantando<br \/>\nvoy a mi soledad definitiva.<\/p>\n<p class=\"MsoList\" style=\"padding-left: 30px;\"><em>Poes\u00eda 1940-1943<\/em>, 1944.<\/p>\n<p><!--more--><\/p>\n<p class=\"MsoList\"><strong>EL POETA<\/strong><\/p>\n<h6 class=\"peque\" style=\"text-align: justify; padding-left: 60px;\"><em>Acanto, hijo de Antinoo, fue devorado por los caballos de su padre y metamorfoseado en p\u00e1jaro.<\/em><\/h6>\n<p class=\"MsoList\">Erraba sin sosiego\u2026 Nadie sabe\u2026<br \/>\nVerde su coraz\u00f3n era, y ard\u00eda<br \/>\ncoronando a la piedra. Le ped\u00eda<br \/>\nvecindades al sol, j\u00fabilo al ave.<\/p>\n<p class=\"MsoList\">Era un arco hacia Dios. La forma grave<br \/>\nespuma, vuelo, soledad se hac\u00eda,<br \/>\ny el sue\u00f1o, el aire, el agua repart\u00eda,<br \/>\nsola estrella, fiel ala, incierta nave.<\/p>\n<p class=\"MsoList\">Corceles desbocados de la tierra<br \/>\nle pusieron la voz y el alma en guerra;<br \/>\nqued\u00f3 el verso flotando sobre el ruido,<\/p>\n<p class=\"MsoList\">y, abajo, el hombre, en su mortal estrecho,<br \/>\ncon una rosa abierta por el pecho<br \/>\ny en p\u00e1jaro sonoro convertido.<\/p>\n<p class=\"MsoList\" style=\"padding-left: 30px;\"><em>Tregua<\/em>, 1951.<\/p>\n<p class=\"MsoList\"><strong>\u00a1QU\u00c9 F\u00c1CIL HAS VENIDO\u2026!<\/strong><\/p>\n<p class=\"MsoList\">\u00a1Qu\u00e9 f\u00e1cil has venido<br \/>\na mi voz, y en qu\u00e9 instante!<\/p>\n<p class=\"MsoList\">Eres t\u00fa; te conozco<br \/>\nporque es igual la tarde;<\/p>\n<p class=\"MsoList\">son las mismas las rosas<br \/>\ny est\u00e1 tan claro el aire<\/p>\n<p class=\"MsoList\">como aquel d\u00eda. Brillan<br \/>\nlas copas de los \u00e1rboles.<\/p>\n<p class=\"MsoList\">Eres t\u00fa, verso m\u00edo<br \/>\n\u00a1y has venido tan f\u00e1cil!<\/p>\n<p class=\"MsoList\" style=\"padding-left: 30px;\"><em>Tregua<\/em>, 1951.<\/p>\n<p class=\"MsoList\"><strong>LA PALABRA<\/strong><\/p>\n<p class=\"MsoList\">Sientes mi sangre y bien te siente ella<br \/>\npor la senda que voy, palabra m\u00eda.<br \/>\nDespu\u00e9s de tanto andar, \u00bfc\u00f3mo podr\u00eda<br \/>\ndejarte eternidad en cada huella\u2026?<\/p>\n<p class=\"MsoList\">Ya s\u00e9 que eres mortal. Y tu doncella<br \/>\nvestidura ser\u00e1 memoria un d\u00eda<br \/>\nsin sombra de verdor\u2026 \u00a1Si todav\u00eda<br \/>\nhablaras, oh, por m\u00ed, luz sin estrella!<\/p>\n<p class=\"MsoList\">Si pudiera olvidar lo que madura<br \/>\ndentro de ti\u2026 Tocada de hermosura<br \/>\nhoy, te miras ma\u00f1ana ya distante.<\/p>\n<p class=\"MsoList\">Voz que en la flor del labio se amortaja,<br \/>\nfuego que una ceniza torpe ataja,<br \/>\ngrito que amor me dio para un instante.<\/p>\n<p class=\"MsoList\" style=\"padding-left: 30px;\"><em>La red<\/em>, 1955.<\/p>\n<p><strong>EL SONETO<\/strong><\/p>\n<h6 style=\"padding-left: 150px;\"><em>A D\u00e1maso Alonso<\/em><\/h6>\n<p>He vuelto a estas paredes donde encierro<br \/>\nla acostumbrada voz de la amargura<br \/>\ny, junto a aquel verdor, la ya madura<br \/>\nfruta del coraz\u00f3n que, a cada yerro,<\/p>\n<p>se duele de la rama en su destierro<br \/>\ny gana cargaz\u00f3n perdiendo altura;<br \/>\npero, por ser buscada la clausura,<br \/>\ntibio es el muro y f\u00e1cil es el hierro.<\/p>\n<p>Hablo de ti, dogal, soneto m\u00edo,<br \/>\nque, sin talar, aprietas cada ramo,<br \/>\nque, sin cegar, corriges cada r\u00edo.<\/p>\n<p>Hablo de lo que ci\u00f1e y lo que doma:<br \/>\nde una sombra apretada en la que amo<br \/>\ny un ojo arriba donde Dios se asoma.<\/p>\n<p style=\"padding-left: 30px;\"><em>La red<\/em>, 1955.<\/p>\n<p class=\"MsoList\"><strong>EL VERSO EN LA MONTA\u00d1A<\/strong><\/p>\n<h6 class=\"peque\" style=\"padding-left: 90px;\"><em>(San Rafael)<\/em><\/h6>\n<p class=\"MsoList\">Me dan verg\u00fcenza\u2026<br \/>\nEstos versos que escribo<br \/>\nme dan verg\u00fcenza.<\/p>\n<p class=\"MsoList\">Total, para que un d\u00eda<br \/>\nalguien los lea.<br \/>\nO ni siquiera eso,<br \/>\nni siquiera.<\/p>\n<p class=\"MsoList\">Estos versos, mi ni\u00f1o,<br \/>\n\u00bfsabes t\u00fa<br \/>\npara qu\u00e9 los escribo?<\/p>\n<p class=\"MsoList\">(\u00bfY esa flor del romero,<br \/>\nsin ojos que la miren,<br \/>\nsola, diciendo\u2026<br \/>\n\u00bfpara qu\u00e9 sirve?)<\/p>\n<p class=\"MsoList\">Total, para que nadie<br \/>\nvenga y los lea,<br \/>\nmi ni\u00f1o,<br \/>\n\u00bfpara qu\u00e9 valen\u2026?<\/p>\n<p class=\"MsoList\">Me dan verg\u00fcenza.<\/p>\n<p class=\"MsoList\" style=\"padding-left: 30px;\"><em>Geograf\u00eda es amor<\/em>, 1961.<\/p>\n","protected":false},"excerpt":{"rendered":"<p>Jos\u00e9 Garc\u00eda Nieto (Oviedo, 1914-2001), fundador de la revista Garcilaso y uno de los m\u00e1ximos representantes de la poes\u00eda arraigada de posguerra, cultiv\u00f3 los metros tradicionales y trat\u00f3 del amor, la religiosidad y el paisaje en un tono sereno y cl\u00e1sico y con gran perfecci\u00f3n formal. NO S\u00c9 SI SOY AS\u00cd NI SI ME LLAMO&#8230;&#8230; <\/p>\n<div class=\"read-more navbutton\"><a href=\"https:\/\/poeticas.es\/?p=1864\">Leer m\u00e1s<i class=\"fa fa-angle-double-right\"><\/i><\/a><\/div>\n","protected":false},"author":1,"featured_media":0,"comment_status":"closed","ping_status":"closed","sticky":false,"template":"","format":"standard","meta":{"_exactmetrics_skip_tracking":false,"_exactmetrics_sitenote_active":false,"_exactmetrics_sitenote_note":"","_exactmetrics_sitenote_category":0,"footnotes":""},"categories":[1,28],"tags":[135,146,15],"class_list":["post-1864","post","type-post","status-publish","format-standard","hentry","category-uncategorized","category-posguerra","tag-garcilasismo","tag-premio-cervantes","tag-xx"],"_links":{"self":[{"href":"https:\/\/poeticas.es\/index.php?rest_route=\/wp\/v2\/posts\/1864","targetHints":{"allow":["GET"]}}],"collection":[{"href":"https:\/\/poeticas.es\/index.php?rest_route=\/wp\/v2\/posts"}],"about":[{"href":"https:\/\/poeticas.es\/index.php?rest_route=\/wp\/v2\/types\/post"}],"author":[{"embeddable":true,"href":"https:\/\/poeticas.es\/index.php?rest_route=\/wp\/v2\/users\/1"}],"replies":[{"embeddable":true,"href":"https:\/\/poeticas.es\/index.php?rest_route=%2Fwp%2Fv2%2Fcomments&post=1864"}],"version-history":[{"count":6,"href":"https:\/\/poeticas.es\/index.php?rest_route=\/wp\/v2\/posts\/1864\/revisions"}],"predecessor-version":[{"id":4866,"href":"https:\/\/poeticas.es\/index.php?rest_route=\/wp\/v2\/posts\/1864\/revisions\/4866"}],"wp:attachment":[{"href":"https:\/\/poeticas.es\/index.php?rest_route=%2Fwp%2Fv2%2Fmedia&parent=1864"}],"wp:term":[{"taxonomy":"category","embeddable":true,"href":"https:\/\/poeticas.es\/index.php?rest_route=%2Fwp%2Fv2%2Fcategories&post=1864"},{"taxonomy":"post_tag","embeddable":true,"href":"https:\/\/poeticas.es\/index.php?rest_route=%2Fwp%2Fv2%2Ftags&post=1864"}],"curies":[{"name":"wp","href":"https:\/\/api.w.org\/{rel}","templated":true}]}}