{"id":1931,"date":"2009-03-30T18:14:17","date_gmt":"2009-03-30T18:14:17","guid":{"rendered":"http:\/\/poeticas.es\/?p=1931"},"modified":"2017-09-06T15:45:07","modified_gmt":"2017-09-06T13:45:07","slug":"tatiana-orono","status":"publish","type":"post","link":"https:\/\/poeticas.es\/?p=1931","title":{"rendered":"Tatiana Oro\u00f1o"},"content":{"rendered":"<p style=\"text-align: justify;\"><img loading=\"lazy\" decoding=\"async\" class=\"alignnone size-full wp-image-1932\" title=\"Composici\u00f3n III, de Gustavo Serra\" src=\"https:\/\/poeticas.es\/wp-content\/uploads\/2009\/03\/tatianaorono.jpg\" alt=\"Composici\u00f3n III, de Gustavo Serra\" width=\"408\" height=\"302\" srcset=\"https:\/\/poeticas.es\/wp-content\/uploads\/2009\/03\/tatianaorono.jpg 453w, https:\/\/poeticas.es\/wp-content\/uploads\/2009\/03\/tatianaorono-300x221.jpg 300w\" sizes=\"auto, (max-width: 408px) 100vw, 408px\" \/><\/p>\n<p style=\"text-align: justify;\"><em>Para Tatiana Oro\u00f1o (Uruguay, 1947), la funci\u00f3n de la poes\u00eda es rescatar el pasado, enfrentar la palabra po\u00e9tica al olvido, dar testimonio de la experiencia vital \u00edntima y colectiva, decir lo que todav\u00eda no se ha dicho.<\/em><\/p>\n<p><strong>AQU\u00cd<\/strong><\/p>\n<p>Quiero escribir los versos<br \/>\nque se aten<br \/>\na lo que conoc\u00ed, a las cosas que quise<br \/>\nversos restitutivos<br \/>\nde los tiempos que fueron<br \/>\ncomo animales mansos<br \/>\nmasticando las briznas de mi primera vida.<br \/>\nQuiero escribir un verso en donde cante<br \/>\nmi ligadura al modo que viv\u00ed<br \/>\nmi destino grupal, mi infatigable rumbo<br \/>\nde c\u00e9lula compleja.<br \/>\n(Y que se escriba<br \/>\ncon el coraz\u00f3n alto y un latido<br \/>\nperdiguero y delgado.)<\/p>\n<p style=\"padding-left: 30px;\"><em>El alfabeto verde<\/em>, 1979.<\/p>\n<p><!--more--><strong>PO\u00c9TICA<\/strong><\/p>\n<p>poes\u00eda es<br \/>\ncuando no le hago sombra<br \/>\ncuando filtra porosa persuadida<\/p>\n<p>no yo. este comportamiento<br \/>\nesta manera dada sostenida<br \/>\n<span style=\"padding-left: 75px;\">adentro\/afuera.<\/span><\/p>\n<p style=\"padding-left: 30px;\">1982. <em>Todo tuvo la forma que no tuvo<\/em>, 2002.<\/p>\n<p><strong>DESDE EL BLANCO<\/strong><\/p>\n<p>Dar cuenta empecinarse<br \/>\nen dar<br \/>\n<span style=\"padding-left: 30px;\">ciertas razones<\/span><br \/>\nde ser<\/p>\n<p>dar cuenta<br \/>\ndesde el blanco \u2013 cuerpo vivo<\/p>\n<p><span style=\"padding-left: 100px;\">entretanto<\/span><br \/>\nque palpa<br \/>\nalrededor<br \/>\nlo que qued\u00f3 qu\u00e9 queda<\/p>\n<p>dar o\u00eddos<br \/>\ndar en la tecla<\/p>\n<p><span style=\"padding-left: 50px;\">(testimonio<\/span><br \/>\n<span style=\"padding-left: 50px;\">verdad<\/span><br \/>\n<span style=\"padding-left: 50px;\">o dicho o letra)<\/span><\/p>\n<p>(acortar trecho<br \/>\nal hecho)<\/p>\n<p><span style=\"padding-left: 65px;\">dar voz<\/span><br \/>\npasarla<br \/>\ndarla<br \/>\n<span style=\"padding-left: 65px;\">porque el coraz\u00f3n no quiere<\/span><\/p>\n<p>que se le ande con vueltas<\/p>\n<p style=\"padding-left: 30px;\"><em>Cuenta abierta<\/em>, 1986.<\/p>\n<p><strong>TAREA EN ENTREDICHO<\/strong><\/p>\n<p>Dar cuenta involucrar<br \/>\nlos hechos probarles<br \/>\nla existencia<br \/>\nde palabra<\/p>\n<p>por fuerza<br \/>\ncasi<br \/>\nnada:<\/p>\n<p>veinte a\u00f1os atr\u00e1s<br \/>\n<span style=\"padding-left: 55px;\">todo tuvo la forma <\/span><br \/>\n<span style=\"padding-left: 100px;\">que no tuvo<\/span><\/p>\n<p>salpicada<br \/>\nmordida<\/p>\n<p>de una orilla<\/p>\n<p style=\"padding-left: 30px;\"><em>Morada m\u00f3vil<\/em>, 2004.<\/p>\n","protected":false},"excerpt":{"rendered":"<p>Para Tatiana Oro\u00f1o (Uruguay, 1947), la funci\u00f3n de la poes\u00eda es rescatar el pasado, enfrentar la palabra po\u00e9tica al olvido, dar testimonio de la experiencia vital \u00edntima y colectiva, decir lo que todav\u00eda no se ha dicho. AQU\u00cd Quiero escribir los versos que se aten a lo que conoc\u00ed, a las cosas que quise versos&#8230; <\/p>\n<div class=\"read-more navbutton\"><a href=\"https:\/\/poeticas.es\/?p=1931\">Leer m\u00e1s<i class=\"fa fa-angle-double-right\"><\/i><\/a><\/div>\n","protected":false},"author":1,"featured_media":0,"comment_status":"closed","ping_status":"closed","sticky":false,"template":"","format":"standard","meta":{"_exactmetrics_skip_tracking":false,"_exactmetrics_sitenote_active":false,"_exactmetrics_sitenote_note":"","_exactmetrics_sitenote_category":0,"footnotes":""},"categories":[1,83],"tags":[62,15,36],"class_list":["post-1931","post","type-post","status-publish","format-standard","hentry","category-uncategorized","category-literatura-uruguaya","tag-escritoras","tag-xx","tag-xxi"],"_links":{"self":[{"href":"https:\/\/poeticas.es\/index.php?rest_route=\/wp\/v2\/posts\/1931","targetHints":{"allow":["GET"]}}],"collection":[{"href":"https:\/\/poeticas.es\/index.php?rest_route=\/wp\/v2\/posts"}],"about":[{"href":"https:\/\/poeticas.es\/index.php?rest_route=\/wp\/v2\/types\/post"}],"author":[{"embeddable":true,"href":"https:\/\/poeticas.es\/index.php?rest_route=\/wp\/v2\/users\/1"}],"replies":[{"embeddable":true,"href":"https:\/\/poeticas.es\/index.php?rest_route=%2Fwp%2Fv2%2Fcomments&post=1931"}],"version-history":[{"count":3,"href":"https:\/\/poeticas.es\/index.php?rest_route=\/wp\/v2\/posts\/1931\/revisions"}],"predecessor-version":[{"id":5126,"href":"https:\/\/poeticas.es\/index.php?rest_route=\/wp\/v2\/posts\/1931\/revisions\/5126"}],"wp:attachment":[{"href":"https:\/\/poeticas.es\/index.php?rest_route=%2Fwp%2Fv2%2Fmedia&parent=1931"}],"wp:term":[{"taxonomy":"category","embeddable":true,"href":"https:\/\/poeticas.es\/index.php?rest_route=%2Fwp%2Fv2%2Fcategories&post=1931"},{"taxonomy":"post_tag","embeddable":true,"href":"https:\/\/poeticas.es\/index.php?rest_route=%2Fwp%2Fv2%2Ftags&post=1931"}],"curies":[{"name":"wp","href":"https:\/\/api.w.org\/{rel}","templated":true}]}}