{"id":1968,"date":"2009-03-31T07:17:02","date_gmt":"2009-03-31T07:17:02","guid":{"rendered":"http:\/\/poeticas.es\/?p=1968"},"modified":"2017-09-06T15:45:06","modified_gmt":"2017-09-06T13:45:06","slug":"julio-aumente","status":"publish","type":"post","link":"https:\/\/poeticas.es\/?p=1968","title":{"rendered":"Julio Aumente"},"content":{"rendered":"<p class=\"MsoNormal\" style=\"text-align: justify;\"><img loading=\"lazy\" decoding=\"async\" class=\"alignnone size-full wp-image-1969\" title=\"\u00c1rboles en flor, de Manuel del R\u00edo\" src=\"https:\/\/poeticas.es\/wp-content\/uploads\/2009\/03\/julioaumente.jpg\" alt=\"\u00c1rboles en flor, de Manuel del R\u00edo\" width=\"400\" height=\"314\" srcset=\"https:\/\/poeticas.es\/wp-content\/uploads\/2009\/03\/julioaumente.jpg 400w, https:\/\/poeticas.es\/wp-content\/uploads\/2009\/03\/julioaumente-300x235.jpg 300w\" sizes=\"auto, (max-width: 400px) 100vw, 400px\" \/><\/p>\n<p class=\"MsoNormal\" style=\"text-align: justify;\"><em>El poeta cordob\u00e9s Julio Aumente (1923-2006) es uno de los fundadores de la revista <\/em>C\u00e1ntico<em>, que se convirti\u00f3, en la inmediata posguerra, en el refugio de la poes\u00eda esteticista, bella y sensual. Sus versos destacan por su imaginaci\u00f3n, su iron\u00eda, su tono decadente\u2026<\/em><\/p>\n<p class=\"MsoNormal\"><strong>DE PO\u00c9TICA<\/strong><\/p>\n<p class=\"MsoNormal\">Torna voluble el facistol girante<br \/>\nde talladas caobas enceradas y oscuras,<br \/>\ndonde en pintados pergaminos lucen<br \/>\n\u00e1rboles geneal\u00f3gicos hasta Olimpos sublimes.<\/p>\n<p class=\"MsoNormal\">Comnenos, Lusignan, Valois, Hohenstaufen,<br \/>\nHungr\u00eda y Arag\u00f3n, Plantagenet-Anjou;<br \/>\nes tal tanta belleza suntuaria que habr\u00eda de ser mentira<br \/>\n\u2013real verdad y mentira del hombre o de la historia, qui\u00e9n la sabe\u2013.<\/p>\n<p class=\"MsoNormal\">Pues s\u00ed, amigos, po\u00e9tica concurrencia,<br \/>\nluch\u00e1is como jaur\u00eda hambrienta por vana dominaci\u00f3n.<\/p>\n<p class=\"MsoNormal\">Tomad mi parte, pavoneaos en el jard\u00edn de la fama.<br \/>\nSin ambici\u00f3n, me quedo errante en mi pasado, en mis salones\u2026<\/p>\n<p class=\"MsoNormal\" style=\"padding-left: 30px;\"><em>La antesala<\/em>, 1981-83.<\/p>\n","protected":false},"excerpt":{"rendered":"<p>El poeta cordob\u00e9s Julio Aumente (1923-2006) es uno de los fundadores de la revista C\u00e1ntico, que se convirti\u00f3, en la inmediata posguerra, en el refugio de la poes\u00eda esteticista, bella y sensual. Sus versos destacan por su imaginaci\u00f3n, su iron\u00eda, su tono decadente\u2026 DE PO\u00c9TICA Torna voluble el facistol girante de talladas caobas enceradas y&#8230; <\/p>\n<div class=\"read-more navbutton\"><a href=\"https:\/\/poeticas.es\/?p=1968\">Leer m\u00e1s<i class=\"fa fa-angle-double-right\"><\/i><\/a><\/div>\n","protected":false},"author":1,"featured_media":0,"comment_status":"closed","ping_status":"closed","sticky":false,"template":"","format":"standard","meta":{"_exactmetrics_skip_tracking":false,"_exactmetrics_sitenote_active":false,"_exactmetrics_sitenote_note":"","_exactmetrics_sitenote_category":0,"footnotes":""},"categories":[1,28],"tags":[130,15],"class_list":["post-1968","post","type-post","status-publish","format-standard","hentry","category-uncategorized","category-posguerra","tag-grupo-cantico","tag-xx"],"_links":{"self":[{"href":"https:\/\/poeticas.es\/index.php?rest_route=\/wp\/v2\/posts\/1968","targetHints":{"allow":["GET"]}}],"collection":[{"href":"https:\/\/poeticas.es\/index.php?rest_route=\/wp\/v2\/posts"}],"about":[{"href":"https:\/\/poeticas.es\/index.php?rest_route=\/wp\/v2\/types\/post"}],"author":[{"embeddable":true,"href":"https:\/\/poeticas.es\/index.php?rest_route=\/wp\/v2\/users\/1"}],"replies":[{"embeddable":true,"href":"https:\/\/poeticas.es\/index.php?rest_route=%2Fwp%2Fv2%2Fcomments&post=1968"}],"version-history":[{"count":5,"href":"https:\/\/poeticas.es\/index.php?rest_route=\/wp\/v2\/posts\/1968\/revisions"}],"predecessor-version":[{"id":5121,"href":"https:\/\/poeticas.es\/index.php?rest_route=\/wp\/v2\/posts\/1968\/revisions\/5121"}],"wp:attachment":[{"href":"https:\/\/poeticas.es\/index.php?rest_route=%2Fwp%2Fv2%2Fmedia&parent=1968"}],"wp:term":[{"taxonomy":"category","embeddable":true,"href":"https:\/\/poeticas.es\/index.php?rest_route=%2Fwp%2Fv2%2Fcategories&post=1968"},{"taxonomy":"post_tag","embeddable":true,"href":"https:\/\/poeticas.es\/index.php?rest_route=%2Fwp%2Fv2%2Ftags&post=1968"}],"curies":[{"name":"wp","href":"https:\/\/api.w.org\/{rel}","templated":true}]}}