{"id":2101,"date":"2009-04-04T09:03:38","date_gmt":"2009-04-04T09:03:38","guid":{"rendered":"http:\/\/poeticas.es\/?p=2101"},"modified":"2017-09-06T15:44:22","modified_gmt":"2017-09-06T13:44:22","slug":"manuel-rico","status":"publish","type":"post","link":"https:\/\/poeticas.es\/?p=2101","title":{"rendered":"Manuel Rico"},"content":{"rendered":"<p class=\"MsoList\" style=\"text-align: justify;\"><img loading=\"lazy\" decoding=\"async\" class=\"alignnone size-full wp-image-2102\" title=\"Sin t\u00edtulo, de Jos\u00e9 Sanle\u00f3n\" src=\"https:\/\/poeticas.es\/wp-content\/uploads\/2009\/04\/manuelrico.jpg\" alt=\"Sin t\u00edtulo, de Jos\u00e9 Sanle\u00f3n\" width=\"280\" height=\"373\" srcset=\"https:\/\/poeticas.es\/wp-content\/uploads\/2009\/04\/manuelrico.jpg 280w, https:\/\/poeticas.es\/wp-content\/uploads\/2009\/04\/manuelrico-225x300.jpg 225w\" sizes=\"auto, (max-width: 280px) 100vw, 280px\" \/><\/p>\n<p class=\"MsoList\" style=\"text-align: justify;\"><em>Manuel Rico (Madrid, 1952) combina en sus versos memoria, melancol\u00eda, apelaci\u00f3n a la historia e indagaci\u00f3n en el lenguaje. Concibe el poema como un espacio donde amalgamar \u201cpalabra reveladora y conciencia cr\u00edtica\u201d.<\/em><\/p>\n<p class=\"MsoList\"><strong>PAPELES INCIERTOS<\/strong><\/p>\n<p class=\"MsoList\">Jam\u00e1s la certidumbre. Nunca<br \/>\nla posesi\u00f3n de lo absoluto.<br \/>\nS\u00ed lo que abraza y reconstruye<br \/>\ntu fr\u00e1gil coraz\u00f3n con la materia<br \/>\nque forman las palabras, los apuntes,<br \/>\nlas piezas de la vida<br \/>\no de la muerte.<\/p>\n<p class=\"MsoList\">La tentaci\u00f3n perenne que no evitas.<br \/>\nEl tacto de la ropa acostumbrada<br \/>\na tus vicios secretos.<\/p>\n<p class=\"MsoList\">La pasi\u00f3n de las horas entregadas<br \/>\nen bares derrotados y en bocas clandestinas.<\/p>\n<p class=\"MsoList\">La secreta funci\u00f3n bajo la tinta<br \/>\nde esta pluma que adoras<br \/>\npor no ser s\u00f3lo tuya, qui\u00e9n dir\u00eda,<br \/>\nsino medio y cedazo<br \/>\nque recoge y que criba, selecciona<br \/>\nlos datos, los temblores, las derrotas,<br \/>\nla luz difuminada de la tarde,<br \/>\nlos aloja en el p\u00e1ramo<br \/>\nde esos folios vac\u00edos, a la espera<br \/>\nde la letra y su luz,<br \/>\ndel poder que los unge de un tizne diferente:<br \/>\nser papeles inciertos, llanuras asequibles<br \/>\na emociones difusas, a recuerdos y nubes,<br \/>\na octubres memorables.<\/p>\n<p class=\"MsoList\" style=\"padding-left: 30px;\"><em>Papeles inciertos<\/em>, 1990.<\/p>\n<p><!--more--><\/p>\n<p class=\"MsoList\"><strong>MATERIA Y POEMA<\/strong><\/p>\n<p class=\"MsoList\">La materia, que da sentido al agua y a las constelaciones,<br \/>\nque se adensa en el hombre, y all\u00ed llora y se aturde<br \/>\ny se acuesta debajo de los puentes,<br \/>\n\u00bfdetermina los sue\u00f1os?<br \/>\n<span style=\"padding-left: 155px;\">\u00bfNo se esculpe, en su fibra,<\/span><br \/>\nla conciencia? \u00bfNo se dibujan en su luz de madera<br \/>\nla pasi\u00f3n y su azogue, la lluvia o el desgaste de todo cuanto amamos?<\/p>\n<p class=\"MsoList\">Tal vez en esa patria, que no es filosof\u00eda, que es arcilla<br \/>\nde tiempo y de memoria, que atesora juguetes<br \/>\nya prescritos, cordeles y quinqu\u00e9s, disfraces y tragedias,<br \/>\nnos salvemos.<\/p>\n<p class=\"MsoList\">All\u00ed duermen los ni\u00f1os que el tiempo asesin\u00f3,<br \/>\ny con ellos conviven, como viejos parientes,<br \/>\nlas horas expropiadas a la noche, la palabra aprendida<br \/>\ncontra los amanuenses de la niebla.<\/p>\n<p class=\"MsoList\">\u00bfNo anid\u00f3 en sus ramajes ese p\u00e1jaro huidizo<br \/>\nal que llaman verdad los insensatos?<\/p>\n<p class=\"MsoList\">Acaso en su interior, como esquivos reptiles,<br \/>\nlos sue\u00f1os busquen una brizna de sol con que encender el mundo.<\/p>\n<p class=\"MsoList\">Hemos vivido: lo atestiguan fotograf\u00edas, grabaciones, actas notariales.<br \/>\n<span style=\"padding-left: 75px;\">En ellas a\u00fan respira<\/span><br \/>\nla sombra que nos miente, el polvo<br \/>\nde la fugacidad, el testimonio<br \/>\nde todo lo que el tiempo herman\u00f3 con la nada.<\/p>\n<p class=\"MsoList\">Mas ser\u00e1 otra materia quien nos salve:<br \/>\nesta senda de tinta que en un papel cualquiera<br \/>\nte atreviste a trazar, monstruo sin garras<br \/>\nal que dicen poeta<br \/>\nlos inquilinos de la noche, los adictos<br \/>\na esa ef\u00edmera luz que algunas veces<br \/>\ndestella entre las ruinas.<\/p>\n<p class=\"MsoList\" style=\"padding-left: 30px;\"><em>Donde nunca hubo \u00e1ngeles<\/em>, 2003.<\/p>\n","protected":false},"excerpt":{"rendered":"<p>Manuel Rico (Madrid, 1952) combina en sus versos memoria, melancol\u00eda, apelaci\u00f3n a la historia e indagaci\u00f3n en el lenguaje. Concibe el poema como un espacio donde amalgamar \u201cpalabra reveladora y conciencia cr\u00edtica\u201d. PAPELES INCIERTOS Jam\u00e1s la certidumbre. Nunca la posesi\u00f3n de lo absoluto. S\u00ed lo que abraza y reconstruye tu fr\u00e1gil coraz\u00f3n con la materia&#8230; <\/p>\n<div class=\"read-more navbutton\"><a href=\"https:\/\/poeticas.es\/?p=2101\">Leer m\u00e1s<i class=\"fa fa-angle-double-right\"><\/i><\/a><\/div>\n","protected":false},"author":1,"featured_media":0,"comment_status":"closed","ping_status":"closed","sticky":false,"template":"","format":"standard","meta":{"_exactmetrics_skip_tracking":false,"_exactmetrics_sitenote_active":false,"_exactmetrics_sitenote_note":"","_exactmetrics_sitenote_category":0,"footnotes":""},"categories":[1,13],"tags":[15,36],"class_list":["post-2101","post","type-post","status-publish","format-standard","hentry","category-uncategorized","category-contemporaneos","tag-xx","tag-xxi"],"_links":{"self":[{"href":"https:\/\/poeticas.es\/index.php?rest_route=\/wp\/v2\/posts\/2101","targetHints":{"allow":["GET"]}}],"collection":[{"href":"https:\/\/poeticas.es\/index.php?rest_route=\/wp\/v2\/posts"}],"about":[{"href":"https:\/\/poeticas.es\/index.php?rest_route=\/wp\/v2\/types\/post"}],"author":[{"embeddable":true,"href":"https:\/\/poeticas.es\/index.php?rest_route=\/wp\/v2\/users\/1"}],"replies":[{"embeddable":true,"href":"https:\/\/poeticas.es\/index.php?rest_route=%2Fwp%2Fv2%2Fcomments&post=2101"}],"version-history":[{"count":2,"href":"https:\/\/poeticas.es\/index.php?rest_route=\/wp\/v2\/posts\/2101\/revisions"}],"predecessor-version":[{"id":5104,"href":"https:\/\/poeticas.es\/index.php?rest_route=\/wp\/v2\/posts\/2101\/revisions\/5104"}],"wp:attachment":[{"href":"https:\/\/poeticas.es\/index.php?rest_route=%2Fwp%2Fv2%2Fmedia&parent=2101"}],"wp:term":[{"taxonomy":"category","embeddable":true,"href":"https:\/\/poeticas.es\/index.php?rest_route=%2Fwp%2Fv2%2Fcategories&post=2101"},{"taxonomy":"post_tag","embeddable":true,"href":"https:\/\/poeticas.es\/index.php?rest_route=%2Fwp%2Fv2%2Ftags&post=2101"}],"curies":[{"name":"wp","href":"https:\/\/api.w.org\/{rel}","templated":true}]}}