{"id":220,"date":"2009-02-01T15:23:19","date_gmt":"2009-02-01T15:23:19","guid":{"rendered":"http:\/\/poeticas.es\/?p=220"},"modified":"2017-09-06T15:47:29","modified_gmt":"2017-09-06T13:47:29","slug":"ricardo-jaimes-freyre","status":"publish","type":"post","link":"https:\/\/poeticas.es\/?p=220","title":{"rendered":"Ricardo Jaimes Freyre"},"content":{"rendered":"<p class=\"MsoNormal\" style=\"text-align: justify;\"><img loading=\"lazy\" decoding=\"async\" class=\"alignnone size-full wp-image-221\" title=\"El triunfo de la naturaleza, de Cecilio Guzm\u00e1n de Rojas\" src=\"https:\/\/poeticas.es\/wp-content\/uploads\/2009\/02\/ricardojaimesfreyre.jpg\" alt=\"El triunfo de la naturaleza, de Cecilio Guzm\u00e1n de Rojas\" width=\"320\" height=\"227\" srcset=\"https:\/\/poeticas.es\/wp-content\/uploads\/2009\/02\/ricardojaimesfreyre.jpg 320w, https:\/\/poeticas.es\/wp-content\/uploads\/2009\/02\/ricardojaimesfreyre-300x212.jpg 300w\" sizes=\"auto, (max-width: 320px) 100vw, 320px\" \/><\/p>\n<p class=\"MsoNormal\" style=\"text-align: justify;\"><em>Ricardo Jaimes Freyre (Bolivia, 1868-1933) destaca dentro del modernismo hisp\u00e1nico por el poder evocador de su lenguaje y el atractivo de las leyendas medievales y n\u00f3rdicas que recrea.<\/em><\/p>\n<p class=\"MsoNormal\"><strong>EL POETA CELEBRA EL GOCE DE LA VIDA<\/strong><\/p>\n<h6 class=\"peque\" style=\"padding-left: 90px;\">A Jacinto Rafael Pachano<\/h6>\n<p class=\"MsoNormal\">Jacinto, de la rosa del viejo Anacreonte<br \/>\nsac\u00f3 la abeja antigua dulc\u00edsimos panales;<br \/>\ncuando cerr\u00f3 sus templos el rojo dios bifronte<br \/>\noy\u00e9ronse en el Lacio himnos de amor triunfales.<\/p>\n<p class=\"MsoNormal\">Vano es que el blanco cisne la oscura muerte afronte<br \/>\nsi no canta su canto de notas inmortales.<br \/>\nLa misteriosa sombra no cubre el horizonte<br \/>\nsin que la luz fecunda prodigue sus raudales.<\/p>\n<p class=\"MsoNormal\">Yo que el jard\u00edn de Horacio pis\u00e9 gozoso un d\u00eda<br \/>\ny tuve de las risas la amable compa\u00f1\u00eda,<br \/>\ns\u00e9 que no hay, bajo el cielo, m\u00e1s venturosa suerte.<\/p>\n<p class=\"MsoNormal\">\u00c1brase as\u00ed, a tus ojos, el pavoroso arcano,<br \/>\nmientras mis pasos llevo por entre el bosque humano,<br \/>\nso\u00f1ador y nost\u00e1lgico y triste hasta la muerte\u2026<\/p>\n<p class=\"MsoNormal\" style=\"padding-left: 30px;\"><em>Pa\u00eds de sombra<\/em>, 1899.<\/p>\n<p><!--more--><\/p>\n<p class=\"MsoNormal\"><strong>EL CANTO DEL GRAAL<\/strong><\/p>\n<p class=\"MsoNormal\">Cuando el eco de la alada armon\u00eda<br \/>\ntembloroso en mi o\u00eddo resuena<br \/>\nsiento arder una extra\u00f1a alegr\u00eda<br \/>\nen el fondo sin luz de mi pena.<\/p>\n<p class=\"MsoNormal\">Eco vago de alada armon\u00eda<br \/>\nque la noche del alma serena,<br \/>\nfugitivo como una alegr\u00eda<br \/>\ndulcemente en mi o\u00eddo resuena.<\/p>\n<p class=\"MsoNormal\">\u00bfEs acaso una vieja alegr\u00eda<br \/>\nque renace, como una armon\u00eda,<br \/>\nen el fondo sin luz de mi pena?<\/p>\n<p class=\"MsoNormal\">Esperanza o recuerdo, cadena<br \/>\nque eslabona una mano sombr\u00eda<br \/>\nde crep\u00fasculos l\u00edvidos llena\u2026<\/p>\n<p class=\"MsoNormal\">\u00a1Arda y tiemble esa extra\u00f1a armon\u00eda<br \/>\nen el fondo sin luz de mi pena!<\/p>\n<p class=\"MsoNormal\" style=\"padding-left: 30px;\"><em>Pa\u00eds de sue\u00f1o<\/em>, en <em>Castalia b\u00e1rbara<\/em>, 1899.<\/p>\n<p class=\"MsoNormal\"><strong>SIEMPRE\u2026<\/strong><\/p>\n<p class=\"MsoNormal\">Peregrina paloma imaginaria<br \/>\nque enardeces los \u00faltimos amores;<br \/>\nalma de luz, de m\u00fasica y de flores<br \/>\nperegrina paloma imaginaria.<\/p>\n<p class=\"MsoNormal\">Vuela sobre la roca solitaria<br \/>\nque ba\u00f1a el mar glacial de los dolores;<br \/>\nhaya, a tu paso, un haz de resplandores,<br \/>\nsobre la adusta roca solitaria\u2026<\/p>\n<p class=\"MsoNormal\">Vuela sobre la roca solitaria<br \/>\nperegrina paloma, ala de nieve<br \/>\ncomo divina hostia, ala tan leve<\/p>\n<p class=\"MsoNormal\">como un copo de nieve; ala divina,<br \/>\ncopo de nieve, lirio, hostia, neblina,<br \/>\nperegrina paloma imaginaria\u2026<\/p>\n<p class=\"MsoNormal\" style=\"padding-left: 30px;\"><em>Castalia b\u00e1rbara<\/em>, 1899.<\/p>\n","protected":false},"excerpt":{"rendered":"<p>Ricardo Jaimes Freyre (Bolivia, 1868-1933) destaca dentro del modernismo hisp\u00e1nico por el poder evocador de su lenguaje y el atractivo de las leyendas medievales y n\u00f3rdicas que recrea. EL POETA CELEBRA EL GOCE DE LA VIDA A Jacinto Rafael Pachano Jacinto, de la rosa del viejo Anacreonte sac\u00f3 la abeja antigua dulc\u00edsimos panales; cuando cerr\u00f3&#8230; <\/p>\n<div class=\"read-more navbutton\"><a href=\"https:\/\/poeticas.es\/?p=220\">Leer m\u00e1s<i class=\"fa fa-angle-double-right\"><\/i><\/a><\/div>\n","protected":false},"author":1,"featured_media":0,"comment_status":"closed","ping_status":"closed","sticky":false,"template":"","format":"standard","meta":{"_exactmetrics_skip_tracking":false,"_exactmetrics_sitenote_active":false,"_exactmetrics_sitenote_note":"","_exactmetrics_sitenote_category":0,"footnotes":""},"categories":[1,61],"tags":[35,38,15],"class_list":["post-220","post","type-post","status-publish","format-standard","hentry","category-uncategorized","category-literatura-boliviana","tag-modernismo","tag-xix","tag-xx"],"_links":{"self":[{"href":"https:\/\/poeticas.es\/index.php?rest_route=\/wp\/v2\/posts\/220","targetHints":{"allow":["GET"]}}],"collection":[{"href":"https:\/\/poeticas.es\/index.php?rest_route=\/wp\/v2\/posts"}],"about":[{"href":"https:\/\/poeticas.es\/index.php?rest_route=\/wp\/v2\/types\/post"}],"author":[{"embeddable":true,"href":"https:\/\/poeticas.es\/index.php?rest_route=\/wp\/v2\/users\/1"}],"replies":[{"embeddable":true,"href":"https:\/\/poeticas.es\/index.php?rest_route=%2Fwp%2Fv2%2Fcomments&post=220"}],"version-history":[{"count":4,"href":"https:\/\/poeticas.es\/index.php?rest_route=\/wp\/v2\/posts\/220\/revisions"}],"predecessor-version":[{"id":5321,"href":"https:\/\/poeticas.es\/index.php?rest_route=\/wp\/v2\/posts\/220\/revisions\/5321"}],"wp:attachment":[{"href":"https:\/\/poeticas.es\/index.php?rest_route=%2Fwp%2Fv2%2Fmedia&parent=220"}],"wp:term":[{"taxonomy":"category","embeddable":true,"href":"https:\/\/poeticas.es\/index.php?rest_route=%2Fwp%2Fv2%2Fcategories&post=220"},{"taxonomy":"post_tag","embeddable":true,"href":"https:\/\/poeticas.es\/index.php?rest_route=%2Fwp%2Fv2%2Ftags&post=220"}],"curies":[{"name":"wp","href":"https:\/\/api.w.org\/{rel}","templated":true}]}}