{"id":2239,"date":"2009-04-05T12:31:29","date_gmt":"2009-04-05T12:31:29","guid":{"rendered":"http:\/\/poeticas.es\/?p=2239"},"modified":"2017-09-06T15:44:20","modified_gmt":"2017-09-06T13:44:20","slug":"emilio-ballagas","status":"publish","type":"post","link":"https:\/\/poeticas.es\/?p=2239","title":{"rendered":"Emilio Ballagas"},"content":{"rendered":"<p style=\"text-align: justify;\"><img loading=\"lazy\" decoding=\"async\" class=\"alignnone size-full wp-image-2240\" title=\"Danza afrocubana, de Mario Carre\u00f1o\" src=\"https:\/\/poeticas.es\/wp-content\/uploads\/2009\/04\/emilioballagas.jpg\" alt=\"Danza afrocubana, de Mario Carre\u00f1o\" width=\"280\" height=\"377\" srcset=\"https:\/\/poeticas.es\/wp-content\/uploads\/2009\/04\/emilioballagas.jpg 280w, https:\/\/poeticas.es\/wp-content\/uploads\/2009\/04\/emilioballagas-222x300.jpg 222w\" sizes=\"auto, (max-width: 280px) 100vw, 280px\" \/><\/p>\n<p style=\"text-align: justify;\"><em>En los a\u00f1os 30, la obra de Emilio Ballagas (1908-1954) participa de las dos corrientes principales de la poes\u00eda vanguardista cubana: la poes\u00eda pura y la poes\u00eda negra. M\u00e1s tarde, sus versos se te\u00f1ir\u00e1n de preocupaciones metaf\u00edsicas y religiosas, sin renunciar por ello a la hermosura del lenguaje.<\/em><\/p>\n<p><strong>\u2026Y MI CANTO<\/strong><\/p>\n<p>Se apagaron de pronto las campanas,<br \/>\nenmudecieron hoscos los balcones<br \/>\ny se espant\u00f3 la luz en brusco vuelo.<\/p>\n<p>Tend\u00ed con la mirada<br \/>\nluz sobre los caminos.<br \/>\nY cant\u00e9 a pulm\u00f3n vivo:<br \/>\nen cada nota iba un trozo de m\u00ed mismo.<\/p>\n<p>Salpicando colores<br \/>\nsacud\u00ed en mil gorjeos<br \/>\nmi propio coraz\u00f3n\u2026<\/p>\n<p>\u2026Y las puertas<br \/>\nse abrieron en triunfo,<br \/>\nhicieron eco todas las campanas,<\/p>\n<p>y vino el p\u00e1jaro de la alborada<br \/>\na picotear estrellas en mi mano,<br \/>\na posarse cantando en mi \u00edndice.<\/p>\n<p style=\"padding-left: 30px;\"><em>J\u00fabilo y fuga<\/em>, 1931.<\/p>\n","protected":false},"excerpt":{"rendered":"<p>En los a\u00f1os 30, la obra de Emilio Ballagas (1908-1954) participa de las dos corrientes principales de la poes\u00eda vanguardista cubana: la poes\u00eda pura y la poes\u00eda negra. M\u00e1s tarde, sus versos se te\u00f1ir\u00e1n de preocupaciones metaf\u00edsicas y religiosas, sin renunciar por ello a la hermosura del lenguaje. \u2026Y MI CANTO Se apagaron de pronto&#8230; <\/p>\n<div class=\"read-more navbutton\"><a href=\"https:\/\/poeticas.es\/?p=2239\">Leer m\u00e1s<i class=\"fa fa-angle-double-right\"><\/i><\/a><\/div>\n","protected":false},"author":1,"featured_media":0,"comment_status":"closed","ping_status":"closed","sticky":false,"template":"","format":"standard","meta":{"_exactmetrics_skip_tracking":false,"_exactmetrics_sitenote_active":false,"_exactmetrics_sitenote_note":"","_exactmetrics_sitenote_category":0,"footnotes":""},"categories":[1,37],"tags":[121,34,15],"class_list":["post-2239","post","type-post","status-publish","format-standard","hentry","category-uncategorized","category-literatura-cubana","tag-poesia-negra","tag-poesia-pura","tag-xx"],"_links":{"self":[{"href":"https:\/\/poeticas.es\/index.php?rest_route=\/wp\/v2\/posts\/2239","targetHints":{"allow":["GET"]}}],"collection":[{"href":"https:\/\/poeticas.es\/index.php?rest_route=\/wp\/v2\/posts"}],"about":[{"href":"https:\/\/poeticas.es\/index.php?rest_route=\/wp\/v2\/types\/post"}],"author":[{"embeddable":true,"href":"https:\/\/poeticas.es\/index.php?rest_route=\/wp\/v2\/users\/1"}],"replies":[{"embeddable":true,"href":"https:\/\/poeticas.es\/index.php?rest_route=%2Fwp%2Fv2%2Fcomments&post=2239"}],"version-history":[{"count":3,"href":"https:\/\/poeticas.es\/index.php?rest_route=\/wp\/v2\/posts\/2239\/revisions"}],"predecessor-version":[{"id":5086,"href":"https:\/\/poeticas.es\/index.php?rest_route=\/wp\/v2\/posts\/2239\/revisions\/5086"}],"wp:attachment":[{"href":"https:\/\/poeticas.es\/index.php?rest_route=%2Fwp%2Fv2%2Fmedia&parent=2239"}],"wp:term":[{"taxonomy":"category","embeddable":true,"href":"https:\/\/poeticas.es\/index.php?rest_route=%2Fwp%2Fv2%2Fcategories&post=2239"},{"taxonomy":"post_tag","embeddable":true,"href":"https:\/\/poeticas.es\/index.php?rest_route=%2Fwp%2Fv2%2Ftags&post=2239"}],"curies":[{"name":"wp","href":"https:\/\/api.w.org\/{rel}","templated":true}]}}