{"id":2243,"date":"2009-04-05T12:40:09","date_gmt":"2009-04-05T12:40:09","guid":{"rendered":"http:\/\/poeticas.es\/?p=2243"},"modified":"2017-09-06T15:44:20","modified_gmt":"2017-09-06T13:44:20","slug":"juan-eduardo-cirlot","status":"publish","type":"post","link":"https:\/\/poeticas.es\/?p=2243","title":{"rendered":"Juan Eduardo Cirlot"},"content":{"rendered":"<p class=\"MsoList\" style=\"text-align: justify;\"><img loading=\"lazy\" decoding=\"async\" class=\"alignnone size-full wp-image-2244\" title=\"Collage de la serie El mundo roto, de Rom\u00e0 Vall\u00e9s\" src=\"https:\/\/poeticas.es\/wp-content\/uploads\/2009\/04\/juaneduardocirlot.jpg\" alt=\"Collage de la serie El mundo roto, de Rom\u00e0 Vall\u00e9s\" width=\"400\" height=\"320\" srcset=\"https:\/\/poeticas.es\/wp-content\/uploads\/2009\/04\/juaneduardocirlot.jpg 400w, https:\/\/poeticas.es\/wp-content\/uploads\/2009\/04\/juaneduardocirlot-300x240.jpg 300w\" sizes=\"auto, (max-width: 400px) 100vw, 400px\" \/><\/p>\n<p class=\"MsoList\" style=\"text-align: justify;\"><em>Para Juan-Eduardo Cirlot (Barcelona, 1916-1973), poeta visionario, cercano al surrealismo, que mantuvo el esp\u00edritu de las primeras vanguardias en la Espa\u00f1a de posguerra, la poes\u00eda es \u201cun esfuerzo por encontrar el umbral de la ultrarrealidad\u201d.<\/em><\/p>\n<p class=\"MsoList\" style=\"text-align: justify;\"><strong>EL POETA<\/strong><\/p>\n<p class=\"MsoList\" style=\"text-align: justify;\"><span style=\"padding-left: 20px;\">Ese hombre de cabellera dispersa, no es otra cosa que el exhumador de un mundo antes irredento. Ha aprendido, sufriendo, f\u00f3rmulas m\u00e1gicas que los otros desconocen: conjuros para evocar y recrear las danzas interiores.<\/span><br \/>\n<span style=\"padding-left: 20px;\">Razas sordomudas, perdidas en sus parajes profundos, cobran voz bruscamente y, desde el valle dormido bajo la niebla, ese coral suena iluminando regiones desoladas o magn\u00edficas.<\/span><br \/>\n<span style=\"padding-left: 20px;\">As\u00ed hasta que toda la tierra se convierte en eco.<\/span><\/p>\n<p class=\"MsoList\" style=\"padding-left: 30px;\"><em>\u00c1rbol ag\u00f3nico<\/em>, 1945.<\/p>\n<p><!--more--><\/p>\n<p class=\"MsoList\"><strong>A APOLO MUSAGETA<\/strong><\/p>\n<p class=\"MsoList\">Un inmenso dolor quiere ser canto.<br \/>\nEn la orilla celeste del paisaje.<\/p>\n<p class=\"MsoList\">Coronado de olivos suplicantes<br \/>\n\u00a1Oh Dios, arrodillado, yo te invoco!<\/p>\n<p class=\"MsoList\">Intento comunicar tus ojos fr\u00edos,<br \/>\ntus sienes de platino inaccesible.<\/p>\n<p class=\"MsoList\">Voy vestido de negro, rosas negras<br \/>\nofrezco a tus sublimes manos puras.<\/p>\n<p class=\"MsoList\">T\u00fa que fuiste pastor, m\u00edrame esclavo<br \/>\npor senderos que pisan los corderos.<\/p>\n<p class=\"MsoList\">Domina mi temblor con tu inmutable<br \/>\nsonrisa que refleja el horizonte.<\/p>\n<p class=\"MsoList\">Las nubes lentamente me traspasan,<br \/>\nme muevo en un silencio desolado.<\/p>\n<p class=\"MsoList\">\u00a1Inc\u00e9ndiame de espadas y de gritos<br \/>\ny mira c\u00f3mo sufro entre tus labios!<\/p>\n<p class=\"MsoList\" style=\"padding-left: 30px;\"><em>\u00c1rbol ag\u00f3nico<\/em>, 1945.<\/p>\n","protected":false},"excerpt":{"rendered":"<p>Para Juan-Eduardo Cirlot (Barcelona, 1916-1973), poeta visionario, cercano al surrealismo, que mantuvo el esp\u00edritu de las primeras vanguardias en la Espa\u00f1a de posguerra, la poes\u00eda es \u201cun esfuerzo por encontrar el umbral de la ultrarrealidad\u201d. EL POETA Ese hombre de cabellera dispersa, no es otra cosa que el exhumador de un mundo antes irredento. Ha&#8230; <\/p>\n<div class=\"read-more navbutton\"><a href=\"https:\/\/poeticas.es\/?p=2243\">Leer m\u00e1s<i class=\"fa fa-angle-double-right\"><\/i><\/a><\/div>\n","protected":false},"author":1,"featured_media":0,"comment_status":"closed","ping_status":"closed","sticky":false,"template":"","format":"standard","meta":{"_exactmetrics_skip_tracking":false,"_exactmetrics_sitenote_active":false,"_exactmetrics_sitenote_note":"","_exactmetrics_sitenote_category":0,"footnotes":""},"categories":[1,28],"tags":[44,15],"class_list":["post-2243","post","type-post","status-publish","format-standard","hentry","category-uncategorized","category-posguerra","tag-surrealismo","tag-xx"],"_links":{"self":[{"href":"https:\/\/poeticas.es\/index.php?rest_route=\/wp\/v2\/posts\/2243","targetHints":{"allow":["GET"]}}],"collection":[{"href":"https:\/\/poeticas.es\/index.php?rest_route=\/wp\/v2\/posts"}],"about":[{"href":"https:\/\/poeticas.es\/index.php?rest_route=\/wp\/v2\/types\/post"}],"author":[{"embeddable":true,"href":"https:\/\/poeticas.es\/index.php?rest_route=\/wp\/v2\/users\/1"}],"replies":[{"embeddable":true,"href":"https:\/\/poeticas.es\/index.php?rest_route=%2Fwp%2Fv2%2Fcomments&post=2243"}],"version-history":[{"count":3,"href":"https:\/\/poeticas.es\/index.php?rest_route=\/wp\/v2\/posts\/2243\/revisions"}],"predecessor-version":[{"id":4489,"href":"https:\/\/poeticas.es\/index.php?rest_route=\/wp\/v2\/posts\/2243\/revisions\/4489"}],"wp:attachment":[{"href":"https:\/\/poeticas.es\/index.php?rest_route=%2Fwp%2Fv2%2Fmedia&parent=2243"}],"wp:term":[{"taxonomy":"category","embeddable":true,"href":"https:\/\/poeticas.es\/index.php?rest_route=%2Fwp%2Fv2%2Fcategories&post=2243"},{"taxonomy":"post_tag","embeddable":true,"href":"https:\/\/poeticas.es\/index.php?rest_route=%2Fwp%2Fv2%2Ftags&post=2243"}],"curies":[{"name":"wp","href":"https:\/\/api.w.org\/{rel}","templated":true}]}}