{"id":2348,"date":"2009-04-08T17:34:46","date_gmt":"2009-04-08T17:34:46","guid":{"rendered":"http:\/\/poeticas.es\/?p=2348"},"modified":"2017-09-06T15:44:19","modified_gmt":"2017-09-06T13:44:19","slug":"mercedes-roffe","status":"publish","type":"post","link":"https:\/\/poeticas.es\/?p=2348","title":{"rendered":"Mercedes Roff\u00e9"},"content":{"rendered":"<p class=\"MsoNormal\" style=\"text-align: justify;\"><img loading=\"lazy\" decoding=\"async\" class=\"alignnone size-full wp-image-2349\" title=\"Camino infinito, de Mariana Semino\" src=\"https:\/\/poeticas.es\/wp-content\/uploads\/2009\/04\/mercedesroffe.jpg\" alt=\"Camino infinito, de Mariana Semino\" width=\"348\" height=\"280\" srcset=\"https:\/\/poeticas.es\/wp-content\/uploads\/2009\/04\/mercedesroffe.jpg 348w, https:\/\/poeticas.es\/wp-content\/uploads\/2009\/04\/mercedesroffe-300x241.jpg 300w\" sizes=\"auto, (max-width: 348px) 100vw, 348px\" \/><\/p>\n<p class=\"MsoNormal\" style=\"text-align: justify;\"><em>El di\u00e1logo con otros poetas, el cuestionamiento de los t\u00f3picos tradicionales y la exploraci\u00f3n de las posibilidades del lenguaje literario son algunas de las caracter\u00edsticas de la obra de la argentina Mercedes Roff\u00e9 (1954).<\/em><\/p>\n<p class=\"MsoNormal\" style=\"text-align: justify;\"><strong>VISI\u00d3N PRISM\u00c1TICA\u2026<\/strong><\/p>\n<p class=\"MsoNormal\" style=\"text-align: justify;\">Visi\u00f3n prism\u00e1tica, dividida, dispersa. Un no sostenerse en el lugar sino rodearlo y rodear el vac\u00edo que se deja.<\/p>\n<p class=\"MsoNormal\" style=\"text-align: justify;\">Observaci\u00f3n: un mantener viva la llama de una pura fe sin credo ni culto ni Reliquia. Un mantenerse viva en la fe \u2013un vac\u00edo.<\/p>\n<p class=\"MsoNormal\" style=\"text-align: justify;\">As\u00edndeton. Aposici\u00f3n. La gram\u00e1tica como una anatom\u00eda. Te\u00f3rica desnudez.<\/p>\n<p class=\"MsoNormal\" style=\"padding-left: 30px; text-align: justify;\"><em>Memorial de agravios. O de las cosas que han pasado en esta tierra<\/em>, 2002.<\/p>\n<p><!--more--><\/p>\n<p class=\"MsoNormal\" style=\"text-align: justify;\"><strong>LA MET\u00c1FORA HA MUERTO\u2026<\/strong><\/p>\n<p class=\"MsoNormal\" style=\"text-align: justify;\">La met\u00e1fora ha muerto.<\/p>\n<p class=\"MsoNormal\" style=\"text-align: justify;\">Nada se parece a nada.<\/p>\n<p class=\"MsoNormal\" style=\"text-align: justify;\">La m\u00e1s m\u00ednima fracci\u00f3n de cada \u00e1tomo absorbida en la tarea de cumplir su \u00ednfimo mandamiento. Sostenerse en el ser, cada ma\u00f1ana, no importa qu\u00e9.<br \/>\nLa anatom\u00eda exhausta del cipr\u00e9s\u2026 La terquedad crispada de los pinos\u2026 El blanco inocuo del hielo en el dintel.<\/p>\n<p class=\"MsoNormal\" style=\"text-align: justify;\">El or\u00edn del perro del vecino traza un surco en la nieve. Min\u00fasculo.<\/p>\n<p class=\"MsoNormal\" style=\"text-align: justify;\">No menos que todo lo dem\u00e1s. No menos<\/p>\n<p class=\"MsoNormal\" style=\"text-align: justify;\">que esta arrebatada voluntad, la inanidad segura de este intento.<\/p>\n<p class=\"MsoNormal\" style=\"padding-left: 30px; text-align: justify;\"><em>Memorial de agravios. O de las cosas que han pasado en esta tierra<\/em>, 2002.<\/p>\n","protected":false},"excerpt":{"rendered":"<p>El di\u00e1logo con otros poetas, el cuestionamiento de los t\u00f3picos tradicionales y la exploraci\u00f3n de las posibilidades del lenguaje literario son algunas de las caracter\u00edsticas de la obra de la argentina Mercedes Roff\u00e9 (1954). VISI\u00d3N PRISM\u00c1TICA\u2026 Visi\u00f3n prism\u00e1tica, dividida, dispersa. Un no sostenerse en el lugar sino rodearlo y rodear el vac\u00edo que se deja&#8230;. <\/p>\n<div class=\"read-more navbutton\"><a href=\"https:\/\/poeticas.es\/?p=2348\">Leer m\u00e1s<i class=\"fa fa-angle-double-right\"><\/i><\/a><\/div>\n","protected":false},"author":1,"featured_media":0,"comment_status":"closed","ping_status":"closed","sticky":false,"template":"","format":"standard","meta":{"_exactmetrics_skip_tracking":false,"_exactmetrics_sitenote_active":false,"_exactmetrics_sitenote_note":"","_exactmetrics_sitenote_category":0,"footnotes":""},"categories":[1,19],"tags":[62,15,36],"class_list":["post-2348","post","type-post","status-publish","format-standard","hentry","category-uncategorized","category-literatura-argentina","tag-escritoras","tag-xx","tag-xxi"],"_links":{"self":[{"href":"https:\/\/poeticas.es\/index.php?rest_route=\/wp\/v2\/posts\/2348","targetHints":{"allow":["GET"]}}],"collection":[{"href":"https:\/\/poeticas.es\/index.php?rest_route=\/wp\/v2\/posts"}],"about":[{"href":"https:\/\/poeticas.es\/index.php?rest_route=\/wp\/v2\/types\/post"}],"author":[{"embeddable":true,"href":"https:\/\/poeticas.es\/index.php?rest_route=\/wp\/v2\/users\/1"}],"replies":[{"embeddable":true,"href":"https:\/\/poeticas.es\/index.php?rest_route=%2Fwp%2Fv2%2Fcomments&post=2348"}],"version-history":[{"count":3,"href":"https:\/\/poeticas.es\/index.php?rest_route=\/wp\/v2\/posts\/2348\/revisions"}],"predecessor-version":[{"id":5075,"href":"https:\/\/poeticas.es\/index.php?rest_route=\/wp\/v2\/posts\/2348\/revisions\/5075"}],"wp:attachment":[{"href":"https:\/\/poeticas.es\/index.php?rest_route=%2Fwp%2Fv2%2Fmedia&parent=2348"}],"wp:term":[{"taxonomy":"category","embeddable":true,"href":"https:\/\/poeticas.es\/index.php?rest_route=%2Fwp%2Fv2%2Fcategories&post=2348"},{"taxonomy":"post_tag","embeddable":true,"href":"https:\/\/poeticas.es\/index.php?rest_route=%2Fwp%2Fv2%2Ftags&post=2348"}],"curies":[{"name":"wp","href":"https:\/\/api.w.org\/{rel}","templated":true}]}}