{"id":2352,"date":"2009-04-08T17:41:57","date_gmt":"2009-04-08T17:41:57","guid":{"rendered":"http:\/\/poeticas.es\/?p=2352"},"modified":"2017-09-06T15:44:19","modified_gmt":"2017-09-06T13:44:19","slug":"eugenio-de-nora","status":"publish","type":"post","link":"https:\/\/poeticas.es\/?p=2352","title":{"rendered":"Eugenio de Nora"},"content":{"rendered":"<p style=\"text-align: justify;\"><img loading=\"lazy\" decoding=\"async\" class=\"alignnone size-full wp-image-2353\" title=\"Anochecer, de Agust\u00edn Redondela\" src=\"https:\/\/poeticas.es\/wp-content\/uploads\/2009\/04\/eugeniodenora.jpg\" alt=\"Anochecer, de Agust\u00edn Redondela\" width=\"406\" height=\"330\" srcset=\"https:\/\/poeticas.es\/wp-content\/uploads\/2009\/04\/eugeniodenora.jpg 406w, https:\/\/poeticas.es\/wp-content\/uploads\/2009\/04\/eugeniodenora-300x243.jpg 300w\" sizes=\"auto, (max-width: 406px) 100vw, 406px\" \/><\/p>\n<p style=\"text-align: justify;\"><em>El leon\u00e9s Eugenio de Nora (1923), uno de los cofundadores, en 1944, de la revista Espada\u00f1a, cultiv\u00f3 una poes\u00eda dram\u00e1tica, desgarrada, expresi\u00f3n de inquietudes existenciales y sociales. Sus versos giran en torno al amor, la muerte, la historia, la pol\u00edtica y el deseo de trascender la dura condici\u00f3n humana.<\/em><\/p>\n<p class=\"MsoNormal\"><strong>OTRA VOZ<\/strong><\/p>\n<p class=\"MsoNormal\">Durante tiempo y tiempo,<br \/>\nmirando a las estrellas, entre dulces muchachas,<br \/>\nflores azules, p\u00e1jaros de colores,<br \/>\ny otras circunstancias as\u00ed de tiernas y conmovedoras,<br \/>\nel poeta fue como un erguido girasol celeste,<br \/>\ndeslumbrado en el vivo resplandor<br \/>\nde la lejana e impasible belleza.<\/p>\n<p class=\"MsoNormal\">Durante d\u00edas y noches<br \/>\ntendi\u00f3 siempre a lo alto, clam\u00f3 hacia lo imposible,<br \/>\ny se arranc\u00f3 jirones de aquel manto divino,<br \/>\ncuid\u00f3 bien esconderlos, como en un cofre repujado y herm\u00e9tico,<br \/>\ninviolables a fuerzas de espadas,<br \/>\nen art\u00edsticas rimas, en s\u00edmbolos e im\u00e1genes<br \/>\ninaccesibles a la profanaci\u00f3n bestial de las sedientas multitudes.<\/p>\n<p class=\"MsoNormal\">Mientras cruj\u00eda espeso el hurac\u00e1n,<br \/>\no ca\u00eda, ca\u00eda con suavidad la hermosa nieve,<br \/>\ntras los tibios cristales el poeta busc\u00f3 algo que adecuar a su alma;<br \/>\no en los atardeceres calurosos, de invencible pereza,<br \/>\nentonces, cuando los segadores encallecen las manos frente al trigo,<br \/>\nso\u00f1\u00f3 quiz\u00e1s en los ojos oscuros<br \/>\nde mujeres que existen en islas del Oc\u00e9ano.<\/p>\n<p class=\"MsoNormal\">S\u00ed. Ciego, cruel, ext\u00e1tico, su infantil mano puede<br \/>\nque alguna piedra avara y m\u00e1gica, arrancara<br \/>\nde la profunda mina, alg\u00fan tesoro inviolado.<br \/>\n\u00a1Ciego! Sin o\u00edr, sin ver la Tierra,<br \/>\npoblada, sudorosa de hombres que r\u00eden o sufren,<br \/>\nde tremendas criaturas amorosas o hambrientas,<br \/>\ninjustas, criminales, o fracasadas, solas.<\/p>\n<p class=\"MsoNormal\">\u2026Durante mucho tiempo. Hasta que un d\u00eda,<br \/>\nla desnuda presencia de la muerte, de pronto,<br \/>\nabri\u00f3 sus ojos.<br \/>\n\u00a1Oh muerte bienhechora,<br \/>\ncertidumbre \u00fanica, luz bella y verdadera entre sue\u00f1os que huyen!<br \/>\n\u00bfQu\u00e9 ser\u00eda la vida si tu vino precioso<br \/>\nno infundiera valor, no le diera<br \/>\nrigidez de ya eterno<br \/>\na cada fugitivo instante? \u00a1No, ya nunca,<br \/>\nnunca m\u00e1s, aterido por el claro lunar,<br \/>\npor el gentil atardecer o el majestuoso firmamento,<br \/>\nolvidar\u00e1 el poeta, rechazar\u00e1 a sus vivos y a sus muertos!<\/p>\n<p class=\"MsoNormal\">Abri\u00f3 los ojos y vio al mundo terrible<br \/>\nde los hombres de carne, s\u00f3lo eso:<br \/>\ndolor frente a la muerta.<\/p>\n<p class=\"MsoNormal\">Puesto que vano, vano, f\u00fatil y sin destino<br \/>\nes todo lo que fuera del hombre sucede, aunque la sombra<br \/>\narrincone en lo an\u00f3nimo tantas vidas oscuras:<br \/>\n\u00a1Oh poeta, esclarece el Destino!<br \/>\nH\u00fandete, arraiga hondo,<br \/>\ncon los ojos abiertos, con el alma fundida<br \/>\nen la sangre, el anhelo, y la voz de los hombres.<br \/>\nCon la voz de los muertos,<br \/>\ny de todos aquellos que en silencio agonizan,<br \/>\ny de cuantos por siglos morir\u00e1n sin hablar.<\/p>\n<p class=\"MsoNormal\" style=\"padding-left: 30px;\"><em>Cantos al destino<\/em>, 1945.<\/p>\n<p><!--more--><\/p>\n<p class=\"MsoNormal\"><strong>TESTIMONIO<\/strong><\/p>\n<p class=\"MsoNormal\">El silencio pesado,<br \/>\nla m\u00fasica, y el tiempo que hace ah\u00ed fuera,<br \/>\nla gente de las calles con uniforme o luto,<br \/>\nlas cicatrices que miro en tantas almas,<br \/>\nel sol rojizo iluminando c\u00e1rceles,<br \/>\nruinas, y ciertos muros, ah, ciertos terraplenes<br \/>\nen los que se incrustaron balas tibias con sangre,<br \/>\ncon sorpresas de sangre visitada de pronto;<br \/>\nlas condecoraciones, las banderas,<br \/>\nlos hombres m\u00e1s providenciales, y los menos,<br \/>\nlas noticias que no traen los peri\u00f3dicos,<br \/>\ny las otras interminables, infantiles,<br \/>\nanonadantes cosas de diferente especie,<br \/>\nme sit\u00faan en m\u00ed, sin libertad posible,<br \/>\ncomo una oruga entre batallas:<br \/>\nno hay ojos, pies o manos,<br \/>\npalabras, violines,<br \/>\ncon los que ver, tocar, pisar en firme,<br \/>\nescuchar un latido<br \/>\nal combatido coraz\u00f3n de la vida,<br \/>\nsostenerse en el lomo de ballena furiosa<br \/>\nque revuelve estas cosas que pasan.<\/p>\n<p class=\"MsoNormal\">Yo bien quisiera<br \/>\nhablar con voz m\u00e1s pura de la luna y las flores,<br \/>\no descifrar en versos m\u00e1gicos<br \/>\nel color de los ojos de la mujer que amo:<br \/>\npero ah\u00ed est\u00e1 lo otro<br \/>\nun oleaje, una salva de aplausos y disparos,<br \/>\nel mar ronco por las calles.<\/p>\n<p class=\"MsoNormal\">Yo fui aqu\u00e9l que silenciosamente<br \/>\nbesa las rosas y contempla el cielo:<br \/>\nPero ah\u00ed est\u00e1n los a\u00f1os enemigos,<br \/>\ntupidos de odio, abiertos como heridas,<br \/>\ndesfallecidos de belleza amarga.<br \/>\n\u00a1Aqu\u00ed est\u00e1 el alma llena de cadenas,<br \/>\nel ciego sol sobre la mar sin nadie,<br \/>\ntanda espada de m\u00fasica en mi pecho!<\/p>\n<p class=\"MsoNormal\">Mirad la gente consumiendo vida:<br \/>\nel que trabaja, el que digiere en calma,<br \/>\nel que afila las armas, el que escupe;<br \/>\ntodo lo dicho y m\u00e1s interminable.<\/p>\n<p class=\"MsoNormal\">Y entre tantos oficios yo soy aquel que mira,<br \/>\naquel de quien se pide que atestig\u00fce y declare.<\/p>\n<p class=\"MsoNormal\" style=\"padding-left: 30px;\"><em>Pueblo cautivo<\/em>, 1946.<\/p>\n<p class=\"MsoNormal\"><strong>CARMEN DE LA VOZ M\u00c1S PURA<\/strong><\/p>\n<p class=\"MsoNormal\">\u00a1Maravillosos p\u00e1jaros del alba!<br \/>\nLos musicales ramos<br \/>\ndel aire, quietos. \u00bfPara qui\u00e9n<br \/>\ncantamos?<\/p>\n<p class=\"MsoNormal\">\u2026Dec\u00eds el cielo, lejana rosa<br \/>\ny violeta; en lo alto,<br \/>\nes azul, tiempo. \u00bfPara qui\u00e9n<br \/>\ncantamos?<\/p>\n<p class=\"MsoNormal\">La primavera secar\u00e1 sus flores.<br \/>\ncuando el amor vuele en el viento, el tallo<br \/>\nestar\u00e1 roto. \u00bfPara qui\u00e9n<br \/>\ncantamos?<\/p>\n<p class=\"MsoNormal\">\u00a1M\u00fasica dulce, oh voz de madrugada!<br \/>\nNo he conocido lo que amo;<br \/>\npero yo canto con vosotros,<br \/>\n\u00a1maravillosos p\u00e1jaros!<\/p>\n<p class=\"MsoNormal\" style=\"padding-left: 30px;\"><em>Siempre<\/em>, 1953.<\/p>\n<p class=\"MsoList\"><strong>\u00abPOES\u00cdA CONTEMPOR\u00c1NEA\u00bb<\/strong><\/p>\n<p class=\"MsoNormal\">Medito a veces<br \/>\nen la triste materia de mi canto.<\/p>\n<p class=\"MsoNormal\">Bien s\u00e9 que hay muchos, so\u00f1adores,<br \/>\n(como yo rodeados de desgracia y caminos)<br \/>\npor entre nubes blancas, con sus \u00e1ngeles<br \/>\nabanicando t\u00edmidas<br \/>\nalas prerrafaelistas, lejos;<br \/>\nque quiz\u00e1 en el est\u00edo<br \/>\ncultivan la nostalgia de la lira imposible,<br \/>\ndecoran las palabras, sumisas como rombos<br \/>\nde plaza pobre en farolillos<br \/>\nde verbena y papel color\u00edn colorado\u2026<\/p>\n<p class=\"MsoNormal\">Oh Dios, c\u00f3mo desamo,<br \/>\nc\u00f3mo escupo y desprecio<br \/>\na esos cobardes, envenenadores,<br \/>\nvendedores de sue\u00f1os, mientras ponen<br \/>\nsedas sobre la lepra, ilusi\u00f3n sobre enga\u00f1os, iris<br \/>\ndonde no hay m\u00e1s que secas piedras.<br \/>\nEsclavos, menos<br \/>\na\u00fan, bufones esclavos.<\/p>\n<p class=\"MsoNormal\">Malditos una y siete veces,<br \/>\nen nombre de la vida, aunque juren que aumentan<br \/>\nla belleza del mundo; en verdad,<br \/>\nla belleza del mundo no precisa<br \/>\nser aumentada ni disminuida<br \/>\ncon sus telas. Lo que necesitamos<br \/>\nes una luz, es un desnudo brazo<br \/>\nque se\u00f1ale las cosas. La poes\u00eda es eso:<br \/>\ngesto, mirada, abrazo<br \/>\nde amor a la verdad profunda.<br \/>\nAy, ay, lo que yo canto<br \/>\nmiradlo en torno y despertad: alerta.<\/p>\n<p class=\"MsoNormal\">Ah\u00ed est\u00e1n, reunidos<br \/>\nen sociedad devoratoria y n\u00famero.<br \/>\n(Llamar bestia asesina<br \/>\nal que, como el pesado<br \/>\nelefante del s\u00e1trapa<br \/>\nhunde la pata hasta estrujar el rostro<br \/>\nque niega; ladr\u00f3n vil<br \/>\nal emplumado grajo de cad\u00e1veres;<br \/>\ncanalla al miserable\u2026<br \/>\nacaso sepa a m\u00fasica<br \/>\nderrotada, a lamento<br \/>\nd\u00e9bil. A lo que no queremos.)<br \/>\nPero nombrar no es sue\u00f1o.<\/p>\n<p class=\"MsoNormal\">No sig\u00e1is las palabras. Contra ellos<br \/>\nyo canto hombres que tienen las tit\u00e1nicas caras<br \/>\ntalladas como a l\u00e1tigo: sonr\u00eden<br \/>\nal dolor, pero miran<br \/>\nal sol, y aprietan<br \/>\nlos firmes dientes.<br \/>\n<span style=\"padding-left: 135px;\">Y ya acabo.<\/span><br \/>\n(Esto no es un poema; son palabras<br \/>\napretadas tambi\u00e9n, con sa\u00f1a.) Adi\u00f3s. Es tiempo<br \/>\nde no plantar rosales. \u00a1Acordaos!<\/p>\n<p class=\"MsoList\" style=\"padding-left: 30px;\">1947. <em>Espa\u00f1a, pasi\u00f3n de vida<\/em>, 1954.<\/p>\n","protected":false},"excerpt":{"rendered":"<p>El leon\u00e9s Eugenio de Nora (1923), uno de los cofundadores, en 1944, de la revista Espada\u00f1a, cultiv\u00f3 una poes\u00eda dram\u00e1tica, desgarrada, expresi\u00f3n de inquietudes existenciales y sociales. Sus versos giran en torno al amor, la muerte, la historia, la pol\u00edtica y el deseo de trascender la dura condici\u00f3n humana. OTRA VOZ Durante tiempo y tiempo,&#8230; <\/p>\n<div class=\"read-more navbutton\"><a href=\"https:\/\/poeticas.es\/?p=2352\">Leer m\u00e1s<i class=\"fa fa-angle-double-right\"><\/i><\/a><\/div>\n","protected":false},"author":1,"featured_media":0,"comment_status":"closed","ping_status":"closed","sticky":false,"template":"","format":"standard","meta":{"_exactmetrics_skip_tracking":false,"_exactmetrics_sitenote_active":false,"_exactmetrics_sitenote_note":"","_exactmetrics_sitenote_category":0,"footnotes":""},"categories":[1],"tags":[137,29,15],"class_list":["post-2352","post","type-post","status-publish","format-standard","hentry","category-uncategorized","tag-grupo-espadana","tag-poesia-social","tag-xx"],"_links":{"self":[{"href":"https:\/\/poeticas.es\/index.php?rest_route=\/wp\/v2\/posts\/2352","targetHints":{"allow":["GET"]}}],"collection":[{"href":"https:\/\/poeticas.es\/index.php?rest_route=\/wp\/v2\/posts"}],"about":[{"href":"https:\/\/poeticas.es\/index.php?rest_route=\/wp\/v2\/types\/post"}],"author":[{"embeddable":true,"href":"https:\/\/poeticas.es\/index.php?rest_route=\/wp\/v2\/users\/1"}],"replies":[{"embeddable":true,"href":"https:\/\/poeticas.es\/index.php?rest_route=%2Fwp%2Fv2%2Fcomments&post=2352"}],"version-history":[{"count":2,"href":"https:\/\/poeticas.es\/index.php?rest_route=\/wp\/v2\/posts\/2352\/revisions"}],"predecessor-version":[{"id":4276,"href":"https:\/\/poeticas.es\/index.php?rest_route=\/wp\/v2\/posts\/2352\/revisions\/4276"}],"wp:attachment":[{"href":"https:\/\/poeticas.es\/index.php?rest_route=%2Fwp%2Fv2%2Fmedia&parent=2352"}],"wp:term":[{"taxonomy":"category","embeddable":true,"href":"https:\/\/poeticas.es\/index.php?rest_route=%2Fwp%2Fv2%2Fcategories&post=2352"},{"taxonomy":"post_tag","embeddable":true,"href":"https:\/\/poeticas.es\/index.php?rest_route=%2Fwp%2Fv2%2Ftags&post=2352"}],"curies":[{"name":"wp","href":"https:\/\/api.w.org\/{rel}","templated":true}]}}