{"id":2356,"date":"2009-04-08T17:58:52","date_gmt":"2009-04-08T17:58:52","guid":{"rendered":"http:\/\/poeticas.es\/?p=2356"},"modified":"2017-09-06T15:44:19","modified_gmt":"2017-09-06T13:44:19","slug":"jose-coronel-urtecho","status":"publish","type":"post","link":"https:\/\/poeticas.es\/?p=2356","title":{"rendered":"Jos\u00e9 Coronel Urtecho"},"content":{"rendered":"<p class=\"MsoNormal\" style=\"text-align: justify;\"><img loading=\"lazy\" decoding=\"async\" class=\"alignnone size-full wp-image-2357\" title=\"Sin t\u00edtulo, de Rodrigo Pe\u00f1alba\" src=\"https:\/\/poeticas.es\/wp-content\/uploads\/2009\/04\/josecoronelurtecho.jpg\" alt=\"Sin t\u00edtulo, de Rodrigo Pe\u00f1alba\" width=\"376\" height=\"300\" srcset=\"https:\/\/poeticas.es\/wp-content\/uploads\/2009\/04\/josecoronelurtecho.jpg 376w, https:\/\/poeticas.es\/wp-content\/uploads\/2009\/04\/josecoronelurtecho-300x239.jpg 300w\" sizes=\"auto, (max-width: 376px) 100vw, 376px\" \/><\/p>\n<p class=\"MsoNormal\" style=\"text-align: justify;\"><em>Jos\u00e9 Coronel Urtecho (1906-1994) es una de las m\u00e1s importantes voces de la poes\u00eda nicarag\u00fcense del siglo XX. Sus poemas <\/em><em>son un recorrido por las fases m\u00e1s variadas de la poes\u00eda contempor\u00e1nea: divertimentos vanguardistas, poes\u00eda popular, clasicismo, buceos en el subconsciente&#8230;<\/em><\/p>\n<p class=\"MsoNormal\"><strong>OBRA MAESTRA<\/strong><\/p>\n<h1 class=\"MsoNormal\" style=\"padding-left: 60px;\">O<\/h1>\n<p class=\"MsoNormal\">\u00a1cu\u00e1nto me ha costado hacer esto!<\/p>\n<p class=\"MsoNormal\" style=\"padding-left: 30px;\">1928. <em>Pol-la D\u2019Ananta Katanta Paranta<\/em>, 1970.<\/p>\n<p><!--more--><\/p>\n<p class=\"MsoNormal\"><strong>NIHIL NOVUM<\/strong><\/p>\n<p class=\"MsoNormal\">No busques nada nuevo, \u00a1oh mi canci\u00f3n!;<br \/>\nnada hay oculto bajo el rascacielo,<br \/>\nnada en la m\u00e1quina que sube al cielo,<br \/>\nnada ha cambiado desde Salom\u00f3n.<\/p>\n<p class=\"MsoNormal\">Es muy antiguo el hombre y su pasi\u00f3n,<br \/>\nguarda en el nuevo d\u00eda el viejo anhelo,<br \/>\nbajo la nueva noche igual desvelo<br \/>\ny el mismo palpitar del coraz\u00f3n.<\/p>\n<p class=\"MsoNormal\">No te enga\u00f1en los nuevos continentes,<br \/>\ncon sus plantas, sus bestias y sus gentes,<br \/>\nni sus canciones con su nuevo acento.<\/p>\n<p class=\"MsoNormal\">Todo lo que dice algo ya est\u00e1 dicho:<br \/>\ns\u00f3lo nos queda el aire y su capricho<br \/>\nde vagos sones que se lleva el viento.<\/p>\n<p class=\"MsoNormal\" style=\"padding-left: 30px;\"><em>Pol-la D\u2019Ananta Katanta Paranta<\/em>, 1970.<\/p>\n","protected":false},"excerpt":{"rendered":"<p>Jos\u00e9 Coronel Urtecho (1906-1994) es una de las m\u00e1s importantes voces de la poes\u00eda nicarag\u00fcense del siglo XX. Sus poemas son un recorrido por las fases m\u00e1s variadas de la poes\u00eda contempor\u00e1nea: divertimentos vanguardistas, poes\u00eda popular, clasicismo, buceos en el subconsciente&#8230; OBRA MAESTRA O \u00a1cu\u00e1nto me ha costado hacer esto! 1928. Pol-la D\u2019Ananta Katanta Paranta,&#8230; <\/p>\n<div class=\"read-more navbutton\"><a href=\"https:\/\/poeticas.es\/?p=2356\">Leer m\u00e1s<i class=\"fa fa-angle-double-right\"><\/i><\/a><\/div>\n","protected":false},"author":1,"featured_media":0,"comment_status":"closed","ping_status":"closed","sticky":false,"template":"","format":"standard","meta":{"_exactmetrics_skip_tracking":false,"_exactmetrics_sitenote_active":false,"_exactmetrics_sitenote_note":"","_exactmetrics_sitenote_category":0,"footnotes":""},"categories":[1,78],"tags":[31,15],"class_list":["post-2356","post","type-post","status-publish","format-standard","hentry","category-uncategorized","category-literatura-nicaraguense","tag-vanguardia","tag-xx"],"_links":{"self":[{"href":"https:\/\/poeticas.es\/index.php?rest_route=\/wp\/v2\/posts\/2356","targetHints":{"allow":["GET"]}}],"collection":[{"href":"https:\/\/poeticas.es\/index.php?rest_route=\/wp\/v2\/posts"}],"about":[{"href":"https:\/\/poeticas.es\/index.php?rest_route=\/wp\/v2\/types\/post"}],"author":[{"embeddable":true,"href":"https:\/\/poeticas.es\/index.php?rest_route=\/wp\/v2\/users\/1"}],"replies":[{"embeddable":true,"href":"https:\/\/poeticas.es\/index.php?rest_route=%2Fwp%2Fv2%2Fcomments&post=2356"}],"version-history":[{"count":6,"href":"https:\/\/poeticas.es\/index.php?rest_route=\/wp\/v2\/posts\/2356\/revisions"}],"predecessor-version":[{"id":5074,"href":"https:\/\/poeticas.es\/index.php?rest_route=\/wp\/v2\/posts\/2356\/revisions\/5074"}],"wp:attachment":[{"href":"https:\/\/poeticas.es\/index.php?rest_route=%2Fwp%2Fv2%2Fmedia&parent=2356"}],"wp:term":[{"taxonomy":"category","embeddable":true,"href":"https:\/\/poeticas.es\/index.php?rest_route=%2Fwp%2Fv2%2Fcategories&post=2356"},{"taxonomy":"post_tag","embeddable":true,"href":"https:\/\/poeticas.es\/index.php?rest_route=%2Fwp%2Fv2%2Ftags&post=2356"}],"curies":[{"name":"wp","href":"https:\/\/api.w.org\/{rel}","templated":true}]}}