{"id":2417,"date":"2009-04-09T08:45:40","date_gmt":"2009-04-09T08:45:40","guid":{"rendered":"http:\/\/poeticas.es\/?p=2417"},"modified":"2017-09-06T15:44:18","modified_gmt":"2017-09-06T13:44:18","slug":"rogelio-echavarria","status":"publish","type":"post","link":"https:\/\/poeticas.es\/?p=2417","title":{"rendered":"Rogelio Echavarr\u00eda"},"content":{"rendered":"<p class=\"MsoList\" style=\"text-align: justify;\"><img loading=\"lazy\" decoding=\"async\" class=\"alignnone size-full wp-image-2418\" title=\"Retrato de mi hijo Sergio, de Samuel Mu\u00f1oz\" src=\"https:\/\/poeticas.es\/wp-content\/uploads\/2009\/04\/rogelioechevarria.jpg\" alt=\"Retrato de mi hijo Sergio, de Samuel Mu\u00f1oz\" width=\"422\" height=\"184\" srcset=\"https:\/\/poeticas.es\/wp-content\/uploads\/2009\/04\/rogelioechevarria.jpg 528w, https:\/\/poeticas.es\/wp-content\/uploads\/2009\/04\/rogelioechevarria-300x130.jpg 300w\" sizes=\"auto, (max-width: 422px) 100vw, 422px\" \/><\/p>\n<p class=\"MsoList\" style=\"text-align: justify;\"><em>Rogelio Echavarr\u00eda (Colombia, 1926) es uno de los precursores de una vertiente de la poes\u00eda colombiana que incorpora la realidad cotidiana y la autobiograf\u00eda al poema con un lenguaje coloquial.<\/em><\/p>\n<p class=\"MsoList\"><strong>LUGAR COM\u00daN <\/strong><\/p>\n<p class=\"MsoList\">Ya que no todos podemos ser<br \/>\npoetas<br \/>\ncomprender lo sublime<br \/>\no exaltar lo sencillo<br \/>\nhablemos francamente<br \/>\nconfesemos nuestro fracaso<br \/>\nde hombres sin alas<br \/>\nde hojas muertas en el est\u00edo<br \/>\nnuestros empe\u00f1os ciegos<br \/>\nsin met\u00e1foras vanas<br \/>\nnuestra identificaci\u00f3n con todos<br \/>\no con casi todos<br \/>\ny si alguien nos entiende<br \/>\ny fecunda nuestra impotencia<br \/>\neso tambi\u00e9n es poes\u00eda<br \/>\no por lo menos una gota<br \/>\nen la sed del infierno<br \/>\ncotidiano.<\/p>\n<p style=\"padding-left: 30px;\"><em>El transe\u00fante<\/em>, 1947-2003.<\/p>\n","protected":false},"excerpt":{"rendered":"<p>Rogelio Echavarr\u00eda (Colombia, 1926) es uno de los precursores de una vertiente de la poes\u00eda colombiana que incorpora la realidad cotidiana y la autobiograf\u00eda al poema con un lenguaje coloquial. LUGAR COM\u00daN Ya que no todos podemos ser poetas comprender lo sublime o exaltar lo sencillo hablemos francamente confesemos nuestro fracaso de hombres sin alas&#8230; <\/p>\n<div class=\"read-more navbutton\"><a href=\"https:\/\/poeticas.es\/?p=2417\">Leer m\u00e1s<i class=\"fa fa-angle-double-right\"><\/i><\/a><\/div>\n","protected":false},"author":1,"featured_media":0,"comment_status":"closed","ping_status":"closed","sticky":false,"template":"","format":"standard","meta":{"_exactmetrics_skip_tracking":false,"_exactmetrics_sitenote_active":false,"_exactmetrics_sitenote_note":"","_exactmetrics_sitenote_category":0,"footnotes":""},"categories":[1,74],"tags":[15,36],"class_list":["post-2417","post","type-post","status-publish","format-standard","hentry","category-uncategorized","category-literatura-colombiana","tag-xx","tag-xxi"],"_links":{"self":[{"href":"https:\/\/poeticas.es\/index.php?rest_route=\/wp\/v2\/posts\/2417","targetHints":{"allow":["GET"]}}],"collection":[{"href":"https:\/\/poeticas.es\/index.php?rest_route=\/wp\/v2\/posts"}],"about":[{"href":"https:\/\/poeticas.es\/index.php?rest_route=\/wp\/v2\/types\/post"}],"author":[{"embeddable":true,"href":"https:\/\/poeticas.es\/index.php?rest_route=\/wp\/v2\/users\/1"}],"replies":[{"embeddable":true,"href":"https:\/\/poeticas.es\/index.php?rest_route=%2Fwp%2Fv2%2Fcomments&post=2417"}],"version-history":[{"count":3,"href":"https:\/\/poeticas.es\/index.php?rest_route=\/wp\/v2\/posts\/2417\/revisions"}],"predecessor-version":[{"id":5065,"href":"https:\/\/poeticas.es\/index.php?rest_route=\/wp\/v2\/posts\/2417\/revisions\/5065"}],"wp:attachment":[{"href":"https:\/\/poeticas.es\/index.php?rest_route=%2Fwp%2Fv2%2Fmedia&parent=2417"}],"wp:term":[{"taxonomy":"category","embeddable":true,"href":"https:\/\/poeticas.es\/index.php?rest_route=%2Fwp%2Fv2%2Fcategories&post=2417"},{"taxonomy":"post_tag","embeddable":true,"href":"https:\/\/poeticas.es\/index.php?rest_route=%2Fwp%2Fv2%2Ftags&post=2417"}],"curies":[{"name":"wp","href":"https:\/\/api.w.org\/{rel}","templated":true}]}}