{"id":2421,"date":"2009-04-09T09:16:50","date_gmt":"2009-04-09T09:16:50","guid":{"rendered":"http:\/\/poeticas.es\/?p=2421"},"modified":"2023-08-02T20:29:33","modified_gmt":"2023-08-02T18:29:33","slug":"benjamin-prado","status":"publish","type":"post","link":"https:\/\/poeticas.es\/?p=2421","title":{"rendered":"Benjam\u00edn Prado"},"content":{"rendered":"<p class=\"MsoNormal\" style=\"text-align: justify;\"><img loading=\"lazy\" decoding=\"async\" class=\"alignnone size-full wp-image-6042\" src=\"https:\/\/poeticas.es\/wp-content\/uploads\/2009\/04\/PRADO.jpg\" alt=\"\" width=\"657\" height=\"209\" srcset=\"https:\/\/poeticas.es\/wp-content\/uploads\/2009\/04\/PRADO.jpg 657w, https:\/\/poeticas.es\/wp-content\/uploads\/2009\/04\/PRADO-300x95.jpg 300w\" sizes=\"auto, (max-width: 657px) 100vw, 657px\" \/><\/p>\n<p class=\"MsoNormal\" style=\"text-align: justify;\"><em>La poes\u00eda del madrile\u00f1o Benjam\u00edn Prado (1961), forjada en el ambiente granadino de la <\/em>otra sentimentalidad<em>, se caracteriza por su brillantez ingeniosa, su car\u00e1cter narrativo y el gusto por la enumeraci\u00f3n culturalista. La reflexi\u00f3n metapo\u00e9tica, la denuncia ecol\u00f3gica y pol\u00edtica, los homenajes a los poetas y los m\u00fasicos queridos son constantes tem\u00e1ticas de su poes\u00eda.<\/em><\/p>\n<p class=\"MsoNormal\"><strong>ROTO<\/strong><\/p>\n<p class=\"MsoNormal\">Solo, en medio de todo;<br \/>\nestar tan solo<br \/>\ncomo es posible,<br \/>\nmientras ellos vienen<br \/>\nmuy despacio,<br \/>\nse agrupan,<br \/>\nponen su campamento,<br \/>\ninvaden,<br \/>\ntalan,<br \/>\nhunden,<br \/>\nderriban las palabras<br \/>\nuna a una,<br \/>\nse reparten mi vida,<br \/>\npoco a poco,<br \/>\nlevantan su pared<br \/>\ngolpe a golpe.<\/p>\n<p class=\"MsoNormal\">Despu\u00e9s se van;<br \/>\nse marchan<br \/>\nlentamente,<br \/>\npensando:<br \/>\n\u2013Nunca podr\u00e1s huir de todo lo que has perdido.<\/p>\n<p class=\"MsoNormal\">Tal vez tengan raz\u00f3n.<br \/>\nTal vez es cierto.<\/p>\n<p class=\"MsoNormal\">Pero llega otro d\u00eda,<br \/>\nel cielo quema<br \/>\nsu cera azul encima de las casas;<br \/>\nyo regreso de todo lo que han roto,<br \/>\nbusco entre lo que tiene<br \/>\nsu propia luz,<br \/>\nencuentro<br \/>\nla mirada del hombre que ha soplado unas velas,<br \/>\nel lim\u00f3n que jam\u00e1s es parte de la noche;<br \/>\nato,<br \/>\npongo de pie,<br \/>\nre\u00fano los fragmentos,<br \/>\nme convierto en su suma.<\/p>\n<p class=\"MsoNormal\">Y todo vuelve<br \/>\notra vez;<br \/>\nlas palabras<br \/>\nllegan donde yo estoy;<br \/>\nson las palabras<br \/>\nperfectas,<br \/>\nlas que tienen<br \/>\nmi propia forma,<br \/>\nocupan cada hueco<br \/>\ny cierran cada herida.<br \/>\nLas palabras que valen para hacer estos versos<br \/>\ny sentarse a esperar que regresen los b\u00e1rbaros.<\/p>\n<p class=\"MsoNormal\" style=\"padding-left: 30px;\"><em>Todos nosotros<\/em>, 1998.<\/p>\n<p><!--more--><\/p>\n<p class=\"MsoList\"><strong>RESPUESTA A UN POETA<\/strong><\/p>\n<p class=\"MsoList\">Vac\u00eda las palabras,<br \/>\nhaz que callen,<br \/>\nl\u00edmpialas de ellas mismas para contar tu historia.<br \/>\nLo que buscas existe dentro de lo que encuentras,<br \/>\ncomo oro est\u00e1 en <em>sombr\u00edo<\/em><br \/>\no <em>arco<\/em> est\u00e1 en <em>coraz\u00f3n<\/em>.<\/p>\n<p class=\"MsoList\">Cuida que lo que dices no sea como el vaho<br \/>\ndel que empa\u00f1a un cristal<br \/>\npara escribir su nombre sobre un mundo vac\u00edo.<br \/>\nProcura que el silencio se lea en tus poemas,<br \/>\npero jam\u00e1s olvides<br \/>\nsaber qu\u00e9 est\u00e1 del lado de la llave,<br \/>\nqu\u00e9 est\u00e1 del lado de la cerradura.<\/p>\n<p class=\"MsoList\">Cava el pozo de lo que nadie ha dicho<br \/>\ny persigue el rumor de las cosas sin nombre.<br \/>\nPero recuerda siempre esta verdad:<br \/>\nlas tormentas de arena<br \/>\ns\u00f3lo son el desierto que avanza hacia el desierto.<\/p>\n<p class=\"MsoList\">Vac\u00eda las palabras,<br \/>\nqu\u00e9 m\u00e1s puedo decirte.<br \/>\nNo desprecies la luz ni desprecies lo oscuro.<br \/>\nVac\u00eda las palabras como quien drena un lago.<\/p>\n<p class=\"MsoList\" style=\"padding-left: 30px;\"><em>Iceberg<\/em>, 2002.<\/p>\n<p><strong>CUESTI\u00d3N DE PRINCIPIOS<\/strong><\/p>\n<p>Un poema que diga tambi\u00e9n lo que no dice.<br \/>\nUn poema que escuche a quien lo lee.<br \/>\nUn poema que nunca olvidar\u00e1n<br \/>\nlas palabras con las que lo haya escrito.<\/p>\n<p>Un poema que sabe lo que piensas.<br \/>\nUn poema que sea incorregible;<br \/>\nque se le note a todos los que lo han comprendido;<br \/>\nque no sue\u00f1e que lo haga otro que no sea yo.<\/p>\n<p>Un poema que sea raro que no existiese.<br \/>\nUn poema que ladre a los desconocidos.<br \/>\nUn poema que diga que el que cierra los ojos<br \/>\nes c\u00f3mplice del crimen que no ha querido ver.<\/p>\n<p>Un poema que ponga en peligro la poes\u00eda.<br \/>\nUn poema que mires<br \/>\ncomo los pasajeros consultan sus relojes<br \/>\nen la estaci\u00f3n del tren.<\/p>\n<p>Un poema que sea capaz de repetir<br \/>\n<em>justicia y coraz\u00f3n,<br \/>\nlibertad<br \/>\ny alegr\u00eda&#8230;<\/em><\/p>\n<p style=\"padding-left: 40px;\"><em>Ya no es tarde<\/em>, 2014.<\/p>\n","protected":false},"excerpt":{"rendered":"<p>La poes\u00eda del madrile\u00f1o Benjam\u00edn Prado (1961), forjada en el ambiente granadino de la otra sentimentalidad, se caracteriza por su brillantez ingeniosa, su car\u00e1cter narrativo y el gusto por la enumeraci\u00f3n culturalista. La reflexi\u00f3n metapo\u00e9tica, la denuncia ecol\u00f3gica y pol\u00edtica, los homenajes a los poetas y los m\u00fasicos queridos son constantes tem\u00e1ticas de su poes\u00eda&#8230;. <\/p>\n<div class=\"read-more navbutton\"><a href=\"https:\/\/poeticas.es\/?p=2421\">Leer m\u00e1s<i class=\"fa fa-angle-double-right\"><\/i><\/a><\/div>\n","protected":false},"author":1,"featured_media":0,"comment_status":"closed","ping_status":"closed","sticky":false,"template":"","format":"standard","meta":{"_exactmetrics_skip_tracking":false,"_exactmetrics_sitenote_active":false,"_exactmetrics_sitenote_note":"","_exactmetrics_sitenote_category":0,"footnotes":""},"categories":[1,13],"tags":[111,15,36],"class_list":["post-2421","post","type-post","status-publish","format-standard","hentry","category-uncategorized","category-contemporaneos","tag-poesia-de-la-experiencia","tag-xx","tag-xxi"],"_links":{"self":[{"href":"https:\/\/poeticas.es\/index.php?rest_route=\/wp\/v2\/posts\/2421","targetHints":{"allow":["GET"]}}],"collection":[{"href":"https:\/\/poeticas.es\/index.php?rest_route=\/wp\/v2\/posts"}],"about":[{"href":"https:\/\/poeticas.es\/index.php?rest_route=\/wp\/v2\/types\/post"}],"author":[{"embeddable":true,"href":"https:\/\/poeticas.es\/index.php?rest_route=\/wp\/v2\/users\/1"}],"replies":[{"embeddable":true,"href":"https:\/\/poeticas.es\/index.php?rest_route=%2Fwp%2Fv2%2Fcomments&post=2421"}],"version-history":[{"count":5,"href":"https:\/\/poeticas.es\/index.php?rest_route=\/wp\/v2\/posts\/2421\/revisions"}],"predecessor-version":[{"id":6043,"href":"https:\/\/poeticas.es\/index.php?rest_route=\/wp\/v2\/posts\/2421\/revisions\/6043"}],"wp:attachment":[{"href":"https:\/\/poeticas.es\/index.php?rest_route=%2Fwp%2Fv2%2Fmedia&parent=2421"}],"wp:term":[{"taxonomy":"category","embeddable":true,"href":"https:\/\/poeticas.es\/index.php?rest_route=%2Fwp%2Fv2%2Fcategories&post=2421"},{"taxonomy":"post_tag","embeddable":true,"href":"https:\/\/poeticas.es\/index.php?rest_route=%2Fwp%2Fv2%2Ftags&post=2421"}],"curies":[{"name":"wp","href":"https:\/\/api.w.org\/{rel}","templated":true}]}}