{"id":2425,"date":"2009-04-09T09:30:07","date_gmt":"2009-04-09T09:30:07","guid":{"rendered":"http:\/\/poeticas.es\/?p=2425"},"modified":"2022-10-22T19:20:20","modified_gmt":"2022-10-22T17:20:20","slug":"julian-del-casal","status":"publish","type":"post","link":"https:\/\/poeticas.es\/?p=2425","title":{"rendered":"Juli\u00e1n del Casal"},"content":{"rendered":"<p><img loading=\"lazy\" decoding=\"async\" class=\"alignnone size-full wp-image-5875\" src=\"https:\/\/poeticas.es\/wp-content\/uploads\/2009\/04\/jcasal.jpg\" alt=\"\" width=\"645\" height=\"206\" srcset=\"https:\/\/poeticas.es\/wp-content\/uploads\/2009\/04\/jcasal.jpg 645w, https:\/\/poeticas.es\/wp-content\/uploads\/2009\/04\/jcasal-300x96.jpg 300w\" sizes=\"auto, (max-width: 645px) 100vw, 645px\" \/><\/p>\n<p style=\"text-align: justify;\"><em>Juli\u00e1n del Casal (Cuba, 1863-1893) destaca dentro del modernismo hisp\u00e1nico por su preferencia por los temas esteticistas y ex\u00f3ticos, la visi\u00f3n desencantada de la vida y una gran perfecci\u00f3n pl\u00e1stica.<\/em><\/p>\n<p><strong>EL ARTE<\/strong><\/p>\n<p>Cuando la vida, como fardo inmenso,<br \/>\npesa sobre el esp\u00edritu cansado<br \/>\ny ante el \u00faltimo Dios flota quemado<br \/>\nel postrer grano de fragante incienso;<\/p>\n<p>cuando probamos, con af\u00e1n intenso,<br \/>\nde todo amargo fruto envenenado<br \/>\ny el hast\u00edo, con rostro enmascarado,<br \/>\nnos sale al paso en el camino extenso;<\/p>\n<p>el alma grande, solitaria y pura<br \/>\nque la mezquina realidad desde\u00f1a,<br \/>\nhalla en el Arte dichas ignoradas,<\/p>\n<p>como el alci\u00f3n, en fr\u00eda noche oscura,<br \/>\nasilo busca en la musgosa pe\u00f1a<br \/>\nque inunda el mar azul de olas plateadas.<\/p>\n<p style=\"padding-left: 30px;\"><em>Hojas al viento<\/em>, 1890.<\/p>\n<p><!--more--><\/p>\n<p><strong>INTRODUCCI\u00d3N<\/strong><\/p>\n<p>Como en noche de invierno, junto al tronco<br \/>\nvacilante del \u00e1rbol amarillo,<br \/>\nsilencioso el clar\u00edn del viento ronco<br \/>\ny de la luna al funerario brillo,<br \/>\ndesciende del brumoso firmamento<br \/>\nen copos blancos la irisada nieve,<br \/>\npir\u00e1mides formando en un momento<br \/>\nque ante el disco del sol y al soplo leve<br \/>\ndel aire matinal, va derretida<br \/>\na perderse en las ondas de los mares;<br \/>\nas\u00ed en la noche obscura de la vida,<br \/>\nacallada la voz de mis pesares<br \/>\ny al fulgor de mi estrella solitaria,<br \/>\nestas fr\u00edas estrofas descendieron<br \/>\nde mi l\u00f3brega mente visionaria,<br \/>\nal pie de mi existencia se fundieron,<br \/>\nllegaron en volumen a formarse,<br \/>\ny hoy que a la vida ef\u00edmera han salido,<br \/>\nunidas volar\u00e1n a dispersarse<br \/>\nen las amargas ondas del olvido.<\/p>\n<p style=\"padding-left: 30px;\"><em>Nieve<\/em>, 1892.<\/p>\n<p><strong>A UN CR\u00cdTICO<\/strong><\/p>\n<p>Yo s\u00e9 que nunca llegar\u00e9 a la cima<br \/>\nDonde abraza el artista a la Quimera<br \/>\nQue dot\u00f3 de hermosura duradera<br \/>\nEn la tela, en el m\u00e1rmol o en la rima;<\/p>\n<p>Yo s\u00e9 que el soplo extra\u00f1o que me anima<br \/>\nEs un soplo de fuerza pasajera,<br \/>\nY que el Olvido, el d\u00eda que yo muera,<br \/>\nAbrir\u00e1 para m\u00ed su oscura sima.<\/p>\n<p>Mas sin que sienta de vivir antojos<br \/>\nY sin que nada mi ambici\u00f3n despierte,<br \/>\nTranquilo ir\u00e9 a dormir con los peque\u00f1os,<\/p>\n<p>Si veo fulgurar ante mis ojos,<br \/>\nHasta el instante mismo de la muerte,<br \/>\nLas visiones doradas de mis sue\u00f1os.<\/p>\n<p style=\"padding-left: 30px;\"><em>Nieve<\/em>, 1892.<\/p>\n","protected":false},"excerpt":{"rendered":"<p>Juli\u00e1n del Casal (Cuba, 1863-1893) destaca dentro del modernismo hisp\u00e1nico por su preferencia por los temas esteticistas y ex\u00f3ticos, la visi\u00f3n desencantada de la vida y una gran perfecci\u00f3n pl\u00e1stica. EL ARTE Cuando la vida, como fardo inmenso, pesa sobre el esp\u00edritu cansado y ante el \u00faltimo Dios flota quemado el postrer grano de fragante&#8230; <\/p>\n<div class=\"read-more navbutton\"><a href=\"https:\/\/poeticas.es\/?p=2425\">Leer m\u00e1s<i class=\"fa fa-angle-double-right\"><\/i><\/a><\/div>\n","protected":false},"author":1,"featured_media":0,"comment_status":"closed","ping_status":"closed","sticky":false,"template":"","format":"standard","meta":{"_exactmetrics_skip_tracking":false,"_exactmetrics_sitenote_active":false,"_exactmetrics_sitenote_note":"","_exactmetrics_sitenote_category":0,"footnotes":""},"categories":[1,37],"tags":[35,38],"class_list":["post-2425","post","type-post","status-publish","format-standard","hentry","category-uncategorized","category-literatura-cubana","tag-modernismo","tag-xix"],"_links":{"self":[{"href":"https:\/\/poeticas.es\/index.php?rest_route=\/wp\/v2\/posts\/2425","targetHints":{"allow":["GET"]}}],"collection":[{"href":"https:\/\/poeticas.es\/index.php?rest_route=\/wp\/v2\/posts"}],"about":[{"href":"https:\/\/poeticas.es\/index.php?rest_route=\/wp\/v2\/types\/post"}],"author":[{"embeddable":true,"href":"https:\/\/poeticas.es\/index.php?rest_route=\/wp\/v2\/users\/1"}],"replies":[{"embeddable":true,"href":"https:\/\/poeticas.es\/index.php?rest_route=%2Fwp%2Fv2%2Fcomments&post=2425"}],"version-history":[{"count":6,"href":"https:\/\/poeticas.es\/index.php?rest_route=\/wp\/v2\/posts\/2425\/revisions"}],"predecessor-version":[{"id":5876,"href":"https:\/\/poeticas.es\/index.php?rest_route=\/wp\/v2\/posts\/2425\/revisions\/5876"}],"wp:attachment":[{"href":"https:\/\/poeticas.es\/index.php?rest_route=%2Fwp%2Fv2%2Fmedia&parent=2425"}],"wp:term":[{"taxonomy":"category","embeddable":true,"href":"https:\/\/poeticas.es\/index.php?rest_route=%2Fwp%2Fv2%2Fcategories&post=2425"},{"taxonomy":"post_tag","embeddable":true,"href":"https:\/\/poeticas.es\/index.php?rest_route=%2Fwp%2Fv2%2Ftags&post=2425"}],"curies":[{"name":"wp","href":"https:\/\/api.w.org\/{rel}","templated":true}]}}