{"id":2598,"date":"2009-04-11T08:48:49","date_gmt":"2009-04-11T08:48:49","guid":{"rendered":"http:\/\/poeticas.es\/?p=2598"},"modified":"2018-11-18T11:35:22","modified_gmt":"2018-11-18T09:35:22","slug":"2598","status":"publish","type":"post","link":"https:\/\/poeticas.es\/?p=2598","title":{"rendered":"Lope de Vega"},"content":{"rendered":"<p style=\"text-align: justify;\"><img loading=\"lazy\" decoding=\"async\" class=\"alignnone size-full wp-image-2597\" title=\"Retrato de La Calderona, an\u00f3nimo\" src=\"https:\/\/poeticas.es\/wp-content\/uploads\/2009\/04\/lopedevega.jpg\" alt=\"Retrato de La Calderona, an\u00f3nimo\" width=\"267\" height=\"372\" srcset=\"https:\/\/poeticas.es\/wp-content\/uploads\/2009\/04\/lopedevega.jpg 267w, https:\/\/poeticas.es\/wp-content\/uploads\/2009\/04\/lopedevega-215x300.jpg 215w\" sizes=\"auto, (max-width: 267px) 100vw, 267px\" \/><\/p>\n<p style=\"text-align: justify;\"><span lang=\"FR\"><em><a title=\"Biblioteca de autor en BVMC\" href=\"http:\/\/www.cervantesvirtual.com\/bib_autor\/lope\/index.shtml\" target=\"_blank\" rel=\"noopener\">Lope F\u00e9lix de Vega Carpio<\/a> (Madrid 1562-1635), uno de los mayores renovadores de la l\u00edrica en su tiempo, supo convertir en literatura cuanto vivi\u00f3. Es, junto a Quevedo y G\u00f3ngora, uno de los tres maestros indiscutibles de la poes\u00eda barroca espa\u00f1ola.<\/em><br \/>\n<\/span><\/p>\n<p class=\"MsoNormal\"><strong>VERSOS DE AMOR, CONCEPTOS ESPARCIDOS\u2026<\/strong><\/p>\n<p class=\"MsoNormal\">Versos de amor, conceptos esparcidos,<br \/>\nengendrados del alma en mis cuidados;<br \/>\npartos de mis sentidos abrasados,<br \/>\ncon m\u00e1s dolor que libertad nacidos;<\/p>\n<p class=\"MsoNormal\">exp\u00f3sitos al mundo, en que, perdidos,<br \/>\ntan rotos anduvistes y trocados,<br \/>\nque s\u00f3lo donde fuistes engendrados<br \/>\nfu\u00e9rades por la sangre conocidos;<\/p>\n<p class=\"MsoNormal\">pues que le hurt\u00e1is el laberinto a Creta,<br \/>\na D\u00e9dalo los altos pensamientos,<br \/>\nla furia al mar, las llamas al abismo,<\/p>\n<p class=\"MsoNormal\">si aquel \u00e1spid hermoso no os aceta,<br \/>\ndejad la tierra, entretened los vientos:<br \/>\ndescansar\u00e9is en vuestro centro mismo.<\/p>\n<p class=\"MsoNormal\" style=\"padding-left: 30px;\"><em>Rimas<\/em>, 1604.<\/p>\n<p><!--more--><\/p>\n<p class=\"MsoNormal\"><strong>PAS\u00c9 LA MAR CUANDO CREY\u00d3 MI ENGA\u00d1O\u2026<\/strong><\/p>\n<h6 class=\"peque\" style=\"padding-left: 120px;\"><em>A Lupercio Leonardo<\/em><\/h6>\n<p class=\"MsoNormal\">Pas\u00e9 la mar cuando crey\u00f3 mi enga\u00f1o<br \/>\nque en \u00e9l mi antiguo fuego se templara;<br \/>\nmud\u00e9 mi natural, porque mudara<br \/>\nnaturaleza el uso, y curso el da\u00f1o.<\/p>\n<p class=\"MsoNormal\">En otro cielo, en otro reino extra\u00f1o,<br \/>\nmis trabajos se vieron en mi cara,<br \/>\nhallando, aunque otra tanta edad pasara,<br \/>\nincierto el bien y cierto el desenga\u00f1o.<\/p>\n<p class=\"MsoNormal\">El mismo amor me abrasa y atormenta,<br \/>\ny de raz\u00f3n y libertad me priva.<br \/>\n\u00bfPor qu\u00e9 os quej\u00e1is del alma que le cuenta?<\/p>\n<p class=\"MsoNormal\">\u00bfQue no escriba dec\u00eds, o que no viva?<br \/>\nHaced vos con mi amor que yo no sienta,<br \/>\nque yo har\u00e9 con mi pluma que no escriba.<\/p>\n<p class=\"MsoNormal\" style=\"padding-left: 30px;\"><em>Rimas<\/em>, 1604.<\/p>\n<p class=\"MsoNormal\"><strong>QUIERO ESCRIBIR, Y EL LLANTO NO ME DEJA\u2026<\/strong><\/p>\n<p class=\"MsoNormal\">Quiero escribir, y el llanto no me deja;<br \/>\npruebo a llorar, y no descanso tanto;<br \/>\nvuelvo a tomar la pluma, y vuelve el llanto:<br \/>\ntodo me impide el bien, todo me aqueja.<\/p>\n<p class=\"MsoNormal\">Si el llanto dura, el alma se me queja;<br \/>\nsi el escribir, mis ojos; y si en tanto<br \/>\npor muerte, o por consuelo, me levanto,<br \/>\nde entrambos la esperanza se me aleja.<\/p>\n<p class=\"MsoNormal\">Ve blanco, al fin, papel, y a quien penetra<br \/>\nel centro deste pecho que me enciende<br \/>\nle di (si en tanto bien pudieres verte)<\/p>\n<p class=\"MsoNormal\">que haga de mis l\u00e1grimas la letra,<br \/>\npues ya que no lo siente, bien entiende:<br \/>\nque cuanto escribo y lloro todo es muerte.<\/p>\n<p class=\"MsoNormal\" style=\"padding-left: 30px;\"><em>Rimas<\/em>, 1604.<\/p>\n<p class=\"MsoNormal\"><strong>AQU\u00cd CUELGO LA LIRA QUE DESAMO\u2026<\/strong><\/p>\n<p class=\"MsoNormal\">Aqu\u00ed cuelgo la lira que desamo,<br \/>\ncon que cant\u00e9 la verde primavera<br \/>\nde mis floridos a\u00f1os, y quisiera<br \/>\nromperla al tronco, y no colgarla en ramo.<\/p>\n<p class=\"MsoNormal\">Culpo mi error, y la ocasi\u00f3n infamo,<br \/>\npor quien cant\u00e9 lo que llorar debiera,<br \/>\nque el vano estudio vano premio espera,<br \/>\nladr\u00f3n del tiempo con disfraz le llamo.<\/p>\n<p class=\"MsoNormal\">En otra lira, a cuyo son recuerdas,<br \/>\ndormida musa, en este breve plazo<br \/>\ncanta segura de que el tiempo pierdas.<\/p>\n<p class=\"MsoNormal\">Templola amor con poderoso brazo,<br \/>\nque en tres clavijas le subi\u00f3 las cuerdas,<br \/>\ny le labr\u00f3 de una lanzada el lazo.<\/p>\n<p class=\"MsoNormal\" style=\"padding-left: 30px;\"><em>Rimas sacras<\/em>, 1614.<\/p>\n<p class=\"MsoNormal\"><strong>LA LENGUA DEL AMOR, A QUIEN NO SABE\u2026<\/strong><\/p>\n<p class=\"MsoNormal\">La lengua del amor, a quien no sabe<br \/>\nlo que es amor, \u00a1qu\u00e9 b\u00e1rbara parece!;<br \/>\npues como por instantes enmudece,<br \/>\ntiene pausas de m\u00fasica suave.<\/p>\n<p class=\"MsoNormal\">Tal vez suspensa, tal aguda y grave,<br \/>\nrotos conceptos al amante ofrece;<br \/>\naguarda los compases que padece,<br \/>\nporque la causa su destreza alabe.<\/p>\n<p class=\"MsoNormal\">\u00a1Oh dulc\u00edsimo bien, que al bien me gu\u00eda!,<br \/>\n\u00bfcon qu\u00e9 lengua os dir\u00e9 mi sentimiento,<br \/>\nya que tengo de hablaros osad\u00eda?<\/p>\n<p class=\"MsoNormal\">Mas si es de los conceptos instrumento,<br \/>\n\u00bfqu\u00e9 importa que call\u00e9is, oh lengua m\u00eda,<br \/>\npues que vos penetr\u00e1is mi pensamiento?<\/p>\n<p class=\"MsoNormal\" style=\"padding-left: 30px;\"><em>Rimas sacras<\/em>, 1614.<\/p>\n<p><strong>UN SONETO ME MANDA HACER VIOLANTE\u2026<\/strong><\/p>\n<p>Un soneto me manda hacer Violante,<br \/>\nque en mi vida me he visto en tanto aprieto;<br \/>\ncatorce versos dicen que es soneto;<br \/>\nburla burlando van los tres delante.<\/p>\n<p>Yo pens\u00e9 que no hallara consonante,<br \/>\ny estoy a la mitad de otro cuarteto;<br \/>\nmas si me veo en el primer terceto,<br \/>\nno hay cosa en los cuartetos que me espante.<\/p>\n<p>Por el primer terceto voy entrando,<br \/>\ny parece que entr\u00e9 con pie derecho,<br \/>\npues fin con este verso le voy dando.<\/p>\n<p>Ya estoy en el segundo, y aun sospecho<br \/>\nque voy los trece versos acabando;<br \/>\ncontad si son catorce, y est\u00e1 hecho.<\/p>\n<p style=\"padding-left: 30px;\"><em>La ni\u00f1a de plata<\/em>, comedia, en <em>Parte IX de las obras de Lope de Vega<\/em>, 1617.<\/p>\n","protected":false},"excerpt":{"rendered":"<p>Lope F\u00e9lix de Vega Carpio (Madrid 1562-1635), uno de los mayores renovadores de la l\u00edrica en su tiempo, supo convertir en literatura cuanto vivi\u00f3. Es, junto a Quevedo y G\u00f3ngora, uno de los tres maestros indiscutibles de la poes\u00eda barroca espa\u00f1ola. VERSOS DE AMOR, CONCEPTOS ESPARCIDOS\u2026 Versos de amor, conceptos esparcidos, engendrados del alma en&#8230; <\/p>\n<div class=\"read-more navbutton\"><a href=\"https:\/\/poeticas.es\/?p=2598\">Leer m\u00e1s<i class=\"fa fa-angle-double-right\"><\/i><\/a><\/div>\n","protected":false},"author":1,"featured_media":0,"comment_status":"closed","ping_status":"closed","sticky":false,"template":"","format":"standard","meta":{"_exactmetrics_skip_tracking":false,"_exactmetrics_sitenote_active":false,"_exactmetrics_sitenote_note":"","_exactmetrics_sitenote_category":0,"footnotes":""},"categories":[1,40],"tags":[52,98,16,41],"class_list":["post-2598","post","type-post","status-publish","format-standard","hentry","category-uncategorized","category-el-barroco","tag-barrocos","tag-conceptismo","tag-petrarquismo","tag-xvii"],"_links":{"self":[{"href":"https:\/\/poeticas.es\/index.php?rest_route=\/wp\/v2\/posts\/2598","targetHints":{"allow":["GET"]}}],"collection":[{"href":"https:\/\/poeticas.es\/index.php?rest_route=\/wp\/v2\/posts"}],"about":[{"href":"https:\/\/poeticas.es\/index.php?rest_route=\/wp\/v2\/types\/post"}],"author":[{"embeddable":true,"href":"https:\/\/poeticas.es\/index.php?rest_route=\/wp\/v2\/users\/1"}],"replies":[{"embeddable":true,"href":"https:\/\/poeticas.es\/index.php?rest_route=%2Fwp%2Fv2%2Fcomments&post=2598"}],"version-history":[{"count":5,"href":"https:\/\/poeticas.es\/index.php?rest_route=\/wp\/v2\/posts\/2598\/revisions"}],"predecessor-version":[{"id":5588,"href":"https:\/\/poeticas.es\/index.php?rest_route=\/wp\/v2\/posts\/2598\/revisions\/5588"}],"wp:attachment":[{"href":"https:\/\/poeticas.es\/index.php?rest_route=%2Fwp%2Fv2%2Fmedia&parent=2598"}],"wp:term":[{"taxonomy":"category","embeddable":true,"href":"https:\/\/poeticas.es\/index.php?rest_route=%2Fwp%2Fv2%2Fcategories&post=2598"},{"taxonomy":"post_tag","embeddable":true,"href":"https:\/\/poeticas.es\/index.php?rest_route=%2Fwp%2Fv2%2Ftags&post=2598"}],"curies":[{"name":"wp","href":"https:\/\/api.w.org\/{rel}","templated":true}]}}