{"id":2680,"date":"2009-04-11T14:50:52","date_gmt":"2009-04-11T14:50:52","guid":{"rendered":"http:\/\/poeticas.es\/?p=2680"},"modified":"2017-09-06T15:43:53","modified_gmt":"2017-09-06T13:43:53","slug":"alfonso-costafreda","status":"publish","type":"post","link":"https:\/\/poeticas.es\/?p=2680","title":{"rendered":"Alfonso Costafreda"},"content":{"rendered":"<p class=\"MsoNormal\" style=\"text-align: justify;\"><img loading=\"lazy\" decoding=\"async\" class=\"alignnone size-full wp-image-2681\" title=\"Bodeg\u00f3n de paloma, de \u00c1lvaro Delgado\" src=\"https:\/\/poeticas.es\/wp-content\/uploads\/2009\/04\/alfonsocostafreda.jpg\" alt=\"Bodeg\u00f3n de paloma, de \u00c1lvaro Delgado\" width=\"278\" height=\"419\" srcset=\"https:\/\/poeticas.es\/wp-content\/uploads\/2009\/04\/alfonsocostafreda.jpg 278w, https:\/\/poeticas.es\/wp-content\/uploads\/2009\/04\/alfonsocostafreda-199x300.jpg 199w\" sizes=\"auto, (max-width: 278px) 100vw, 278px\" \/><\/p>\n<p class=\"MsoNormal\" style=\"text-align: justify;\"><em>Los poemas del leridano Alfonso Costafreda (1923-1974), hermosos y dolientes, tratan de la insuficiencia de la palabra para vencer la insuficiencia de la vida.<\/em><\/p>\n<p class=\"MsoNormal\"><strong>DESDE PEQUE\u00d1O SO\u00d1\u00c9\u2026<\/strong><\/p>\n<p class=\"MsoNormal\">Desde peque\u00f1o so\u00f1\u00e9<br \/>\nser el poeta<br \/>\nque explicase a los ni\u00f1os la historia de los p\u00e1jaros;<br \/>\nc\u00f3mo en ellos se apasiona la vida,<br \/>\nse adelgaza, se cumple,<br \/>\ny en los cielos, ella misma se canta.<\/p>\n<p class=\"MsoNormal\" style=\"padding-left: 30px;\"><em>Nuestra eleg\u00eda<\/em>, 1949.<\/p>\n<p><!--more--><\/p>\n<p class=\"MsoNormal\"><strong>VERSOS ESCRIBO<\/strong><\/p>\n<p class=\"MsoNormal\">Todo es inevitable. Ahogando la luz surge,<br \/>\npoderosa y tenaz, la pesadilla.<br \/>\nEn el cuerpo ligero late la pesadumbre:<br \/>\nun mar de sombras se desborda<br \/>\nde la orilla inmortal a nuestra orilla.<br \/>\nPero versos escribo en busca de claridades.<\/p>\n<p class=\"MsoNormal\">Y la fe de mi verso sabiendo, sin vacilar afirmo<br \/>\nel absoluto sentido de la vida<br \/>\nen una tierra sin sentido.<\/p>\n<p class=\"MsoNormal\" style=\"padding-left: 30px;\">Publicaciones de la revista <em>Laye<\/em>, n\u00ba 1, 1951.<\/p>\n<p class=\"MsoNormal\"><strong>LAS PEQUE\u00d1AS PALABRAS<\/strong><\/p>\n<p class=\"MsoNormal\">Dec\u00edas t\u00fa palabras<br \/>\n\u00edntimas, silenciosas.<\/p>\n<p class=\"MsoNormal\">Palabras que se dicen<br \/>\ndel amor al amor,<br \/>\nde una boca a otra boca.<\/p>\n<p class=\"MsoNormal\">El poema secreto<br \/>\npara todos se hac\u00eda,<br \/>\nlas peque\u00f1as palabras<br \/>\nmemorables, dichosas.<\/p>\n<p class=\"MsoNormal\">Las haza\u00f1as diarias,<br \/>\nilusiones del d\u00eda,<br \/>\nlas m\u00e1s peque\u00f1as cosas;<br \/>\npalabras compartidas,<br \/>\n\u00fatiles, generosas.<\/p>\n<p class=\"MsoNormal\">El poema secreto<br \/>\npara todos se hac\u00eda,<br \/>\nlas peque\u00f1as palabras<br \/>\n\u2013otras no he de decir\u2013<br \/>\ndurar\u00e1n como rocas.<\/p>\n<p class=\"MsoNormal\" style=\"padding-left: 30px;\"><em>Compa\u00f1era de hoy<\/em>, 1966.<\/p>\n<p class=\"MsoNormal\"><strong>LAS PALABRAS<\/strong><\/p>\n<h6 class=\"MsoNormal\" style=\"padding-left: 60px;\"><em>A Jos\u00e9 \u00c1ngel Valente<\/em><\/h6>\n<p class=\"MsoNormal\">Piedras preciosas para el sentido,<br \/>\ndiamantes de realidad.<\/p>\n<p class=\"MsoNormal\">Si van en sue\u00f1os pierden su brillo,<br \/>\nsu luminosa verdad.<\/p>\n<p class=\"MsoNormal\">Palabras vivas, nadie las toque<br \/>\nque no las sepa cuidar.<\/p>\n<p class=\"MsoNormal\" style=\"padding-left: 30px;\"><em>Compa\u00f1era de hoy<\/em>, 1966.<\/p>\n<p class=\"MsoNormal\"><strong>LOS L\u00cdMITES<\/strong><\/p>\n<p class=\"MsoNormal\">Pienso en mis l\u00edmites,<br \/>\nl\u00edmites que separan<br \/>\nel poema que hago<br \/>\ndel que no puedo hacer,<br \/>\nel poema que escribo<br \/>\ndel que nunca podr\u00e9 escribir.<br \/>\nL\u00edmites tambi\u00e9n, en consecuencia,<br \/>\nde lo que amo<br \/>\ny de lo que nunca podr\u00e9 amar.<\/p>\n<p class=\"MsoNormal\">L\u00edmites de lo que quisiera decir<br \/>\no ver o tener.<br \/>\nPalabras que dar\u00eda<br \/>\npara descubrir, palabras para ayudar.<br \/>\nL\u00edmites del amor, palabras<br \/>\ninsuficientemente valiosas<br \/>\nen un desierto inacabable.<\/p>\n<p class=\"MsoNormal\" style=\"padding-left: 30px;\"><em>Compa\u00f1era de hoy<\/em>, 1966.<\/p>\n<p class=\"MsoNormal\"><strong>DESMEDIDA PASI\u00d3N, FURIOSAS ANSIAS\u2026<\/strong><\/p>\n<p class=\"MsoNormal\">Desmedida pasi\u00f3n, furiosas ansias<br \/>\nde ti, \u00a1ansias de nada!<br \/>\nTerca la primavera se te opuso,<br \/>\npero la primavera se acababa.<br \/>\nTercos nosotros junto a nuestros libros,<br \/>\npoetas espa\u00f1oles, \u00a1sorda Espa\u00f1a!<br \/>\nContra la oscura piedra de tus siglos,<br \/>\nfugacidad de la palabra.<br \/>\n\u00a1Desmedida pasi\u00f3n de ti,<br \/>\npasi\u00f3n de amor equivocada!<\/p>\n<p class=\"MsoNormal\" style=\"padding-left: 30px;\"><em>Compa\u00f1era de hoy<\/em>, 1966.<\/p>\n<p class=\"MsoNormal\"><strong>PARA ESCRIBIR<\/strong><\/p>\n<p class=\"MsoNormal\">Para escribir marchaste d\u00eda a d\u00eda<br \/>\njunto al rumor, junto al continuo mar.<br \/>\nPromontorios de sombra no pudieron<br \/>\ndesorientarte ni acallar tu voz.<\/p>\n<p class=\"MsoNormal\">As\u00ed los poderosos sentimientos<br \/>\nfueron justificados, las acciones,<br \/>\ndiscursos, la pasi\u00f3n inextinguible<br \/>\nno morir\u00e1n\u2026 T\u00fa vivir\u00e1s con ellos.<\/p>\n<p class=\"MsoNormal\">Pondr\u00e1s en la materia de tu oficio<br \/>\nesta vida final, soplo y sentido.<br \/>\nHumana fe entre la palabra inerte,<br \/>\nhumana luz en la inmortal espera.<\/p>\n<p class=\"MsoNormal\" style=\"padding-left: 30px;\"><em>Compa\u00f1era de hoy<\/em>, 1966.<\/p>\n<p class=\"MsoNormal\"><strong>APUNTES DE UNA VIDA, INDICIOS\u2026<\/strong><\/p>\n<p class=\"MsoNormal\">Apuntes de una vida, indicios<br \/>\nde otra, si alguien me lee acaso<br \/>\nen este espejo torpe<br \/>\nver\u00e1 su propio rostro.<\/p>\n<p class=\"MsoNormal\" style=\"padding-left: 30px;\"><em>Suicidios y otras muertes<\/em>, 1974, p\u00f3stumo.<\/p>\n<p class=\"MsoNormal\"><strong>SINSIL\u00c1BICOS<\/strong><\/p>\n<p class=\"MsoNormal\">Estos versos de hoy al menos fueran<br \/>\nun arco de concordia, un lenguaje futuro,<br \/>\nmas no, la cobard\u00eda, el terror<br \/>\n\u2013si no es pura estulticia\u2013<br \/>\nimpulsan a escribir<br \/>\nlo que nadie ni ninguno espera.<\/p>\n<p class=\"MsoNormal\">Del p\u00e1jaro o del ni\u00f1o o del mar,<br \/>\ndel prisionero sinsil\u00e1bico,<br \/>\ndel mutismo del mudo,<br \/>\ndel ladrido del perro<br \/>\nacaso el poema contacto surgir\u00e1,<br \/>\nel sonido sereno, la libre lucidez.<\/p>\n<p class=\"MsoNormal\" style=\"padding-left: 30px;\"><em>Suicidios y otras muertes<\/em>, 1974, p\u00f3stumo.<\/p>\n<p class=\"MsoNormal\"><strong>VOCACI\u00d3N<\/strong><\/p>\n<p class=\"MsoNormal\">Fuera la voz<br \/>\nofrecimiento acaso<br \/>\nm\u00e1s vivo y vehemente<br \/>\nque la ardiente memoria<br \/>\nque se crispa en mis brazos.<\/p>\n<p class=\"MsoNormal\">Caen de un cielo atormentado<br \/>\nascuas de luz.<br \/>\n\u00bfSer\u00e1n al fin<br \/>\ncontornos del amor<br \/>\ntan esperados<br \/>\npara un mundo real?<\/p>\n<p class=\"MsoNormal\">Obseso en la pregunta estoy.<br \/>\nExistir a trav\u00e9s de las palabras,<br \/>\nvocaci\u00f3n insolente.<\/p>\n<p class=\"MsoNormal\" style=\"padding-left: 30px;\"><em>Suicidios y otras muertes<\/em>, 1974, p\u00f3stumo.<\/p>\n","protected":false},"excerpt":{"rendered":"<p>Los poemas del leridano Alfonso Costafreda (1923-1974), hermosos y dolientes, tratan de la insuficiencia de la palabra para vencer la insuficiencia de la vida. DESDE PEQUE\u00d1O SO\u00d1\u00c9\u2026 Desde peque\u00f1o so\u00f1\u00e9 ser el poeta que explicase a los ni\u00f1os la historia de los p\u00e1jaros; c\u00f3mo en ellos se apasiona la vida, se adelgaza, se cumple, y&#8230; <\/p>\n<div class=\"read-more navbutton\"><a href=\"https:\/\/poeticas.es\/?p=2680\">Leer m\u00e1s<i class=\"fa fa-angle-double-right\"><\/i><\/a><\/div>\n","protected":false},"author":1,"featured_media":0,"comment_status":"closed","ping_status":"closed","sticky":false,"template":"","format":"standard","meta":{"_exactmetrics_skip_tracking":false,"_exactmetrics_sitenote_active":false,"_exactmetrics_sitenote_note":"","_exactmetrics_sitenote_category":0,"footnotes":""},"categories":[1,28],"tags":[51,15],"class_list":["post-2680","post","type-post","status-publish","format-standard","hentry","category-uncategorized","category-posguerra","tag-generacion-del-50","tag-xx"],"_links":{"self":[{"href":"https:\/\/poeticas.es\/index.php?rest_route=\/wp\/v2\/posts\/2680","targetHints":{"allow":["GET"]}}],"collection":[{"href":"https:\/\/poeticas.es\/index.php?rest_route=\/wp\/v2\/posts"}],"about":[{"href":"https:\/\/poeticas.es\/index.php?rest_route=\/wp\/v2\/types\/post"}],"author":[{"embeddable":true,"href":"https:\/\/poeticas.es\/index.php?rest_route=\/wp\/v2\/users\/1"}],"replies":[{"embeddable":true,"href":"https:\/\/poeticas.es\/index.php?rest_route=%2Fwp%2Fv2%2Fcomments&post=2680"}],"version-history":[{"count":3,"href":"https:\/\/poeticas.es\/index.php?rest_route=\/wp\/v2\/posts\/2680\/revisions"}],"predecessor-version":[{"id":5037,"href":"https:\/\/poeticas.es\/index.php?rest_route=\/wp\/v2\/posts\/2680\/revisions\/5037"}],"wp:attachment":[{"href":"https:\/\/poeticas.es\/index.php?rest_route=%2Fwp%2Fv2%2Fmedia&parent=2680"}],"wp:term":[{"taxonomy":"category","embeddable":true,"href":"https:\/\/poeticas.es\/index.php?rest_route=%2Fwp%2Fv2%2Fcategories&post=2680"},{"taxonomy":"post_tag","embeddable":true,"href":"https:\/\/poeticas.es\/index.php?rest_route=%2Fwp%2Fv2%2Ftags&post=2680"}],"curies":[{"name":"wp","href":"https:\/\/api.w.org\/{rel}","templated":true}]}}