{"id":2706,"date":"2009-04-11T15:33:24","date_gmt":"2009-04-11T15:33:24","guid":{"rendered":"http:\/\/poeticas.es\/?p=2706"},"modified":"2017-09-06T15:43:53","modified_gmt":"2017-09-06T13:43:53","slug":"conde-de-norona","status":"publish","type":"post","link":"https:\/\/poeticas.es\/?p=2706","title":{"rendered":"Conde de Noro\u00f1a"},"content":{"rendered":"<p class=\"MsoNormal\" style=\"text-align: justify;\"><img loading=\"lazy\" decoding=\"async\" class=\"alignnone size-full wp-image-2707\" title=\"Alegor\u00eda del Teatro con Apolo, Tal\u00eda y Melp\u00f3mene, de Zacar\u00edas Gonz\u00e1lez Vel\u00e1zquez\" src=\"https:\/\/poeticas.es\/wp-content\/uploads\/2009\/04\/condedenorona.jpg\" alt=\"Alegor\u00eda del Teatro con Apolo, Tal\u00eda y Melp\u00f3mene, de Zacar\u00edas Gonz\u00e1lez Vel\u00e1zquez\" width=\"450\" height=\"360\" srcset=\"https:\/\/poeticas.es\/wp-content\/uploads\/2009\/04\/condedenorona.jpg 500w, https:\/\/poeticas.es\/wp-content\/uploads\/2009\/04\/condedenorona-300x240.jpg 300w\" sizes=\"auto, (max-width: 450px) 100vw, 450px\" \/><\/p>\n<p class=\"MsoNormal\" style=\"text-align: justify;\"><em>El castellonense Gaspar Mar\u00eda de Nava \u00c1lvarez, Conde de Noro\u00f1a (1760-1815), anticip\u00f3 el gusto rom\u00e1ntico por lo oriental en sus <\/em>Poes\u00edas asi\u00e1ticas<em> (traducciones). En su primera recopilaci\u00f3n de poemas (1799), predomina, sin embargo, el estilo rococ\u00f3.<\/em><\/p>\n<p class=\"MsoNormal\"><strong>DE M\u00cd MISMO<\/strong><\/p>\n<p class=\"MsoNormal\">\u00a1Cu\u00e1ntas veces he roto<br \/>\naquellos mamotretos<br \/>\nen donde conservaba<br \/>\nmis mal forjados versos,<br \/>\nporque me figuraba<br \/>\nque en boca de un guerrero<br \/>\ndisuenan las ternezas<br \/>\nfastidian los requiebros!<br \/>\nPero entonces la Musa,<br \/>\njuntando con empe\u00f1o<br \/>\nlos trozos esparcidos<br \/>\nac\u00e1 y all\u00e1 en el suelo,<br \/>\nme dec\u00eda enojada:<br \/>\n\u00bfQui\u00e9n te ha dicho que el pecho,<br \/>\nen donde yo resido,<br \/>\nes d\u00e9bil, sin aliento?<br \/>\nD\u00edganlo por m\u00ed Ercilla,<br \/>\nMendoza, Rebolledo,<br \/>\nGarcilaso y Cadalso,<br \/>\nhonor de los modernos.<br \/>\nLos unos sus laureles<br \/>\ncon mirto entretejieron<br \/>\ny los otros con sangre<br \/>\nsellaron sus trofeos.<br \/>\nLas almas apagadas,<br \/>\nlos cuerpos como hielo<br \/>\nno sirven para Marte,<br \/>\nno son gratos a Venus,<br \/>\nni en el Parnaso encuentran<br \/>\nel m\u00e1s humilde asiento<br \/>\npues el Dios que all\u00ed manda<br \/>\nes todo luz y fuego.<br \/>\nAs\u00ed toma la pluma,<br \/>\ncontin\u00faa escribiendo,<br \/>\nque la trompa y la lira<br \/>\nsaben sonar de acuerdo.<br \/>\nA su voz no resisto,<br \/>\nsu mandato obedezco,<br \/>\ntomo la pluma y s\u00f3lo<br \/>\nme inspira el pecho versos.<\/p>\n","protected":false},"excerpt":{"rendered":"<p>El castellonense Gaspar Mar\u00eda de Nava \u00c1lvarez, Conde de Noro\u00f1a (1760-1815), anticip\u00f3 el gusto rom\u00e1ntico por lo oriental en sus Poes\u00edas asi\u00e1ticas (traducciones). En su primera recopilaci\u00f3n de poemas (1799), predomina, sin embargo, el estilo rococ\u00f3. DE M\u00cd MISMO \u00a1Cu\u00e1ntas veces he roto aquellos mamotretos en donde conservaba mis mal forjados versos, porque me figuraba&#8230; <\/p>\n<div class=\"read-more navbutton\"><a href=\"https:\/\/poeticas.es\/?p=2706\">Leer m\u00e1s<i class=\"fa fa-angle-double-right\"><\/i><\/a><\/div>\n","protected":false},"author":1,"featured_media":0,"comment_status":"closed","ping_status":"closed","sticky":false,"template":"","format":"standard","meta":{"_exactmetrics_skip_tracking":false,"_exactmetrics_sitenote_active":false,"_exactmetrics_sitenote_note":"","_exactmetrics_sitenote_category":0,"footnotes":""},"categories":[1,21],"tags":[124,76,23],"class_list":["post-2706","post","type-post","status-publish","format-standard","hentry","category-uncategorized","category-ilustracion","tag-prerromanticismo","tag-rococo","tag-xviii"],"_links":{"self":[{"href":"https:\/\/poeticas.es\/index.php?rest_route=\/wp\/v2\/posts\/2706","targetHints":{"allow":["GET"]}}],"collection":[{"href":"https:\/\/poeticas.es\/index.php?rest_route=\/wp\/v2\/posts"}],"about":[{"href":"https:\/\/poeticas.es\/index.php?rest_route=\/wp\/v2\/types\/post"}],"author":[{"embeddable":true,"href":"https:\/\/poeticas.es\/index.php?rest_route=\/wp\/v2\/users\/1"}],"replies":[{"embeddable":true,"href":"https:\/\/poeticas.es\/index.php?rest_route=%2Fwp%2Fv2%2Fcomments&post=2706"}],"version-history":[{"count":3,"href":"https:\/\/poeticas.es\/index.php?rest_route=\/wp\/v2\/posts\/2706\/revisions"}],"predecessor-version":[{"id":5033,"href":"https:\/\/poeticas.es\/index.php?rest_route=\/wp\/v2\/posts\/2706\/revisions\/5033"}],"wp:attachment":[{"href":"https:\/\/poeticas.es\/index.php?rest_route=%2Fwp%2Fv2%2Fmedia&parent=2706"}],"wp:term":[{"taxonomy":"category","embeddable":true,"href":"https:\/\/poeticas.es\/index.php?rest_route=%2Fwp%2Fv2%2Fcategories&post=2706"},{"taxonomy":"post_tag","embeddable":true,"href":"https:\/\/poeticas.es\/index.php?rest_route=%2Fwp%2Fv2%2Ftags&post=2706"}],"curies":[{"name":"wp","href":"https:\/\/api.w.org\/{rel}","templated":true}]}}