{"id":2727,"date":"2009-04-11T15:57:57","date_gmt":"2009-04-11T15:57:57","guid":{"rendered":"http:\/\/poeticas.es\/?p=2727"},"modified":"2017-09-06T15:43:53","modified_gmt":"2017-09-06T13:43:53","slug":"gonzalo-marquez-cristo","status":"publish","type":"post","link":"https:\/\/poeticas.es\/?p=2727","title":{"rendered":"Gonzalo M\u00e1rquez Cristo"},"content":{"rendered":"<p class=\"MsoBodyText\" style=\"text-align: justify;\"><img loading=\"lazy\" decoding=\"async\" class=\"alignnone size-full wp-image-2728\" title=\"Bodeg\u00f3n, de Gerardo Caro\" src=\"https:\/\/poeticas.es\/wp-content\/uploads\/2009\/04\/gonzalomarquezcristo.jpg\" alt=\"Bodeg\u00f3n, de Gerardo Caro\" width=\"350\" height=\"351\" srcset=\"https:\/\/poeticas.es\/wp-content\/uploads\/2009\/04\/gonzalomarquezcristo.jpg 350w, https:\/\/poeticas.es\/wp-content\/uploads\/2009\/04\/gonzalomarquezcristo-150x150.jpg 150w, https:\/\/poeticas.es\/wp-content\/uploads\/2009\/04\/gonzalomarquezcristo-299x300.jpg 299w\" sizes=\"auto, (max-width: 350px) 100vw, 350px\" \/><\/p>\n<p class=\"MsoBodyText\" style=\"text-align: justify;\"><em>Al colombiano <a title=\"Blog del escritor\" href=\"http:\/\/gonzalomarquezcristo.blogspot.com\/\">Gonzalo M\u00e1rquez Cristo<\/a> (1963) le interesa la poes\u00eda como indagaci\u00f3n filos\u00f3fica, la palabra po\u00e9tica como s\u00edmbolo agudo que profundiza en las preguntas esenciales del hombre.<\/em><\/p>\n<p class=\"MsoBodyText\" style=\"text-align: justify;\"><strong>LAS PALABRAS PERDIDAS<\/strong><\/p>\n<p class=\"MsoBodyText\" style=\"text-align: justify;\">Alguien descifra la escritura de la lluvia y sin embargo no puede escapar.<\/p>\n<p class=\"MsoBodyText\" style=\"text-align: justify;\">Un alud de im\u00e1genes nos extrav\u00eda la palabra; acudimos al grito y al llanto, a veces a la indiferencia, pero sabemos que necesitamos de la guerra para ser inocentes.<\/p>\n<p class=\"MsoBodyText\" style=\"text-align: justify;\">Todo lo ha ofrendado la ceniza.<\/p>\n<p class=\"MsoBodyText\" style=\"text-align: justify;\">Desde que desterramos a la noche desaparecieron las m\u00e1s profundas alianzas y nuestros perseguidores pueden encontrarnos.<\/p>\n<p class=\"MsoBodyText\" style=\"text-align: justify;\">Una herida siempre recuerda la vida, todo nacimiento procede de su t\u00fanel. Un \u00e1rbol arde en nuestros ojos de agua.<\/p>\n<p class=\"MsoBodyText\" style=\"text-align: justify;\">La verdad \u2013es decir lo prohibido\u2013 impone su reino de terror\u2026 y hemos decidido habitarlo con las manos entrelazadas.<\/p>\n<p class=\"MsoBodyText\" style=\"text-align: justify;\">Cre\u00edmos que la poes\u00eda nos ense\u00f1ar\u00eda a morir\u2026<\/p>\n<p class=\"MsoBodyText\" style=\"text-align: justify;\">Persistimos\u2026 Con frecuencia hacemos la extra\u00f1a sonrisa del miedo. Si huimos, la soledad convertir\u00e1 a alguien en v\u00edctima. Por eso la palabra se pasa de mano en mano para construir una morada invisible.<\/p>\n<p class=\"MsoBodyText\" style=\"text-align: justify;\">A veces para sobrevivir renunciamos al conocimiento.<\/p>\n<p class=\"MsoBodyText\" style=\"text-align: justify;\">Y cuando todos duermen, escribimos\u2026 Pero un poema es el f\u00f3sil de un sue\u00f1o, el cad\u00e1ver de un dios\u2026<\/p>\n<p class=\"MsoList\" style=\"text-align: justify;\">\u00bfA\u00fan podremos salvarnos?<\/p>\n<p class=\"MsoList\" style=\"padding-left: 30px; text-align: justify;\"><em>La palabra liberada<\/em>, 2001.<\/p>\n","protected":false},"excerpt":{"rendered":"<p>Al colombiano Gonzalo M\u00e1rquez Cristo (1963) le interesa la poes\u00eda como indagaci\u00f3n filos\u00f3fica, la palabra po\u00e9tica como s\u00edmbolo agudo que profundiza en las preguntas esenciales del hombre. LAS PALABRAS PERDIDAS Alguien descifra la escritura de la lluvia y sin embargo no puede escapar. Un alud de im\u00e1genes nos extrav\u00eda la palabra; acudimos al grito y&#8230; <\/p>\n<div class=\"read-more navbutton\"><a href=\"https:\/\/poeticas.es\/?p=2727\">Leer m\u00e1s<i class=\"fa fa-angle-double-right\"><\/i><\/a><\/div>\n","protected":false},"author":1,"featured_media":0,"comment_status":"closed","ping_status":"closed","sticky":false,"template":"","format":"standard","meta":{"_exactmetrics_skip_tracking":false,"_exactmetrics_sitenote_active":false,"_exactmetrics_sitenote_note":"","_exactmetrics_sitenote_category":0,"footnotes":""},"categories":[1,74],"tags":[15,36],"class_list":["post-2727","post","type-post","status-publish","format-standard","hentry","category-uncategorized","category-literatura-colombiana","tag-xx","tag-xxi"],"_links":{"self":[{"href":"https:\/\/poeticas.es\/index.php?rest_route=\/wp\/v2\/posts\/2727","targetHints":{"allow":["GET"]}}],"collection":[{"href":"https:\/\/poeticas.es\/index.php?rest_route=\/wp\/v2\/posts"}],"about":[{"href":"https:\/\/poeticas.es\/index.php?rest_route=\/wp\/v2\/types\/post"}],"author":[{"embeddable":true,"href":"https:\/\/poeticas.es\/index.php?rest_route=\/wp\/v2\/users\/1"}],"replies":[{"embeddable":true,"href":"https:\/\/poeticas.es\/index.php?rest_route=%2Fwp%2Fv2%2Fcomments&post=2727"}],"version-history":[{"count":2,"href":"https:\/\/poeticas.es\/index.php?rest_route=\/wp\/v2\/posts\/2727\/revisions"}],"predecessor-version":[{"id":2730,"href":"https:\/\/poeticas.es\/index.php?rest_route=\/wp\/v2\/posts\/2727\/revisions\/2730"}],"wp:attachment":[{"href":"https:\/\/poeticas.es\/index.php?rest_route=%2Fwp%2Fv2%2Fmedia&parent=2727"}],"wp:term":[{"taxonomy":"category","embeddable":true,"href":"https:\/\/poeticas.es\/index.php?rest_route=%2Fwp%2Fv2%2Fcategories&post=2727"},{"taxonomy":"post_tag","embeddable":true,"href":"https:\/\/poeticas.es\/index.php?rest_route=%2Fwp%2Fv2%2Ftags&post=2727"}],"curies":[{"name":"wp","href":"https:\/\/api.w.org\/{rel}","templated":true}]}}