{"id":2731,"date":"2009-04-11T16:02:17","date_gmt":"2009-04-11T14:02:17","guid":{"rendered":"http:\/\/poeticas.es\/?p=2731"},"modified":"2022-10-16T12:17:37","modified_gmt":"2022-10-16T10:17:37","slug":"francisco-brines","status":"publish","type":"post","link":"https:\/\/poeticas.es\/?p=2731","title":{"rendered":"Francisco Brines"},"content":{"rendered":"<p><img loading=\"lazy\" decoding=\"async\" class=\"alignnone size-full wp-image-5830\" src=\"https:\/\/poeticas.es\/wp-content\/uploads\/2009\/04\/BRINES.jpg\" alt=\"\" width=\"643\" height=\"205\" srcset=\"https:\/\/poeticas.es\/wp-content\/uploads\/2009\/04\/BRINES.jpg 643w, https:\/\/poeticas.es\/wp-content\/uploads\/2009\/04\/BRINES-300x96.jpg 300w\" sizes=\"auto, (max-width: 643px) 100vw, 643px\" \/><\/p>\n<p class=\"MsoNormal\" style=\"text-align: justify;\"><em>El valenciano Francisco Brines (1932-2021), miembro destacado de la generaci\u00f3n de medio siglo, cultiv\u00f3 una poes\u00eda de preocupaciones metaf\u00edsicas y tono meditativo y eleg\u00edaco.<\/em><\/p>\n<p class=\"MsoNormal\"><strong>EL PORQU\u00c9 DE LAS PALABRAS<\/strong><\/p>\n<p class=\"MsoNormal\">No tuve amor a las palabras;<br \/>\nsi las us\u00e9 con desnudez, si sufr\u00ed en esa busca,<br \/>\nfue por necesidad de no perder la vida,<br \/>\ny envejecer con algo de memoria<br \/>\ny alguna claridad.<\/p>\n<p class=\"MsoNormal\">As\u00ed un\u00ed las palabras para quemar la noche,<br \/>\nhacer un falso d\u00eda hermoso,<br \/>\ny pude conocer que era la soledad el centro de este mundo.<br \/>\nY s\u00f3lo atesor\u00e9 miseria,<br \/>\nsuspendido el placer para experimentar una desdicha nueva,<br \/>\nbes\u00e9 en todos los labios posada la ceniza,<br \/>\ny fui capaz de amar la cobard\u00eda porque era fiel y era digna del hombre.<\/p>\n<p class=\"MsoNormal\">Hay en mi tosca taza un divino licor<br \/>\nque apuro y que renuevo;<br \/>\ndesasosiega, y es<br \/>\nremordimiento;<br \/>\ntengo por concubina a la virtud.<\/p>\n<p class=\"MsoNormal\">No tuve amor a las palabras,<br \/>\n\u00bfc\u00f3mo tener amor a vagos signos<br \/>\ncuyo desvelamiento era tan s\u00f3lo<br \/>\ndespertar la piedad del hombre para consigo mismo?<br \/>\nEn el aprendizaje del oficio se logran resultados:<br \/>\nllegu\u00e9 a saber que era id\u00e9ntico el peso del acto que resulta de lenta reflexi\u00f3n y<br \/>\n<span style=\"padding-left: 430px;\">[el gratuito,<\/span><br \/>\ny es f\u00e1cil desprenderse de la vida, o no estimarla,<br \/>\npues es en la desdicha tan valiosa como en la misma dicha.<\/p>\n<p class=\"MsoNormal\">Deb\u00ed amar las palabras;<br \/>\npor ellas compar\u00e9, con cualquier dimensi\u00f3n del mundo externo:<br \/>\nel mar, el firmamento,<br \/>\nun goce o un dolor que al instante mor\u00edan;<br \/>\ny en ellas alcanc\u00e9 la ra\u00edz tenebrosa de la vida.<br \/>\nCree el hombre que nada es superior al hombre mismo:<br \/>\nni la mayor miseria, ni la mayor grandeza de los mundos,<br \/>\npues todo lo contiene su deseo.<\/p>\n<p class=\"MsoNormal\">Las palabras separan de las cosas<br \/>\nla luz que cae en ellas y la c\u00e1scara extinta,<br \/>\ny recogen los velos de la sombra<br \/>\nen la noche y los huecos;<br \/>\nmas no supieron separar la l\u00e1grima y la risa,<br \/>\npues eran una sola verdad,<br \/>\ny valieron igual sonrisa, indiferencia.<br \/>\nTodos son gestos, muertes, son residuos.<\/p>\n<p class=\"MsoNormal\">Mirad al sigiloso ladr\u00f3n de las palabras,<br \/>\nrepta en la noche fosca,<br \/>\nabre su boca seca, y est\u00e1 mudo.<\/p>\n<p class=\"MsoNormal\" style=\"padding-left: 30px;\"><em>Insistencias en Luzbel<\/em>, 1977.<\/p>\n<p><!--more--><\/p>\n<p><strong>EL VASO QUEBRADO<\/strong><\/p>\n<h6 style=\"padding-left: 160px;\"><em>A Carlos y Vicente<\/em><\/h6>\n<p>Hay veces en que el alma<br \/>\nse quiebra como un vaso<br \/>\ny antes de que se rompa<br \/>\ny muera (porque las cosas mueren<br \/>\ntambi\u00e9n), ll\u00e9nalo de agua<br \/>\ny bebe,<br \/>\n<span style=\"padding-left: 40px;\">quiero decir que dejes<\/span><br \/>\nlas palabras gastadas, bien lavadas,<br \/>\nen el fondo quebrado<br \/>\nde tu alma,<br \/>\ny que, si pueden, canten.<\/p>\n<p style=\"padding-left: 40px;\"><em>Donde muere la muerte<\/em>, 2021.<\/p>\n","protected":false},"excerpt":{"rendered":"<p>El valenciano Francisco Brines (1932-2021), miembro destacado de la generaci\u00f3n de medio siglo, cultiv\u00f3 una poes\u00eda de preocupaciones metaf\u00edsicas y tono meditativo y eleg\u00edaco. EL PORQU\u00c9 DE LAS PALABRAS No tuve amor a las palabras; si las us\u00e9 con desnudez, si sufr\u00ed en esa busca, fue por necesidad de no perder la vida, y envejecer&#8230; <\/p>\n<div class=\"read-more navbutton\"><a href=\"https:\/\/poeticas.es\/?p=2731\">Leer m\u00e1s<i class=\"fa fa-angle-double-right\"><\/i><\/a><\/div>\n","protected":false},"author":1,"featured_media":0,"comment_status":"closed","ping_status":"closed","sticky":false,"template":"","format":"standard","meta":{"_exactmetrics_skip_tracking":false,"_exactmetrics_sitenote_active":false,"_exactmetrics_sitenote_note":"","_exactmetrics_sitenote_category":0,"footnotes":""},"categories":[1,28],"tags":[51,147,15],"class_list":["post-2731","post","type-post","status-publish","format-standard","hentry","category-uncategorized","category-posguerra","tag-generacion-del-50","tag-premio-reina-sofia","tag-xx"],"_links":{"self":[{"href":"https:\/\/poeticas.es\/index.php?rest_route=\/wp\/v2\/posts\/2731","targetHints":{"allow":["GET"]}}],"collection":[{"href":"https:\/\/poeticas.es\/index.php?rest_route=\/wp\/v2\/posts"}],"about":[{"href":"https:\/\/poeticas.es\/index.php?rest_route=\/wp\/v2\/types\/post"}],"author":[{"embeddable":true,"href":"https:\/\/poeticas.es\/index.php?rest_route=\/wp\/v2\/users\/1"}],"replies":[{"embeddable":true,"href":"https:\/\/poeticas.es\/index.php?rest_route=%2Fwp%2Fv2%2Fcomments&post=2731"}],"version-history":[{"count":8,"href":"https:\/\/poeticas.es\/index.php?rest_route=\/wp\/v2\/posts\/2731\/revisions"}],"predecessor-version":[{"id":5831,"href":"https:\/\/poeticas.es\/index.php?rest_route=\/wp\/v2\/posts\/2731\/revisions\/5831"}],"wp:attachment":[{"href":"https:\/\/poeticas.es\/index.php?rest_route=%2Fwp%2Fv2%2Fmedia&parent=2731"}],"wp:term":[{"taxonomy":"category","embeddable":true,"href":"https:\/\/poeticas.es\/index.php?rest_route=%2Fwp%2Fv2%2Fcategories&post=2731"},{"taxonomy":"post_tag","embeddable":true,"href":"https:\/\/poeticas.es\/index.php?rest_route=%2Fwp%2Fv2%2Ftags&post=2731"}],"curies":[{"name":"wp","href":"https:\/\/api.w.org\/{rel}","templated":true}]}}