{"id":278,"date":"2009-02-01T19:28:25","date_gmt":"2009-02-01T19:28:25","guid":{"rendered":"http:\/\/poeticas.es\/?p=278"},"modified":"2017-09-06T15:47:28","modified_gmt":"2017-09-06T13:47:28","slug":"claudia-lars","status":"publish","type":"post","link":"https:\/\/poeticas.es\/?p=278","title":{"rendered":"Claudia Lars"},"content":{"rendered":"<p class=\"MsoBodyText\" style=\"text-align: justify;\"><img loading=\"lazy\" decoding=\"async\" class=\"alignnone size-full wp-image-279\" title=\"Charla entre huacales, de Valero Lecha\" src=\"https:\/\/poeticas.es\/wp-content\/uploads\/2009\/02\/claudialars.jpg\" alt=\"Charla entre huacales, de Valero Lecha\" width=\"289\" height=\"295\" \/><\/p>\n<p class=\"MsoBodyText\" style=\"text-align: justify;\"><em>La poeta salvadore\u00f1a Carmen Brannon Vega, m\u00e1s conocida como Claudia Lars (1899-1974), cant\u00f3 el amor, el paisaje, la infancia y los recuerdos, en versos elegantes, de fina sensibilidad.<\/em><\/p>\n<p><strong>POETA SOY <\/strong><\/p>\n<h6 style=\"padding-left: 90px;\">Para Mar\u00eda y Mariano Coronado<\/h6>\n<p>Dolor del mundo entero que en mi dolor estalla,<br \/>\nHambre y sed de justicia que se vuelven locura;<br \/>\nAnsia de un bien mayor que el esfuerzo apresura,<br \/>\nVoluntad que me obliga a ganar la batalla.<\/p>\n<p>Sue\u00f1o de toda mente que mi mente avasalla,<br \/>\nMiel de amor que en el pecho es r\u00edo de dulzura;<br \/>\nVerso de toda lengua que mi verso murmura,<br \/>\nMiseria de la vida que mi verg\u00fcenza calla.<\/p>\n<p>Poeta soy\u2026 y vengo, por Dios mismo escogida,<br \/>\nA soltar en el viento mi canto de belleza,<br \/>\nA vivir con m\u00e1s alto sentido de nobleza,<\/p>\n<p>A buscar en la sombra la verdad escondida.<br \/>\n\u00a1Y las fuerzas eternas que rigen el destino<br \/>\nHan de volverme polvo si equivoco el camino!<\/p>\n<p class=\"MsoList\" style=\"padding-left: 30px;\"><em>Estrellas en el pozo<\/em>, 1934.<\/p>\n<p><!--more--><\/p>\n<p class=\"MsoBodyText\"><strong>CANCI\u00d3N REDONDA <\/strong><\/p>\n<h6 class=\"peque\" style=\"padding-left: 60px;\"><em>A don Joaqu\u00edn Garc\u00eda Monge <\/em><\/h6>\n<p class=\"MsoBodyText\">Voy a cantar la inmensa belleza de la vida<br \/>\nen un verso sencillo:<br \/>\nel color de la nube, la fragancia del gajo,<br \/>\ny el milagro del trigo.<\/p>\n<p class=\"MsoBodyText\">Quiero robar al Sol su clave luminosa<br \/>\ny su escala de brillos;<br \/>\ny con el alba nueva despertar en el mundo<br \/>\nlos ojos y los trinos.<\/p>\n<p class=\"MsoBodyText\">Entrar\u00e9 con el viento en la selva profunda<br \/>\nde los ecos dormidos;<br \/>\ny he de sentir la recia carga de los calores<br \/>\ny l\u2019aguja del fr\u00edo.<\/p>\n<p class=\"MsoBodyText\">Jugar\u00e9 con las olas de los mares revueltos<br \/>\nun juego de peligros;<br \/>\ny escribir\u00e9 en l\u2019arena una estrofa que acaba<br \/>\nen puntos suspensivos.<\/p>\n<p class=\"MsoBodyText\">Subir\u00e9 con el fuego, como una flor violenta<br \/>\nde capullo encendido;<br \/>\ny despu\u00e9s, llama extinta, he de dormir oculta<br \/>\nen el rescoldo tibio.<\/p>\n<p class=\"MsoBodyText\">Ensayar\u00e9 la gama, transparente y alegre,<br \/>\nde las voces del r\u00edo;<br \/>\ny el vaiv\u00e9n de fulgores que traza en las espumas<br \/>\nel pececito arisco.<\/p>\n<p class=\"MsoBodyText\">Mecer\u00e9 mi cadencia en el tallo delgado<br \/>\nque sostiene al jacinto.<br \/>\nMe hundir\u00e9, con la savia de la ra\u00edz oscura,<br \/>\npor t\u00faneles de limo.<\/p>\n<p class=\"MsoBodyText\">Asomar\u00e9 mi tierno reto\u00f1o de esperanza<br \/>\nentre lianas y espinos;<br \/>\ny en la fruta del \u00e1rbol acendrar\u00e9 las mieles<br \/>\nde sabor exquisito.<\/p>\n<p class=\"MsoBodyText\">Esponjar\u00e9 la seda del gusano rastrero<br \/>\nenvuelta en el ovillo;<br \/>\ny en la fiesta de Mayo habr\u00e9 de ser inquieta<br \/>\nmariposa de giros.<\/p>\n<p class=\"MsoBodyText\">Remontar\u00e9 mi gozo en el vuelo del p\u00e1jaro,<br \/>\npor di\u00e1fanos caminos;<br \/>\ny en la rama flexible, bajo las sombras verdes,<br \/>\nhe de colgar mi nido.<\/p>\n<p class=\"MsoBodyText\">Guardar\u00e9, con la fiera, mi soledad salvaje<br \/>\ny mi cueva de gritos.<br \/>\nBuscar\u00e9, con la bestia, el yantar cotidiano<br \/>\nque rumian los vencidos.<\/p>\n<p class=\"MsoBodyText\">Abrir\u00e9 misteriosa puerta de corazones<br \/>\ncon mano de sigilo;<br \/>\ny en cuenca de ternura recoger\u00e9 la m\u00fasica<br \/>\nde trenzados latidos.<\/p>\n<p class=\"MsoBodyText\">En la pauta de amor, en el J\u00fabilo Eterno,<br \/>\nhe de inventar un himno<br \/>\nque vibre en armon\u00eda exaltada y perfecta,<br \/>\nllenando el infinito.<\/p>\n<p class=\"MsoBodyText\">Con la brasa del beso sellar\u00e9 la frescura<br \/>\ndel labio sensitivo;<br \/>\ny en ofrenda secreta entregar\u00e9 tesoros<br \/>\ncabales y escondidos.<\/p>\n<p class=\"MsoBodyText\">Para quien llora en vano, buscando en el silencio<br \/>\ncomo un ni\u00f1o perdido,<br \/>\nhe de tejer, con hebras de arrullos enredados,<br \/>\nquieto rinc\u00f3n de abrigo.<\/p>\n<p class=\"MsoBodyText\">Aprender\u00e9 a mirar con ojos de vidente<br \/>\nlas cosas y los signos;<br \/>\ny sabr\u00e9 descubrir, en cada acci\u00f3n, la causa<br \/>\ny el humano sentido.<\/p>\n<p class=\"MsoBodyText\">La flecha de mi anhelo romper\u00e1 la tiniebla<br \/>\nsin perder su destino;<br \/>\ny la red de mi ensue\u00f1o ha de alcanzar distantes<br \/>\nluceros sorprendidos.<\/p>\n<p class=\"MsoBodyText\">Ni angustias ni temores ce\u00f1ir\u00e1n en mi carne<br \/>\ncadenas de dominio,<br \/>\nporque tiene mi impulso la fuerza arrebatada<br \/>\ndel torrente crecido.<\/p>\n<p class=\"MsoBodyText\">Ser\u00e9 palabra clara que reza y que bendice,<br \/>\ny sollozo y suspiro;<br \/>\ny en el dolor rebelde y m\u00faltiple del hombre<br \/>\nlamento retorcido.<\/p>\n<p class=\"MsoBodyText\">Y cuando en la belleza de mi canci\u00f3n redonda<br \/>\nno falte ni un sonido,<br \/>\nla soltar\u00e9 en el aire\u2026 Y escoger\u00e9, callada,<br \/>\nlos rumbos del olvido.<\/p>\n<p class=\"MsoList\" style=\"padding-left: 30px;\"><em>Canci\u00f3n redonda<\/em>, 1937.<\/p>\n","protected":false},"excerpt":{"rendered":"<p>La poeta salvadore\u00f1a Carmen Brannon Vega, m\u00e1s conocida como Claudia Lars (1899-1974), cant\u00f3 el amor, el paisaje, la infancia y los recuerdos, en versos elegantes, de fina sensibilidad. POETA SOY Para Mar\u00eda y Mariano Coronado Dolor del mundo entero que en mi dolor estalla, Hambre y sed de justicia que se vuelven locura; Ansia de&#8230; <\/p>\n<div class=\"read-more navbutton\"><a href=\"https:\/\/poeticas.es\/?p=278\">Leer m\u00e1s<i class=\"fa fa-angle-double-right\"><\/i><\/a><\/div>\n","protected":false},"author":1,"featured_media":0,"comment_status":"closed","ping_status":"closed","sticky":false,"template":"","format":"standard","meta":{"_exactmetrics_skip_tracking":false,"_exactmetrics_sitenote_active":false,"_exactmetrics_sitenote_note":"","_exactmetrics_sitenote_category":0,"footnotes":""},"categories":[1,75],"tags":[62,15],"class_list":["post-278","post","type-post","status-publish","format-standard","hentry","category-uncategorized","category-literatura-salvadorena","tag-escritoras","tag-xx"],"_links":{"self":[{"href":"https:\/\/poeticas.es\/index.php?rest_route=\/wp\/v2\/posts\/278","targetHints":{"allow":["GET"]}}],"collection":[{"href":"https:\/\/poeticas.es\/index.php?rest_route=\/wp\/v2\/posts"}],"about":[{"href":"https:\/\/poeticas.es\/index.php?rest_route=\/wp\/v2\/types\/post"}],"author":[{"embeddable":true,"href":"https:\/\/poeticas.es\/index.php?rest_route=\/wp\/v2\/users\/1"}],"replies":[{"embeddable":true,"href":"https:\/\/poeticas.es\/index.php?rest_route=%2Fwp%2Fv2%2Fcomments&post=278"}],"version-history":[{"count":4,"href":"https:\/\/poeticas.es\/index.php?rest_route=\/wp\/v2\/posts\/278\/revisions"}],"predecessor-version":[{"id":281,"href":"https:\/\/poeticas.es\/index.php?rest_route=\/wp\/v2\/posts\/278\/revisions\/281"}],"wp:attachment":[{"href":"https:\/\/poeticas.es\/index.php?rest_route=%2Fwp%2Fv2%2Fmedia&parent=278"}],"wp:term":[{"taxonomy":"category","embeddable":true,"href":"https:\/\/poeticas.es\/index.php?rest_route=%2Fwp%2Fv2%2Fcategories&post=278"},{"taxonomy":"post_tag","embeddable":true,"href":"https:\/\/poeticas.es\/index.php?rest_route=%2Fwp%2Fv2%2Ftags&post=278"}],"curies":[{"name":"wp","href":"https:\/\/api.w.org\/{rel}","templated":true}]}}