{"id":2822,"date":"2009-04-29T07:00:43","date_gmt":"2009-04-29T07:00:43","guid":{"rendered":"http:\/\/poeticas.es\/?p=2822"},"modified":"2017-09-06T15:43:52","modified_gmt":"2017-09-06T13:43:52","slug":"emilio-carrere","status":"publish","type":"post","link":"https:\/\/poeticas.es\/?p=2822","title":{"rendered":"Emilio Carrere"},"content":{"rendered":"<p style=\"text-align: justify;\"><img loading=\"lazy\" decoding=\"async\" class=\"alignnone size-full wp-image-2823\" title=\"Madeleine, de Ram\u00f3n Casas\" src=\"https:\/\/poeticas.es\/wp-content\/uploads\/2009\/04\/emiliocarrere.jpg\" alt=\"Madeleine, de Ram\u00f3n Casas\" width=\"301\" height=\"400\" srcset=\"https:\/\/poeticas.es\/wp-content\/uploads\/2009\/04\/emiliocarrere.jpg 301w, https:\/\/poeticas.es\/wp-content\/uploads\/2009\/04\/emiliocarrere-225x300.jpg 225w\" sizes=\"auto, (max-width: 301px) 100vw, 301px\" \/><\/p>\n<p style=\"text-align: justify;\"><em>La poes\u00eda de Emilio Carrere (1881-1947) goz\u00f3 de gran popularidad, al recrear con iron\u00eda y desenfado los excesos de la vida bohemia. Los poetas malditos franceses son sus maestros reconocidos.<\/em><\/p>\n<p><strong>CANCIONERO DE AYER<\/strong><\/p>\n<p>Yo fui un ni\u00f1o enfermizo, p\u00e1lido y enlutado,<br \/>\nque demasiado pronto conoci\u00f3 la tristeza<br \/>\ndel tr\u00e1gico y grotesco dolor de la pobreza.<br \/>\nYo he dormido en los bancos de un parque abandonado.<\/p>\n<p>Y con la flor de toda la andante picard\u00eda<br \/>\naprend\u00ed que la vida es demasiado dura,<br \/>\ncuando hay que conquistarla en constante aventura,<br \/>\nvenciendo a la miseria un d\u00eda y otro d\u00eda.<\/p>\n<p>Yo fui un ni\u00f1o enfermizo, p\u00e1lido y mendicante,<br \/>\nsin otro camarada que alg\u00fan can trashumante<br \/>\ndel arroyo, en la eterna, negra desolaci\u00f3n.<\/p>\n<p>El dolor fue el maestro que me ense\u00f1\u00f3 a ser bueno,<br \/>\n\u00a1pobre ni\u00f1o poeta!, y \u00a1floreci\u00f3 en el cieno<br \/>\nmi verso, como un lirio divino de emoci\u00f3n!<\/p>\n<p style=\"padding-left: 30px;\"><em>La canci\u00f3n de las horas<\/em>, 1923.<\/p>\n","protected":false},"excerpt":{"rendered":"<p>La poes\u00eda de Emilio Carrere (1881-1947) goz\u00f3 de gran popularidad, al recrear con iron\u00eda y desenfado los excesos de la vida bohemia. Los poetas malditos franceses son sus maestros reconocidos. CANCIONERO DE AYER Yo fui un ni\u00f1o enfermizo, p\u00e1lido y enlutado, que demasiado pronto conoci\u00f3 la tristeza del tr\u00e1gico y grotesco dolor de la pobreza&#8230;. <\/p>\n<div class=\"read-more navbutton\"><a href=\"https:\/\/poeticas.es\/?p=2822\">Leer m\u00e1s<i class=\"fa fa-angle-double-right\"><\/i><\/a><\/div>\n","protected":false},"author":1,"featured_media":0,"comment_status":"closed","ping_status":"closed","sticky":false,"template":"","format":"standard","meta":{"_exactmetrics_skip_tracking":false,"_exactmetrics_sitenote_active":false,"_exactmetrics_sitenote_note":"","_exactmetrics_sitenote_category":0,"footnotes":""},"categories":[1,49],"tags":[114,73,15],"class_list":["post-2822","post","type-post","status-publish","format-standard","hentry","category-uncategorized","category-edad-de-plata","tag-decadentismo","tag-posmodernismo","tag-xx"],"_links":{"self":[{"href":"https:\/\/poeticas.es\/index.php?rest_route=\/wp\/v2\/posts\/2822","targetHints":{"allow":["GET"]}}],"collection":[{"href":"https:\/\/poeticas.es\/index.php?rest_route=\/wp\/v2\/posts"}],"about":[{"href":"https:\/\/poeticas.es\/index.php?rest_route=\/wp\/v2\/types\/post"}],"author":[{"embeddable":true,"href":"https:\/\/poeticas.es\/index.php?rest_route=\/wp\/v2\/users\/1"}],"replies":[{"embeddable":true,"href":"https:\/\/poeticas.es\/index.php?rest_route=%2Fwp%2Fv2%2Fcomments&post=2822"}],"version-history":[{"count":2,"href":"https:\/\/poeticas.es\/index.php?rest_route=\/wp\/v2\/posts\/2822\/revisions"}],"predecessor-version":[{"id":2825,"href":"https:\/\/poeticas.es\/index.php?rest_route=\/wp\/v2\/posts\/2822\/revisions\/2825"}],"wp:attachment":[{"href":"https:\/\/poeticas.es\/index.php?rest_route=%2Fwp%2Fv2%2Fmedia&parent=2822"}],"wp:term":[{"taxonomy":"category","embeddable":true,"href":"https:\/\/poeticas.es\/index.php?rest_route=%2Fwp%2Fv2%2Fcategories&post=2822"},{"taxonomy":"post_tag","embeddable":true,"href":"https:\/\/poeticas.es\/index.php?rest_route=%2Fwp%2Fv2%2Ftags&post=2822"}],"curies":[{"name":"wp","href":"https:\/\/api.w.org\/{rel}","templated":true}]}}