{"id":283,"date":"2009-02-01T19:38:56","date_gmt":"2009-02-01T19:38:56","guid":{"rendered":"http:\/\/poeticas.es\/?p=283"},"modified":"2017-09-06T15:47:28","modified_gmt":"2017-09-06T13:47:28","slug":"jose-cadalso","status":"publish","type":"post","link":"https:\/\/poeticas.es\/?p=283","title":{"rendered":"Jos\u00e9 Cadalso"},"content":{"rendered":"<p><img loading=\"lazy\" decoding=\"async\" class=\"alignnone size-full wp-image-3324\" title=\"Mar\u00eda de las Nieves Michaela Fourdinier, de Luis Paret\" src=\"https:\/\/poeticas.es\/wp-content\/uploads\/2009\/02\/josecadalso1.jpg\" alt=\"Mar\u00eda de las Nieves Michaela Fourdinier, de Luis Paret\" width=\"374\" height=\"518\" srcset=\"https:\/\/poeticas.es\/wp-content\/uploads\/2009\/02\/josecadalso1.jpg 520w, https:\/\/poeticas.es\/wp-content\/uploads\/2009\/02\/josecadalso1-216x300.jpg 216w\" sizes=\"auto, (max-width: 374px) 100vw, 374px\" \/><\/p>\n<p class=\"MsoNormal\" style=\"text-align: justify;\">\n<p class=\"MsoNormal\" style=\"text-align: justify;\"><em>El gaditano <a title=\"Biblioteca de autor en BVMC\" href=\"http:\/\/www.cervantesvirtual.com\/bib_autor\/Cadalso\/\">Jos\u00e9 Cadalso<\/a> (1741-1782) public\u00f3 sus poes\u00edas bajo el t\u00edtulo de <\/em>Ocios de mi juventud <em>(1773), donde se percibe la influencia de la poes\u00eda buc\u00f3lica y sentimental, de tono menor, a la manera del griego Anacreonte.<\/em><\/p>\n<p class=\"MsoNormal\"><strong>VUELVE, MI DULCE LIRA\u2026<\/strong><\/p>\n<p class=\"MsoNormal\">Vuelve, mi dulce lira,<br \/>\nvuelve a tu estilo humilde,<br \/>\ny deja a los Homeros<br \/>\ncantar a los Aquiles. <span lang=\"FR\"><br \/>\n<\/span>Canta t\u00fa la caba\u00f1a<br \/>\ncon tonos pastoriles,<br \/>\ny los \u00e9picos metros<br \/>\na Virgilio no envidies. <span lang=\"FR\"><br \/>\n<\/span>No esperes en la corte<br \/>\ngozar d\u00edas felices,<br \/>\ny vu\u00e9lvete a la aldea,<br \/>\nque tu presencia pide. <span lang=\"FR\"><br \/>\n<\/span>Ya te aguardan zagales<br \/>\nque con flores se visten,<br \/>\ny adornan sus cabezas<br \/>\ny cuellos juveniles. <span lang=\"FR\"><br \/>\n<\/span>Ya te esperan pastores,<br \/>\nque deseosos viven<br \/>\nde escuchar tus canciones,<br \/>\nque con gusto repiten.  <span lang=\"FR\"><br \/>\n<\/span>Y para que sus voces<br \/>\na los ecos admiren<br \/>\ny repitan tus versos<br \/>\nlos melodiosos cisnes,<br \/>\nvuelve, mi dulce lira,<br \/>\nvuelve a tu tono humilde,<br \/>\ny deja a los Homeros<br \/>\ncantar a los Aquiles.<\/p>\n<p class=\"MsoNormal\" style=\"padding-left: 30px;\"><em>Ocios de mi juventud<\/em>, 1973.<\/p>\n<p><!--more--><\/p>\n<p class=\"MsoNormal\" style=\"text-align: justify;\"><strong>A UN H\u00c9ROE, ADVIRTIENDO QUE APRECIE A LOS POETAS, PORQUE ELLOS TRANSMITEN A LA POSTERIDAD LAS HAZA\u00d1AS DE LOS HOMBRES GRANDES<\/strong><\/p>\n<p class=\"MsoNormal\">Los lauros que en la lid hab\u00e9is ganado<br \/>\na Marte no ofrezc\u00e1is agradecido;<br \/>\nvuestro nombre, y el triunfo conseguido,<br \/>\nquedar\u00e1 en pocos a\u00f1os sepultado<br \/>\nen el eterno olvido.<\/p>\n<p class=\"MsoNormal\">Mas si con esas victoriosas manos<br \/>\nos despoj\u00e1is del ramo de la gloria,<br \/>\ny a Febo dedic\u00e1is vuestra victoria,<br \/>\nlas musas a los siglos m\u00e1s lejanos<br \/>\nllevar\u00e1n la memoria.<\/p>\n<p class=\"MsoNormal\" style=\"padding-left: 30px;\"><em>Ocios de mi juventud<\/em>, 1973.<\/p>\n","protected":false},"excerpt":{"rendered":"<p>El gaditano Jos\u00e9 Cadalso (1741-1782) public\u00f3 sus poes\u00edas bajo el t\u00edtulo de Ocios de mi juventud (1773), donde se percibe la influencia de la poes\u00eda buc\u00f3lica y sentimental, de tono menor, a la manera del griego Anacreonte. VUELVE, MI DULCE LIRA\u2026 Vuelve, mi dulce lira, vuelve a tu estilo humilde, y deja a los Homeros&#8230; <\/p>\n<div class=\"read-more navbutton\"><a href=\"https:\/\/poeticas.es\/?p=283\">Leer m\u00e1s<i class=\"fa fa-angle-double-right\"><\/i><\/a><\/div>\n","protected":false},"author":1,"featured_media":0,"comment_status":"closed","ping_status":"closed","sticky":false,"template":"","format":"standard","meta":{"_exactmetrics_skip_tracking":false,"_exactmetrics_sitenote_active":false,"_exactmetrics_sitenote_note":"","_exactmetrics_sitenote_category":0,"footnotes":""},"categories":[1,21],"tags":[76,23],"class_list":["post-283","post","type-post","status-publish","format-standard","hentry","category-uncategorized","category-ilustracion","tag-rococo","tag-xviii"],"_links":{"self":[{"href":"https:\/\/poeticas.es\/index.php?rest_route=\/wp\/v2\/posts\/283","targetHints":{"allow":["GET"]}}],"collection":[{"href":"https:\/\/poeticas.es\/index.php?rest_route=\/wp\/v2\/posts"}],"about":[{"href":"https:\/\/poeticas.es\/index.php?rest_route=\/wp\/v2\/types\/post"}],"author":[{"embeddable":true,"href":"https:\/\/poeticas.es\/index.php?rest_route=\/wp\/v2\/users\/1"}],"replies":[{"embeddable":true,"href":"https:\/\/poeticas.es\/index.php?rest_route=%2Fwp%2Fv2%2Fcomments&post=283"}],"version-history":[{"count":5,"href":"https:\/\/poeticas.es\/index.php?rest_route=\/wp\/v2\/posts\/283\/revisions"}],"predecessor-version":[{"id":5314,"href":"https:\/\/poeticas.es\/index.php?rest_route=\/wp\/v2\/posts\/283\/revisions\/5314"}],"wp:attachment":[{"href":"https:\/\/poeticas.es\/index.php?rest_route=%2Fwp%2Fv2%2Fmedia&parent=283"}],"wp:term":[{"taxonomy":"category","embeddable":true,"href":"https:\/\/poeticas.es\/index.php?rest_route=%2Fwp%2Fv2%2Fcategories&post=283"},{"taxonomy":"post_tag","embeddable":true,"href":"https:\/\/poeticas.es\/index.php?rest_route=%2Fwp%2Fv2%2Ftags&post=283"}],"curies":[{"name":"wp","href":"https:\/\/api.w.org\/{rel}","templated":true}]}}