{"id":2844,"date":"2009-08-03T07:00:21","date_gmt":"2009-08-03T07:00:21","guid":{"rendered":"http:\/\/poeticas.es\/?p=2844"},"modified":"2017-09-06T15:40:22","modified_gmt":"2017-09-06T13:40:22","slug":"jose-gautier-benitez","status":"publish","type":"post","link":"https:\/\/poeticas.es\/?p=2844","title":{"rendered":"Jos\u00e9 Gautier Ben\u00edtez"},"content":{"rendered":"<p style=\"text-align: justify;\"><img loading=\"lazy\" decoding=\"async\" class=\"alignnone size-full wp-image-2845\" title=\"El estudiante, de Francisco Oller\" src=\"https:\/\/poeticas.es\/wp-content\/uploads\/2009\/04\/josegautierbenitez.jpg\" alt=\"El estudiante, de Francisco Oller\" width=\"336\" height=\"411\" srcset=\"https:\/\/poeticas.es\/wp-content\/uploads\/2009\/04\/josegautierbenitez.jpg 336w, https:\/\/poeticas.es\/wp-content\/uploads\/2009\/04\/josegautierbenitez-245x300.jpg 245w\" sizes=\"auto, (max-width: 336px) 100vw, 336px\" \/><\/p>\n<p style=\"text-align: justify;\"><em>A Jos\u00e9 Gautier Ben\u00edtez (1848-1880) se le conoce como el B\u00e9cquer puertorrique\u00f1o, por ser el m\u00e1s alto exponente del posromanticismo en su pa\u00eds. Escribi\u00f3 poemas a la amistad, la patria, el amor y la muerte.<\/em><\/p>\n<p><strong>EL POETA<\/strong><\/p>\n<p>Nace, vive y adelanta<br \/>\nPor la senda de la vida,<br \/>\nY al recibir una herida<br \/>\nLa c\u00edtara toma y canta;<\/p>\n<p>Y la turba se divierte<br \/>\nCon \u00e9l que, fija en el cielo<br \/>\nLa mirada, por el suelo<br \/>\nDo lleva el paso no advierte.<\/p>\n<p>\u00c9l se queja, y mientras tanto<br \/>\nSe le escucha sonriendo,<br \/>\nQuiz\u00e1s a veces creyendo<br \/>\nQue son ardides del canto.<\/p>\n<p>Y en su profunda aflicci\u00f3n,<br \/>\nDe sus canciones benditas,<br \/>\n\u00a1Cu\u00e1ntas, cu\u00e1ntas van escritas<br \/>\nCon sangre del coraz\u00f3n!<\/p>\n<p>Aunque el genio el canto exhale<br \/>\nCanta al par dolor y gloria<br \/>\nQue el laurel de la victoria<br \/>\nCuesta m\u00e1s de lo que vale.<\/p>\n<p>Y al esparcir gloria y luz<br \/>\nDel mundo en el escenario,<br \/>\nEncuentra en \u00e9l su calvario<br \/>\nY su martirio en su cruz.<\/p>\n<p>Si Jes\u00fas en su suplicio<br \/>\nLlegando el \u00faltimo instante,<br \/>\nDesencajado el semblante,<br \/>\nConsumado el sacrificio,<\/p>\n<p>Entre el ronco vocer\u00edo<br \/>\nDel pueblo que le insultaba<br \/>\nCon dulce amor exclamaba:<br \/>\n\u00ab\u00a1Perdonadlos, Padre m\u00edo!\u00bb<\/p>\n<p>Si su frente desgarrada<br \/>\nPor la sangrienta corona<br \/>\nAl suelo inclina y abona<br \/>\nLa clemencia su mirada,<\/p>\n<p>Tambi\u00e9n el bardo, al sentir<br \/>\nQue se acerca su partida<br \/>\nSintiendo luchar la vida<br \/>\nCon las ansias del morir,<\/p>\n<p>Venciendo su mal profundo<br \/>\nDe su lecho se levanta,<br \/>\nSu c\u00edtara toma, y canta<br \/>\nComo el cisne moribundo.<\/p>\n<p>Siendo aqu\u00e9l su \u00faltimo canto<br \/>\nDe su eterna despedida,<br \/>\nPura esencia de su vida<br \/>\nY perfume de su llanto,<\/p>\n<p>Que cuando la frente inclina<br \/>\nAl peso de su corona,<br \/>\n\u00a1Tambi\u00e9n bendice y perdona<br \/>\nAl mundo que le asesina!<\/p>\n","protected":false},"excerpt":{"rendered":"<p>A Jos\u00e9 Gautier Ben\u00edtez (1848-1880) se le conoce como el B\u00e9cquer puertorrique\u00f1o, por ser el m\u00e1s alto exponente del posromanticismo en su pa\u00eds. Escribi\u00f3 poemas a la amistad, la patria, el amor y la muerte. EL POETA Nace, vive y adelanta Por la senda de la vida, Y al recibir una herida La c\u00edtara toma&#8230; <\/p>\n<div class=\"read-more navbutton\"><a href=\"https:\/\/poeticas.es\/?p=2844\">Leer m\u00e1s<i class=\"fa fa-angle-double-right\"><\/i><\/a><\/div>\n","protected":false},"author":1,"featured_media":0,"comment_status":"closed","ping_status":"closed","sticky":false,"template":"","format":"standard","meta":{"_exactmetrics_skip_tracking":false,"_exactmetrics_sitenote_active":false,"_exactmetrics_sitenote_note":"","_exactmetrics_sitenote_category":0,"footnotes":""},"categories":[1,63],"tags":[66,38],"class_list":["post-2844","post","type-post","status-publish","format-standard","hentry","category-uncategorized","category-literatura-puertorriquena","tag-posromanticismo","tag-xix"],"_links":{"self":[{"href":"https:\/\/poeticas.es\/index.php?rest_route=\/wp\/v2\/posts\/2844","targetHints":{"allow":["GET"]}}],"collection":[{"href":"https:\/\/poeticas.es\/index.php?rest_route=\/wp\/v2\/posts"}],"about":[{"href":"https:\/\/poeticas.es\/index.php?rest_route=\/wp\/v2\/types\/post"}],"author":[{"embeddable":true,"href":"https:\/\/poeticas.es\/index.php?rest_route=\/wp\/v2\/users\/1"}],"replies":[{"embeddable":true,"href":"https:\/\/poeticas.es\/index.php?rest_route=%2Fwp%2Fv2%2Fcomments&post=2844"}],"version-history":[{"count":4,"href":"https:\/\/poeticas.es\/index.php?rest_route=\/wp\/v2\/posts\/2844\/revisions"}],"predecessor-version":[{"id":2848,"href":"https:\/\/poeticas.es\/index.php?rest_route=\/wp\/v2\/posts\/2844\/revisions\/2848"}],"wp:attachment":[{"href":"https:\/\/poeticas.es\/index.php?rest_route=%2Fwp%2Fv2%2Fmedia&parent=2844"}],"wp:term":[{"taxonomy":"category","embeddable":true,"href":"https:\/\/poeticas.es\/index.php?rest_route=%2Fwp%2Fv2%2Fcategories&post=2844"},{"taxonomy":"post_tag","embeddable":true,"href":"https:\/\/poeticas.es\/index.php?rest_route=%2Fwp%2Fv2%2Ftags&post=2844"}],"curies":[{"name":"wp","href":"https:\/\/api.w.org\/{rel}","templated":true}]}}