{"id":287,"date":"2009-02-01T20:32:41","date_gmt":"2009-02-01T20:32:41","guid":{"rendered":"http:\/\/poeticas.es\/?p=287"},"modified":"2017-09-06T15:47:28","modified_gmt":"2017-09-06T13:47:28","slug":"oscar-acosta","status":"publish","type":"post","link":"https:\/\/poeticas.es\/?p=287","title":{"rendered":"\u00d3scar Acosta"},"content":{"rendered":"<p><img loading=\"lazy\" decoding=\"async\" class=\"alignnone size-full wp-image-843\" title=\"Tres figuras, de Luis Hern\u00e1n Padilla\" src=\"https:\/\/poeticas.es\/wp-content\/uploads\/2009\/02\/oscaracosta1.jpg\" alt=\"Tres figuras, de Luis Hern\u00e1n Padilla\" width=\"464\" height=\"300\" srcset=\"https:\/\/poeticas.es\/wp-content\/uploads\/2009\/02\/oscaracosta1.jpg 464w, https:\/\/poeticas.es\/wp-content\/uploads\/2009\/02\/oscaracosta1-300x193.jpg 300w\" sizes=\"auto, (max-width: 464px) 100vw, 464px\" \/><\/p>\n<p class=\"MsoNormal\" style=\"text-align: justify;\"><em>El poeta hondure\u00f1o \u00d3scar Acosta (1933-2014) pertenece a la generaci\u00f3n del 50, caracterizada por el deseo de renovaci\u00f3n del lenguaje y por la b\u00fasqueda de bellas met\u00e1foras. Su poes\u00eda es de orientaci\u00f3n intimista.<\/em><\/p>\n<p><strong>LITERATURA INNECESARIA<\/strong><\/p>\n<p>T\u00fa no apareces en los libros, no tienes<br \/>\njerarqu\u00eda en la tinta, no puedes,<br \/>\nsubir al monte de la palabra escrita,<br \/>\nal risco de la literatura.<\/p>\n<p>T\u00fa no sabes lo que es un hemistiquio,<br \/>\nun verso de pie quebrado,<br \/>\nd\u00f3nde vivi\u00f3 G\u00f3ngora y Argote,<br \/>\nqui\u00e9n era el Arcipreste.<\/p>\n<p>T\u00fa no figuras en ninguna d\u00e9cima,<br \/>\nen el agua liviana de un romance,<br \/>\no en el oro de las octavas reales.<\/p>\n<p>Ante tu poder\u00edo de mujer amorosa,<br \/>\nante la realidad me duele<br \/>\nlo innecesario de la literatura.<\/p>\n<p style=\"padding-left: 30px;\"><em>Tiempo europeo<\/em>, 1960.<\/p>\n<p><!--more--><\/p>\n<p class=\"MsoNormal\"><strong>LA POES\u00cdA<\/strong><\/p>\n<p class=\"MsoNormal\">La poes\u00eda es dif\u00edcil. Tanto<br \/>\nlo repitieron, lo escribieron<br \/>\nen la arena y los textos<br \/>\nque prefer\u00ed ver el paisaje<br \/>\ny admirar el silencio.<\/p>\n<p class=\"MsoNormal\">La poes\u00eda es el fruto del amor<br \/>\nme dijeron, mientras gozosa<br \/>\nla tierra abr\u00eda los brazos,<br \/>\nllov\u00eda a mares en el campo<br \/>\ny el invierno se desbordaba.<\/p>\n<p class=\"MsoNormal\">La poes\u00eda es un mapa<br \/>\npara que transite el sue\u00f1o,<br \/>\nafirmaron voces juntas<br \/>\nunidas por el eco.<\/p>\n<p class=\"MsoNormal\">Pero yo vi un reino entre tus labios<br \/>\ny un vino intacto en tus manos.<br \/>\ny asoci\u00e9 la poes\u00eda a tu persona,<br \/>\na la humanidad y a las cosas<br \/>\ny queri\u00e9ndote a ti<br \/>\naprend\u00ed a amarla.<\/p>\n<p class=\"MsoNormal\" style=\"padding-left: 30px;\"><em>Escritura amorosa<\/em>, 1962.<\/p>\n","protected":false},"excerpt":{"rendered":"<p>El poeta hondure\u00f1o \u00d3scar Acosta (1933-2014) pertenece a la generaci\u00f3n del 50, caracterizada por el deseo de renovaci\u00f3n del lenguaje y por la b\u00fasqueda de bellas met\u00e1foras. Su poes\u00eda es de orientaci\u00f3n intimista. LITERATURA INNECESARIA T\u00fa no apareces en los libros, no tienes jerarqu\u00eda en la tinta, no puedes, subir al monte de la palabra&#8230; <\/p>\n<div class=\"read-more navbutton\"><a href=\"https:\/\/poeticas.es\/?p=287\">Leer m\u00e1s<i class=\"fa fa-angle-double-right\"><\/i><\/a><\/div>\n","protected":false},"author":1,"featured_media":0,"comment_status":"closed","ping_status":"closed","sticky":false,"template":"","format":"standard","meta":{"_exactmetrics_skip_tracking":false,"_exactmetrics_sitenote_active":false,"_exactmetrics_sitenote_note":"","_exactmetrics_sitenote_category":0,"footnotes":""},"categories":[1,77],"tags":[15],"class_list":["post-287","post","type-post","status-publish","format-standard","hentry","category-uncategorized","category-literatura-hondurena","tag-xx"],"_links":{"self":[{"href":"https:\/\/poeticas.es\/index.php?rest_route=\/wp\/v2\/posts\/287","targetHints":{"allow":["GET"]}}],"collection":[{"href":"https:\/\/poeticas.es\/index.php?rest_route=\/wp\/v2\/posts"}],"about":[{"href":"https:\/\/poeticas.es\/index.php?rest_route=\/wp\/v2\/types\/post"}],"author":[{"embeddable":true,"href":"https:\/\/poeticas.es\/index.php?rest_route=\/wp\/v2\/users\/1"}],"replies":[{"embeddable":true,"href":"https:\/\/poeticas.es\/index.php?rest_route=%2Fwp%2Fv2%2Fcomments&post=287"}],"version-history":[{"count":5,"href":"https:\/\/poeticas.es\/index.php?rest_route=\/wp\/v2\/posts\/287\/revisions"}],"predecessor-version":[{"id":4154,"href":"https:\/\/poeticas.es\/index.php?rest_route=\/wp\/v2\/posts\/287\/revisions\/4154"}],"wp:attachment":[{"href":"https:\/\/poeticas.es\/index.php?rest_route=%2Fwp%2Fv2%2Fmedia&parent=287"}],"wp:term":[{"taxonomy":"category","embeddable":true,"href":"https:\/\/poeticas.es\/index.php?rest_route=%2Fwp%2Fv2%2Fcategories&post=287"},{"taxonomy":"post_tag","embeddable":true,"href":"https:\/\/poeticas.es\/index.php?rest_route=%2Fwp%2Fv2%2Ftags&post=287"}],"curies":[{"name":"wp","href":"https:\/\/api.w.org\/{rel}","templated":true}]}}