{"id":3038,"date":"2009-07-24T07:00:43","date_gmt":"2009-07-24T07:00:43","guid":{"rendered":"http:\/\/poeticas.es\/?p=3038"},"modified":"2017-09-06T15:40:23","modified_gmt":"2017-09-06T13:40:23","slug":"victor-gaviria","status":"publish","type":"post","link":"https:\/\/poeticas.es\/?p=3038","title":{"rendered":"V\u00edctor Gaviria"},"content":{"rendered":"<p style=\"text-align: justify;\"><img loading=\"lazy\" decoding=\"async\" class=\"alignnone size-full wp-image-3039\" title=\"David, de Miguel \u00c1ngel Rojas\" src=\"https:\/\/poeticas.es\/wp-content\/uploads\/2009\/05\/victorgarivia.jpg\" alt=\"David, de Miguel \u00c1ngel Rojas\" width=\"224\" height=\"448\" srcset=\"https:\/\/poeticas.es\/wp-content\/uploads\/2009\/05\/victorgarivia.jpg 224w, https:\/\/poeticas.es\/wp-content\/uploads\/2009\/05\/victorgarivia-150x300.jpg 150w\" sizes=\"auto, (max-width: 224px) 100vw, 224px\" \/><\/p>\n<p style=\"text-align: justify;\"><em>El cineasta colombiano V\u00edctor Gaviria (1955) es tambi\u00e9n un inspirado poeta. En sus versos, coloquiales y fraternos, asoma \u201cel desorden de las cosas que acumulan los a\u00f1os\u201d.<\/em><\/p>\n<p><strong> DEBER\u00cdA ESCRIBIR MIS POEMAS PARA LOS QUE VIENEN&#8230;<\/strong><\/p>\n<p>Deber\u00eda escribir mis poemas para los que vienen<br \/>\ndespu\u00e9s, para que ellos vean mis huellas<br \/>\ninscritas en el humo de la neblina, si as\u00ed<br \/>\npuede decirse del pensamiento que toca<br \/>\nla cabeza de una persona.<br \/>\nPero mis poemas me dan sustos en el d\u00eda, me<br \/>\nsobresaltan como dudas olvidadas que promet\u00ed pagar.<br \/>\nMe abordan en cualquier cruce como una manada<br \/>\nde fantasmas chiquillos,<br \/>\ncon las caras sin hacer todav\u00eda.<br \/>\nSon una masa confusa de ni\u00f1os muertos,<br \/>\nsus ojos, sus matas de pelo,<br \/>\nsus bellas manos delicadas que tienden hacia m\u00ed<br \/>\npara llevarme y mostrarme alg\u00fan lugar.<br \/>\nS\u00f3lo que ellos han crecido solos<br \/>\ny el aire ha descompuesto sus cuerpos.<br \/>\nSoy un padre indeciso,<br \/>\nun padre con hijos tenues como el humo,<br \/>\ncomo fantasmas de una sola mano peque\u00f1a<br \/>\nque quiere saludarme.<br \/>\nLevanto mi sombrero para responderles,<br \/>\ny mi cabeza se desl\u00ede como una frase de tinta&#8230;<\/p>\n<p style=\"padding-left: 30px;\"><em> El rey de los espantos <\/em>, 1992.<\/p>\n","protected":false},"excerpt":{"rendered":"<p>El cineasta colombiano V\u00edctor Gaviria (1955) es tambi\u00e9n un inspirado poeta. En sus versos, coloquiales y fraternos, asoma \u201cel desorden de las cosas que acumulan los a\u00f1os\u201d. DEBER\u00cdA ESCRIBIR MIS POEMAS PARA LOS QUE VIENEN&#8230; Deber\u00eda escribir mis poemas para los que vienen despu\u00e9s, para que ellos vean mis huellas inscritas en el humo de&#8230; <\/p>\n<div class=\"read-more navbutton\"><a href=\"https:\/\/poeticas.es\/?p=3038\">Leer m\u00e1s<i class=\"fa fa-angle-double-right\"><\/i><\/a><\/div>\n","protected":false},"author":1,"featured_media":0,"comment_status":"closed","ping_status":"closed","sticky":false,"template":"","format":"standard","meta":{"_exactmetrics_skip_tracking":false,"_exactmetrics_sitenote_active":false,"_exactmetrics_sitenote_note":"","_exactmetrics_sitenote_category":0,"footnotes":""},"categories":[1,74],"tags":[15,36],"class_list":["post-3038","post","type-post","status-publish","format-standard","hentry","category-uncategorized","category-literatura-colombiana","tag-xx","tag-xxi"],"_links":{"self":[{"href":"https:\/\/poeticas.es\/index.php?rest_route=\/wp\/v2\/posts\/3038","targetHints":{"allow":["GET"]}}],"collection":[{"href":"https:\/\/poeticas.es\/index.php?rest_route=\/wp\/v2\/posts"}],"about":[{"href":"https:\/\/poeticas.es\/index.php?rest_route=\/wp\/v2\/types\/post"}],"author":[{"embeddable":true,"href":"https:\/\/poeticas.es\/index.php?rest_route=\/wp\/v2\/users\/1"}],"replies":[{"embeddable":true,"href":"https:\/\/poeticas.es\/index.php?rest_route=%2Fwp%2Fv2%2Fcomments&post=3038"}],"version-history":[{"count":2,"href":"https:\/\/poeticas.es\/index.php?rest_route=\/wp\/v2\/posts\/3038\/revisions"}],"predecessor-version":[{"id":3041,"href":"https:\/\/poeticas.es\/index.php?rest_route=\/wp\/v2\/posts\/3038\/revisions\/3041"}],"wp:attachment":[{"href":"https:\/\/poeticas.es\/index.php?rest_route=%2Fwp%2Fv2%2Fmedia&parent=3038"}],"wp:term":[{"taxonomy":"category","embeddable":true,"href":"https:\/\/poeticas.es\/index.php?rest_route=%2Fwp%2Fv2%2Fcategories&post=3038"},{"taxonomy":"post_tag","embeddable":true,"href":"https:\/\/poeticas.es\/index.php?rest_route=%2Fwp%2Fv2%2Ftags&post=3038"}],"curies":[{"name":"wp","href":"https:\/\/api.w.org\/{rel}","templated":true}]}}