{"id":3123,"date":"2009-08-19T07:00:06","date_gmt":"2009-08-19T07:00:06","guid":{"rendered":"http:\/\/poeticas.es\/?p=3123"},"modified":"2017-09-06T15:40:22","modified_gmt":"2017-09-06T13:40:22","slug":"alvaro-valverde","status":"publish","type":"post","link":"https:\/\/poeticas.es\/?p=3123","title":{"rendered":"\u00c1lvaro Valverde"},"content":{"rendered":"<p style=\"text-align: justify;\"><img loading=\"lazy\" decoding=\"async\" class=\"alignnone size-full wp-image-3124\" title=\"Velours, de Alberto Reguera\" src=\"https:\/\/poeticas.es\/wp-content\/uploads\/2009\/05\/alvarovalverde.jpg\" alt=\"Velours, de Alberto Reguera\" width=\"376\" height=\"381\" srcset=\"https:\/\/poeticas.es\/wp-content\/uploads\/2009\/05\/alvarovalverde.jpg 376w, https:\/\/poeticas.es\/wp-content\/uploads\/2009\/05\/alvarovalverde-296x300.jpg 296w\" sizes=\"auto, (max-width: 376px) 100vw, 376px\" \/><\/p>\n<p style=\"text-align: justify;\"><em>La poes\u00eda del cacere\u00f1o <a title=\"Blog del autor\" href=\"http:\/\/mayora.blogspot.com\/\">\u00c1lvaro Valverde<\/a> (1959) se caracteriza por la sobriedad (\u201cese tono confidencial de lo dicho en voz baja\u201d) y la actitud meditativa (\u201ccomo quien va desgranando una idea\u201d). <\/em><\/p>\n<p><strong>EL LECTOR<\/strong><\/p>\n<p>Ya hab\u00eda escrito el poema que ahora leo<br \/>\nen las p\u00e1ginas de un libro que no es m\u00edo.<br \/>\nAunque est\u00e9 ante \u00e9l por vez primera<br \/>\ny por primera vez pose mis ojos<br \/>\nsobre la levedad de cada l\u00ednea,<br \/>\ns\u00e9, a ciencia cierta, que los giros,<br \/>\nel tono, la medida, las met\u00e1foras<br \/>\ny, en fin, las expresiones que contiene,<br \/>\npor muy m\u00edas que a m\u00ed me lo parezcan,<br \/>\nson propiedad ajena, de ese alguien<br \/>\nlejano y tan distante como el tiempo<br \/>\nque en este mismo instante nos separa.<br \/>\nMe leo a m\u00ed mismo en estos versos<br \/>\nque anticipadamente me escribieran.<br \/>\nSoy su destinatario. Soy el que era.<br \/>\nLas palabras que enhebran me descubren<br \/>\nen una incierta edad que he olvidado.<br \/>\nAll\u00ed yo era ese otro que ahora vuelve.<\/p>\n<p style=\"padding-left: 30px;\"><em>Mec\u00e1nica terrestre<\/em>, 2002.<\/p>\n","protected":false},"excerpt":{"rendered":"<p>La poes\u00eda del cacere\u00f1o \u00c1lvaro Valverde (1959) se caracteriza por la sobriedad (\u201cese tono confidencial de lo dicho en voz baja\u201d) y la actitud meditativa (\u201ccomo quien va desgranando una idea\u201d). EL LECTOR Ya hab\u00eda escrito el poema que ahora leo en las p\u00e1ginas de un libro que no es m\u00edo. Aunque est\u00e9 ante \u00e9l&#8230; <\/p>\n<div class=\"read-more navbutton\"><a href=\"https:\/\/poeticas.es\/?p=3123\">Leer m\u00e1s<i class=\"fa fa-angle-double-right\"><\/i><\/a><\/div>\n","protected":false},"author":1,"featured_media":0,"comment_status":"closed","ping_status":"closed","sticky":false,"template":"","format":"standard","meta":{"_exactmetrics_skip_tracking":false,"_exactmetrics_sitenote_active":false,"_exactmetrics_sitenote_note":"","_exactmetrics_sitenote_category":0,"footnotes":""},"categories":[1,13],"tags":[15,36],"class_list":["post-3123","post","type-post","status-publish","format-standard","hentry","category-uncategorized","category-contemporaneos","tag-xx","tag-xxi"],"_links":{"self":[{"href":"https:\/\/poeticas.es\/index.php?rest_route=\/wp\/v2\/posts\/3123","targetHints":{"allow":["GET"]}}],"collection":[{"href":"https:\/\/poeticas.es\/index.php?rest_route=\/wp\/v2\/posts"}],"about":[{"href":"https:\/\/poeticas.es\/index.php?rest_route=\/wp\/v2\/types\/post"}],"author":[{"embeddable":true,"href":"https:\/\/poeticas.es\/index.php?rest_route=\/wp\/v2\/users\/1"}],"replies":[{"embeddable":true,"href":"https:\/\/poeticas.es\/index.php?rest_route=%2Fwp%2Fv2%2Fcomments&post=3123"}],"version-history":[{"count":2,"href":"https:\/\/poeticas.es\/index.php?rest_route=\/wp\/v2\/posts\/3123\/revisions"}],"predecessor-version":[{"id":3126,"href":"https:\/\/poeticas.es\/index.php?rest_route=\/wp\/v2\/posts\/3123\/revisions\/3126"}],"wp:attachment":[{"href":"https:\/\/poeticas.es\/index.php?rest_route=%2Fwp%2Fv2%2Fmedia&parent=3123"}],"wp:term":[{"taxonomy":"category","embeddable":true,"href":"https:\/\/poeticas.es\/index.php?rest_route=%2Fwp%2Fv2%2Fcategories&post=3123"},{"taxonomy":"post_tag","embeddable":true,"href":"https:\/\/poeticas.es\/index.php?rest_route=%2Fwp%2Fv2%2Ftags&post=3123"}],"curies":[{"name":"wp","href":"https:\/\/api.w.org\/{rel}","templated":true}]}}