{"id":3204,"date":"2009-09-25T07:00:34","date_gmt":"2009-09-25T07:00:34","guid":{"rendered":"http:\/\/poeticas.es\/?p=3204"},"modified":"2017-09-06T15:40:21","modified_gmt":"2017-09-06T13:40:21","slug":"alfred-de-musset","status":"publish","type":"post","link":"https:\/\/poeticas.es\/?p=3204","title":{"rendered":"Alfred de Musset"},"content":{"rendered":"<p style=\"text-align: justify;\"><img loading=\"lazy\" decoding=\"async\" class=\"alignnone size-full wp-image-3205\" title=\"Rolla, de Henri Gervex (cuadro inspirado en el poema narrativo hom\u00f3nimo de Musset)\" src=\"https:\/\/poeticas.es\/wp-content\/uploads\/2009\/06\/alfredmusset.jpg\" alt=\"Rolla, de Henri Gervex (cuadro inspirado en el poema narrativo hom\u00f3nimo de Musset)\" width=\"432\" height=\"342\" srcset=\"https:\/\/poeticas.es\/wp-content\/uploads\/2009\/06\/alfredmusset.jpg 480w, https:\/\/poeticas.es\/wp-content\/uploads\/2009\/06\/alfredmusset-300x237.jpg 300w\" sizes=\"auto, (max-width: 432px) 100vw, 432px\" \/><\/p>\n<p style=\"text-align: justify;\"><em>La poes\u00eda de Alfred de Musset (1810-1857) evoluciona desde un romanticismo mesi\u00e1nico, que busca ser expresi\u00f3n de aspiraciones de progreso pol\u00edtico y social, a otro m\u00e1s intimista, centrado en la conciencia individual y en la pasi\u00f3n amorosa.<\/em><\/p>\n<p><strong>IMPROMPTU<\/strong><\/p>\n<h6 style=\"padding-left: 30px;\"><em>En respuesta a la pregunta: \u00bfQu\u00e9 es la poes\u00eda?<\/em><\/h6>\n<p>Ahuyentar los recuerdos, fijar el pensamiento,<br \/>\nsobre un bello eje de oro mantenerlo oscilante,<br \/>\ninquieto e inseguro, mas sin embargo quedo,<br \/>\nacaso eternizar el sue\u00f1o de un instante.<br \/>\nAmar lo puro y lo bello y buscar su armon\u00eda;<br \/>\nescuchar en el alma el eco del talento;<br \/>\ncantar, re\u00edr, llorar, solo, al azar, sin gu\u00eda;<br \/>\nde un suspiro o una sonrisa, de una voz o mirada,<br \/>\nhacer obra exquisita, plet\u00f3rica de gracia,<br \/>\nde una l\u00e1grima perla: esa es la pasi\u00f3n<br \/>\ndel poeta en la tierra, su vida y su ambici\u00f3n.<\/p>\n<p style=\"padding-left: 30px;\">1939. <em>Nuevas poes\u00edas<\/em>, 1836-1952. Traducci\u00f3n de M. \u00c1lvarez y otros.<\/p>\n<p><!--more--><\/p>\n<p style=\"padding-left: 30px;\"><strong>IMPROMPTU<\/strong><\/p>\n<h6 style=\"padding-left: 60px;\"><em>En r\u00e9ponse \u00e0 cette question: Qu\u2019est-ce que la po\u00e9sie ?<\/em><\/h6>\n<p style=\"padding-left: 30px;\">Chasser tout souvenir et fixer la pens\u00e9e,<br \/>\nSur un bel axe d\u2019or la tenir balanc\u00e9e,<br \/>\nIncertaine, inqui\u00e8te, immobile pourtant;<br \/>\nEterniser peut-\u00eatre un r\u00eave d\u2019un instant;<br \/>\nAimer le vrai, le beau, chercher leur harmonie;<br \/>\nEcouter dans son c\u0153ur l\u2019\u00e9cho de son g\u00e9nie;<br \/>\nChanter, rire, pleurer, sans but, au hasard;<br \/>\nD\u2019un sourire, d\u2019un mot, d\u2019un soupir, d\u2019un regard,<br \/>\nFaire un travail exquis, plein de crainte et de charme,<br \/>\nFaire une perle d\u2019une larme:<br \/>\nDu po\u00e8te ici-bas voil\u00e0 la passion,<br \/>\nVoil\u00e0 son bien, sa vie et son ambition.<\/p>\n<p style=\"padding-left: 60px;\">1939. <em>Po\u00e9sies nouvelles<\/em>, 1936-1952.<\/p>\n","protected":false},"excerpt":{"rendered":"<p>La poes\u00eda de Alfred de Musset (1810-1857) evoluciona desde un romanticismo mesi\u00e1nico, que busca ser expresi\u00f3n de aspiraciones de progreso pol\u00edtico y social, a otro m\u00e1s intimista, centrado en la conciencia individual y en la pasi\u00f3n amorosa. IMPROMPTU En respuesta a la pregunta: \u00bfQu\u00e9 es la poes\u00eda? Ahuyentar los recuerdos, fijar el pensamiento, sobre un&#8230; <\/p>\n<div class=\"read-more navbutton\"><a href=\"https:\/\/poeticas.es\/?p=3204\">Leer m\u00e1s<i class=\"fa fa-angle-double-right\"><\/i><\/a><\/div>\n","protected":false},"author":1,"featured_media":0,"comment_status":"closed","ping_status":"closed","sticky":false,"template":"","format":"standard","meta":{"_exactmetrics_skip_tracking":false,"_exactmetrics_sitenote_active":false,"_exactmetrics_sitenote_note":"","_exactmetrics_sitenote_category":0,"footnotes":""},"categories":[1,45],"tags":[85,38],"class_list":["post-3204","post","type-post","status-publish","format-standard","hentry","category-uncategorized","category-literatura-francesa","tag-romanticismo","tag-xix"],"_links":{"self":[{"href":"https:\/\/poeticas.es\/index.php?rest_route=\/wp\/v2\/posts\/3204","targetHints":{"allow":["GET"]}}],"collection":[{"href":"https:\/\/poeticas.es\/index.php?rest_route=\/wp\/v2\/posts"}],"about":[{"href":"https:\/\/poeticas.es\/index.php?rest_route=\/wp\/v2\/types\/post"}],"author":[{"embeddable":true,"href":"https:\/\/poeticas.es\/index.php?rest_route=\/wp\/v2\/users\/1"}],"replies":[{"embeddable":true,"href":"https:\/\/poeticas.es\/index.php?rest_route=%2Fwp%2Fv2%2Fcomments&post=3204"}],"version-history":[{"count":4,"href":"https:\/\/poeticas.es\/index.php?rest_route=\/wp\/v2\/posts\/3204\/revisions"}],"predecessor-version":[{"id":4992,"href":"https:\/\/poeticas.es\/index.php?rest_route=\/wp\/v2\/posts\/3204\/revisions\/4992"}],"wp:attachment":[{"href":"https:\/\/poeticas.es\/index.php?rest_route=%2Fwp%2Fv2%2Fmedia&parent=3204"}],"wp:term":[{"taxonomy":"category","embeddable":true,"href":"https:\/\/poeticas.es\/index.php?rest_route=%2Fwp%2Fv2%2Fcategories&post=3204"},{"taxonomy":"post_tag","embeddable":true,"href":"https:\/\/poeticas.es\/index.php?rest_route=%2Fwp%2Fv2%2Ftags&post=3204"}],"curies":[{"name":"wp","href":"https:\/\/api.w.org\/{rel}","templated":true}]}}