{"id":322,"date":"2009-02-02T19:45:36","date_gmt":"2009-02-02T19:45:36","guid":{"rendered":"http:\/\/poeticas.es\/?p=322"},"modified":"2017-09-06T15:47:27","modified_gmt":"2017-09-06T13:47:27","slug":"mihail-eminescu","status":"publish","type":"post","link":"https:\/\/poeticas.es\/?p=322","title":{"rendered":"Mihail Eminescu"},"content":{"rendered":"<p class=\"MsoNormal\" style=\"text-align: justify;\"><img loading=\"lazy\" decoding=\"async\" class=\"alignnone size-full wp-image-323\" title=\"Por el mar, de Nicolae Grigorescu\" src=\"https:\/\/poeticas.es\/wp-content\/uploads\/2009\/02\/mihaileminescu.jpg\" alt=\"Por el mar, de Nicolae Grigorescu\" width=\"250\" height=\"355\" srcset=\"https:\/\/poeticas.es\/wp-content\/uploads\/2009\/02\/mihaileminescu.jpg 250w, https:\/\/poeticas.es\/wp-content\/uploads\/2009\/02\/mihaileminescu-211x300.jpg 211w\" sizes=\"auto, (max-width: 250px) 100vw, 250px\" \/><\/p>\n<p class=\"MsoNormal\" style=\"text-align: justify;\"><em>El rom\u00e1ntico Mihail Eminescu (1850-1889) est\u00e1 considerado como el mayor poeta en lengua rumana. En sus versos, elegantes y armoniosos, trata sobre la patria, el amor y la naturaleza.<\/em><\/p>\n<p class=\"MsoNormal\"><strong>A MIS CR\u00cdTICOS<\/strong><\/p>\n<p class=\"MsoNormal\">Hay muchas flores, mas pocas<br \/>\nen el mundo dar\u00e1n fruto;<br \/>\ntodas llaman a la vida,<br \/>\npero muchas morir\u00e1n.<\/p>\n<p class=\"MsoNormal\">Es f\u00e1cil escribir versos<br \/>\ncuando nada hay que decir,<br \/>\nhilando palabras huecas<br \/>\nque por el fin rimar\u00e1n.<\/p>\n<p class=\"MsoNormal\">Mas cuando tu coraz\u00f3n<br \/>\narde en pasi\u00f3n y deseos<br \/>\ny cuando busca tu esp\u00edritu<br \/>\nescuchar todas las voces,<\/p>\n<p class=\"MsoNormal\">que como flores de vida<br \/>\ngolpean tu pensamiento,<br \/>\nellas te piden nacer<br \/>\ny un vestido de palabras.<\/p>\n<p class=\"MsoNormal\">Frente a tus propias pasiones<br \/>\ny frente a tu propia vida,<br \/>\n\u00bfd\u00f3nde encontrar\u00e1s los jueces<br \/>\nde duros ojos de hielo?<\/p>\n<p class=\"MsoNormal\">\u00a1Ay!, entonces te parece<br \/>\nque el cielo se derrumba;<br \/>\n\u00bfd\u00f3nde encontrar\u00e1s palabras<br \/>\npara decir la verdad?<\/p>\n<p class=\"MsoNormal\">Cr\u00edticos, flores est\u00e9riles,<br \/>\nque nunca hab\u00e9is dado fruto,<br \/>\nes f\u00e1cil escribir versos<br \/>\ncuando no hay que decir nada.<\/p>\n<p class=\"MsoNormal\" style=\"padding-left: 30px;\">1884. Traducci\u00f3n de M\u00aa Teresa Le\u00f3n y Rafael Alberti.<\/p>\n<p><!--more--><\/p>\n<p class=\"MsoNormal\" style=\"padding-left: 30px;\"><strong>CRITICILOR MEI<\/strong><\/p>\n<p class=\"MsoNormal\" style=\"padding-left: 30px;\">Multe flori sunt, dar putine<br \/>\nRod \u00een lume o sa poarte,<br \/>\nToate bat la poarta vietii,<br \/>\nDar se scutur multe moarte.<\/p>\n<p class=\"MsoNormal\" style=\"padding-left: 30px;\"><span lang=\"IT\">E usor a scrie versuri<br \/>\nC\u00e2nd nimic nu ai a spune,<br \/>\nInsir\u00e2nd cuvinte goale<br \/>\nCe din coada au sa sune.<\/span><\/p>\n<p class=\"MsoNormal\" style=\"padding-left: 30px;\"><span lang=\"IT\">Dar c\u00e2nd inima-ti fram\u00e2nta<br \/>\nDoruri vii si patimi multe,<br \/>\nS-a lor glasuri a ta minte<br \/>\nSta pe toate sa le-asculte,<\/span><\/p>\n<p class=\"MsoNormal\" style=\"padding-left: 30px;\"><span lang=\"IT\">Ca si flori \u00een poarta vietii<br \/>\nBat la portile g\u00e2ndirii,<br \/>\nToate cer intrare-n lume,<br \/>\nCer vestmintele vorbirii.<\/span><\/p>\n<p class=\"MsoNormal\" style=\"padding-left: 30px;\"><span lang=\"IT\">Pentru-a tale proprii patimi,<br \/>\nPentru propria-ti viata,<br \/>\nUnde ai judecatorii,<br \/>\nNenduratii ochi de gheata?<\/span><\/p>\n<p class=\"MsoNormal\" style=\"padding-left: 30px;\"><span lang=\"IT\">Ah! atuncea ti se pare<br \/>\nCa pe cap \u00eeti cade cerul:<br \/>\nUnde vei gasi cuv\u00e2tul<br \/>\nCe exprima adevarul?<\/span><\/p>\n<p class=\"MsoNormal\" style=\"padding-left: 30px;\"><span lang=\"IT\">Critici voi, cu flori desarte,<br \/>\nCare roade n-ati adus \u2013<br \/>\nE usor a scrie versuri<br \/>\nC\u00e2nd nimic nu ai de spus.<\/span><\/p>\n","protected":false},"excerpt":{"rendered":"<p>El rom\u00e1ntico Mihail Eminescu (1850-1889) est\u00e1 considerado como el mayor poeta en lengua rumana. En sus versos, elegantes y armoniosos, trata sobre la patria, el amor y la naturaleza. A MIS CR\u00cdTICOS Hay muchas flores, mas pocas en el mundo dar\u00e1n fruto; todas llaman a la vida, pero muchas morir\u00e1n. Es f\u00e1cil escribir versos cuando&#8230; <\/p>\n<div class=\"read-more navbutton\"><a href=\"https:\/\/poeticas.es\/?p=322\">Leer m\u00e1s<i class=\"fa fa-angle-double-right\"><\/i><\/a><\/div>\n","protected":false},"author":1,"featured_media":0,"comment_status":"closed","ping_status":"closed","sticky":false,"template":"","format":"standard","meta":{"_exactmetrics_skip_tracking":false,"_exactmetrics_sitenote_active":false,"_exactmetrics_sitenote_note":"","_exactmetrics_sitenote_category":0,"footnotes":""},"categories":[1,84],"tags":[85,38],"class_list":["post-322","post","type-post","status-publish","format-standard","hentry","category-uncategorized","category-literatura-rumana","tag-romanticismo","tag-xix"],"_links":{"self":[{"href":"https:\/\/poeticas.es\/index.php?rest_route=\/wp\/v2\/posts\/322","targetHints":{"allow":["GET"]}}],"collection":[{"href":"https:\/\/poeticas.es\/index.php?rest_route=\/wp\/v2\/posts"}],"about":[{"href":"https:\/\/poeticas.es\/index.php?rest_route=\/wp\/v2\/types\/post"}],"author":[{"embeddable":true,"href":"https:\/\/poeticas.es\/index.php?rest_route=\/wp\/v2\/users\/1"}],"replies":[{"embeddable":true,"href":"https:\/\/poeticas.es\/index.php?rest_route=%2Fwp%2Fv2%2Fcomments&post=322"}],"version-history":[{"count":5,"href":"https:\/\/poeticas.es\/index.php?rest_route=\/wp\/v2\/posts\/322\/revisions"}],"predecessor-version":[{"id":4308,"href":"https:\/\/poeticas.es\/index.php?rest_route=\/wp\/v2\/posts\/322\/revisions\/4308"}],"wp:attachment":[{"href":"https:\/\/poeticas.es\/index.php?rest_route=%2Fwp%2Fv2%2Fmedia&parent=322"}],"wp:term":[{"taxonomy":"category","embeddable":true,"href":"https:\/\/poeticas.es\/index.php?rest_route=%2Fwp%2Fv2%2Fcategories&post=322"},{"taxonomy":"post_tag","embeddable":true,"href":"https:\/\/poeticas.es\/index.php?rest_route=%2Fwp%2Fv2%2Ftags&post=322"}],"curies":[{"name":"wp","href":"https:\/\/api.w.org\/{rel}","templated":true}]}}