{"id":3332,"date":"2009-10-30T07:00:15","date_gmt":"2009-10-30T07:00:15","guid":{"rendered":"http:\/\/poeticas.es\/?p=3332"},"modified":"2017-09-06T15:40:21","modified_gmt":"2017-09-06T13:40:21","slug":"maria-arrillaga","status":"publish","type":"post","link":"https:\/\/poeticas.es\/?p=3332","title":{"rendered":"Mar\u00eda Arrillaga"},"content":{"rendered":"<p style=\"text-align: justify;\"><img loading=\"lazy\" decoding=\"async\" class=\"alignnone size-full wp-image-3333\" title=\"Los pecadores comer\u00e1n primero, de Arnaldo Roche Rabell\" src=\"https:\/\/poeticas.es\/wp-content\/uploads\/2009\/09\/mariaarrillaga.jpg\" alt=\"Los pecadores comer\u00e1n primero, de Arnaldo Roche Rabell\" width=\"461\" height=\"314\" srcset=\"https:\/\/poeticas.es\/wp-content\/uploads\/2009\/09\/mariaarrillaga.jpg 640w, https:\/\/poeticas.es\/wp-content\/uploads\/2009\/09\/mariaarrillaga-300x204.jpg 300w\" sizes=\"auto, (max-width: 461px) 100vw, 461px\" \/><\/p>\n<p style=\"text-align: justify;\"><em>Seg\u00fan Matos Paoli, la poes\u00eda de Mar\u00eda Arrillaga (Puerto Rico, 1940) participa de la \u201cdesmitologizaci\u00f3n de la cultura convencional\u201d, tanto en la reivindicaci\u00f3n de la esencia sexual del ser humano como en su compromiso con la justicia social.<\/em><\/p>\n<p><strong>POES\u00cdA<\/strong><\/p>\n<p>I<\/p>\n<p>Poes\u00eda es emoci\u00f3n,<br \/>\nasombro de la vida,<br \/>\ncascabel que rompe el ruido de los tiempos<br \/>\n<span style=\"padding-left: 180px;\">y <\/span><br \/>\n<span style=\"padding-left: 150px;\">de los silencios.<\/span><br \/>\nAngustia de muerte<br \/>\n<span style=\"padding-left: 120px;\">y <\/span><br \/>\n<span style=\"padding-left: 130px;\">luz de todas las ma\u00f1anas.<\/span><br \/>\nComo columpio que suena el aire<br \/>\no un perro solo que muere<br \/>\no un h\u00e9roe solo muriendo.<\/p>\n<p>II<\/p>\n<p>Poes\u00eda es un sill\u00f3n,<br \/>\ny lo que siente un hombre pobre.<br \/>\nEs un caj\u00f3n donde se come,<br \/>\ny el v\u00f3mito de la amargura cotidiana.<\/p>\n<p>Es una perla da\u00f1ada.<br \/>\nUna vieja en el cristal<br \/>\nreflejando los reflejos<br \/>\ndesde convite absurdo<br \/>\nde pan y ojos que miran<br \/>\nel universo agrandarse.<\/p>\n<p>III<\/p>\n<p>Es la luz de la ciudad,<br \/>\nse la puede aceptar.<br \/>\n<span style=\"padding-left: 120px;\">So\u00f1ar:<\/span><br \/>\nque ya pronto volveremos<br \/>\n<span style=\"padding-left: 120px;\">a San Juan.<\/span><br \/>\nQue como perros mordi\u00e9ndose<br \/>\nvolveremos a querernos.<\/p>\n<p>IV<\/p>\n<p>Es la sangre de los besos en la noche<br \/>\ncuando mi \u00faltima energ\u00eda<br \/>\ndesea la poes\u00eda<br \/>\ncomo amante fiel que me acompa\u00f1e<br \/>\nal lecho del descanso.<\/p>\n<p>Y entonces la palabra se hace carne y toma esp\u00edritu.<br \/>\nJunto a m\u00ed el ritmo de las voces<br \/>\nde todos los tiempos levantadas<br \/>\nde los hombres y mujeres que gritaron<br \/>\ndel sentimiento al alma para afuera<br \/>\npara que no haya corazones solos.<br \/>\nPorque en medio del suicidio de las mentes<br \/>\nest\u00e1 el exquisito abismo de las voces compa\u00f1eras<br \/>\nclamando al infinito<br \/>\nla humanidad del sue\u00f1o de la nada apocal\u00edptico.<\/p>\n<p style=\"padding-left: 30px;\"><em>Vida en el tiempo<\/em>, 1974.<\/p>\n","protected":false},"excerpt":{"rendered":"<p>Seg\u00fan Matos Paoli, la poes\u00eda de Mar\u00eda Arrillaga (Puerto Rico, 1940) participa de la \u201cdesmitologizaci\u00f3n de la cultura convencional\u201d, tanto en la reivindicaci\u00f3n de la esencia sexual del ser humano como en su compromiso con la justicia social. POES\u00cdA I Poes\u00eda es emoci\u00f3n, asombro de la vida, cascabel que rompe el ruido de los tiempos&#8230; <\/p>\n<div class=\"read-more navbutton\"><a href=\"https:\/\/poeticas.es\/?p=3332\">Leer m\u00e1s<i class=\"fa fa-angle-double-right\"><\/i><\/a><\/div>\n","protected":false},"author":1,"featured_media":0,"comment_status":"closed","ping_status":"closed","sticky":false,"template":"","format":"standard","meta":{"_exactmetrics_skip_tracking":false,"_exactmetrics_sitenote_active":false,"_exactmetrics_sitenote_note":"","_exactmetrics_sitenote_category":0,"footnotes":""},"categories":[1,63],"tags":[62,15],"class_list":["post-3332","post","type-post","status-publish","format-standard","hentry","category-uncategorized","category-literatura-puertorriquena","tag-escritoras","tag-xx"],"_links":{"self":[{"href":"https:\/\/poeticas.es\/index.php?rest_route=\/wp\/v2\/posts\/3332","targetHints":{"allow":["GET"]}}],"collection":[{"href":"https:\/\/poeticas.es\/index.php?rest_route=\/wp\/v2\/posts"}],"about":[{"href":"https:\/\/poeticas.es\/index.php?rest_route=\/wp\/v2\/types\/post"}],"author":[{"embeddable":true,"href":"https:\/\/poeticas.es\/index.php?rest_route=\/wp\/v2\/users\/1"}],"replies":[{"embeddable":true,"href":"https:\/\/poeticas.es\/index.php?rest_route=%2Fwp%2Fv2%2Fcomments&post=3332"}],"version-history":[{"count":4,"href":"https:\/\/poeticas.es\/index.php?rest_route=\/wp\/v2\/posts\/3332\/revisions"}],"predecessor-version":[{"id":4985,"href":"https:\/\/poeticas.es\/index.php?rest_route=\/wp\/v2\/posts\/3332\/revisions\/4985"}],"wp:attachment":[{"href":"https:\/\/poeticas.es\/index.php?rest_route=%2Fwp%2Fv2%2Fmedia&parent=3332"}],"wp:term":[{"taxonomy":"category","embeddable":true,"href":"https:\/\/poeticas.es\/index.php?rest_route=%2Fwp%2Fv2%2Fcategories&post=3332"},{"taxonomy":"post_tag","embeddable":true,"href":"https:\/\/poeticas.es\/index.php?rest_route=%2Fwp%2Fv2%2Ftags&post=3332"}],"curies":[{"name":"wp","href":"https:\/\/api.w.org\/{rel}","templated":true}]}}