{"id":335,"date":"2009-02-02T20:10:12","date_gmt":"2009-02-02T20:10:12","guid":{"rendered":"http:\/\/poeticas.es\/?p=335"},"modified":"2017-09-06T15:47:27","modified_gmt":"2017-09-06T13:47:27","slug":"vinicius-de-moraes","status":"publish","type":"post","link":"https:\/\/poeticas.es\/?p=335","title":{"rendered":"Vinicius de Moraes"},"content":{"rendered":"<p class=\"MsoNormal\" style=\"text-align: justify;\"><img loading=\"lazy\" decoding=\"async\" class=\"alignnone size-full wp-image-336\" title=\"Bumba-meu-boi, de C\u00e1ndido Portinari\" src=\"https:\/\/poeticas.es\/wp-content\/uploads\/2009\/02\/viniciusdemoraes.jpg\" alt=\"Bumba-meu-boi, de C\u00e1ndido Portinari\" width=\"351\" height=\"350\" srcset=\"https:\/\/poeticas.es\/wp-content\/uploads\/2009\/02\/viniciusdemoraes.jpg 351w, https:\/\/poeticas.es\/wp-content\/uploads\/2009\/02\/viniciusdemoraes-150x150.jpg 150w, https:\/\/poeticas.es\/wp-content\/uploads\/2009\/02\/viniciusdemoraes-300x299.jpg 300w\" sizes=\"auto, (max-width: 351px) 100vw, 351px\" \/><\/p>\n<p class=\"MsoNormal\" style=\"text-align: justify;\"><em>El brasile\u00f1o Vinicius de Moraes (1913-1980), importante compositor de bossa-novas y sambas, fue tambi\u00e9n un inspirado poeta de fuerte raigambre popular.<\/em><\/p>\n<p class=\"MsoNormal\"><strong>PO\u00c9TICA I<\/strong><\/p>\n<p class=\"MsoNormal\">Al alba oscurezco<br \/>\nDe d\u00eda tardo<br \/>\nDe tarde anochezco<br \/>\nDe noche ardo.<\/p>\n<p class=\"MsoNormal\">A oeste la muerte<br \/>\nContra quien vivo<br \/>\nDel sur cautivo<br \/>\nEl este es mi norte.<\/p>\n<p class=\"MsoNormal\">Otros que cuenten<br \/>\nPaso por paso:<br \/>\nYo muero ayer<\/p>\n<p class=\"MsoNormal\">Nazco ma\u00f1ana<br \/>\nVoy donde hay espacio:<br \/>\n\u2013Mi tiempo es cuando.<\/p>\n<p class=\"MsoNormal\" style=\"padding-left: 30px; text-align: justify;\">Nueva York, 1950. En <em>Libro de sonetos<\/em>, 1991. Traducci\u00f3n de Jos\u00e9 \u00c1ngel Cilleruelo.<\/p>\n<p><!--more--><\/p>\n<p class=\"MsoNormal\" style=\"padding-left: 30px;\"><strong>PO\u00c9TICA I<\/strong><\/p>\n<p class=\"MsoNormal\" style=\"padding-left: 30px;\">De manh\u00e3 escure\u00e7o<br \/>\nDe dia tardo<br \/>\nDe tarde anoite\u00e7o<br \/>\nDe noite ardo.<\/p>\n<p class=\"MsoNormal\" style=\"padding-left: 30px;\">A oeste a morte<br \/>\nContra quem vivo<br \/>\nDo sul cativo<br \/>\nO este \u00e9 meu norte.<\/p>\n<p class=\"MsoNormal\" style=\"padding-left: 30px;\">Outros que contem<br \/>\nPasso por passo:<br \/>\nEu morro ontem<\/p>\n<p class=\"MsoNormal\" style=\"padding-left: 30px;\"><span lang=\"IT\">Nas\u00e7o amanh\u00e3<br \/>\nAndo onde h\u00e1 espa\u00e7o:<br \/>\n\u2013 Meu tempo \u00e9 quando.<\/span><\/p>\n<p class=\"MsoNormal\" style=\"padding-left: 90px;\"><em>Livro de sonetos<\/em>, 1991.<\/p>\n<p class=\"MsoNormal\"><strong>PO\u00c9TICA II<\/strong><\/p>\n<p class=\"MsoNormal\">Con l\u00e1grimas de tiempo<br \/>\nY la cal de mis d\u00edas<br \/>\nYo hice el cemento<br \/>\nDe mi poes\u00eda.<\/p>\n<p class=\"MsoNormal\">Y en la perspectiva<br \/>\nDe vida futura<br \/>\nErgu\u00ed en carne viva<br \/>\nSu arquitectura.<\/p>\n<p class=\"MsoNormal\">No s\u00e9 bien si es casa<br \/>\nSi es torre o templo:<br \/>\n(Un templo sin Dios).<\/p>\n<p class=\"MsoNormal\">Pero es grande y clara<br \/>\nPertenece a su tiempo<br \/>\n\u2013\u00a1Entrad, hermanos m\u00edos!<\/p>\n<p class=\"MsoNormal\" style=\"padding-left: 30px; text-align: justify;\">R\u00edo, 1960.<em> Libro de sonetos<\/em>, 1991. Traducci\u00f3n de Jos\u00e9 \u00c1ngel Cilleruelo.<\/p>\n<p class=\"MsoNormal\" style=\"padding-left: 30px;\"><strong>PO\u00c9TICA II<\/strong><\/p>\n<p class=\"MsoNormal\" style=\"padding-left: 30px;\">Com as l\u00e1grimas do tempo<br \/>\nE a cal do meu dia<br \/>\nEu fiz o cimento<br \/>\nDa minha poesia.<\/p>\n<p class=\"MsoNormal\" style=\"padding-left: 30px;\"><span lang=\"IT\">E na perspectiva<br \/>\nDa vida futura<br \/>\nErgui em carne viva<br \/>\nSua arquitetura.<\/span><\/p>\n<p class=\"MsoNormal\" style=\"padding-left: 30px;\"><span lang=\"IT\">N\u00e3o sei bem se \u00e9 casa<br \/>\nSe \u00e9 torre ou se \u00e9 templo:<br \/>\n(Um templo sem Deus.)<\/span><\/p>\n<p class=\"MsoNormal\" style=\"padding-left: 30px;\"><span lang=\"IT\">Mas \u00e9 grande e clara<br \/>\nPertence ao seu tempo<br \/>\n\u2013 Entrai, irm\u00e3os meus!<\/span><\/p>\n<p class=\"MsoNormal\" style=\"padding-left: 90px;\"><em>Livro de sonetos<\/em>, 1991.<\/p>\n","protected":false},"excerpt":{"rendered":"<p>El brasile\u00f1o Vinicius de Moraes (1913-1980), importante compositor de bossa-novas y sambas, fue tambi\u00e9n un inspirado poeta de fuerte raigambre popular. PO\u00c9TICA I Al alba oscurezco De d\u00eda tardo De tarde anochezco De noche ardo. A oeste la muerte Contra quien vivo Del sur cautivo El este es mi norte. Otros que cuenten Paso por&#8230; <\/p>\n<div class=\"read-more navbutton\"><a href=\"https:\/\/poeticas.es\/?p=335\">Leer m\u00e1s<i class=\"fa fa-angle-double-right\"><\/i><\/a><\/div>\n","protected":false},"author":1,"featured_media":0,"comment_status":"closed","ping_status":"closed","sticky":false,"template":"","format":"standard","meta":{"_exactmetrics_skip_tracking":false,"_exactmetrics_sitenote_active":false,"_exactmetrics_sitenote_note":"","_exactmetrics_sitenote_category":0,"footnotes":""},"categories":[1,87],"tags":[88,15],"class_list":["post-335","post","type-post","status-publish","format-standard","hentry","category-uncategorized","category-literatura-portuguesa","tag-cantautores","tag-xx"],"_links":{"self":[{"href":"https:\/\/poeticas.es\/index.php?rest_route=\/wp\/v2\/posts\/335","targetHints":{"allow":["GET"]}}],"collection":[{"href":"https:\/\/poeticas.es\/index.php?rest_route=\/wp\/v2\/posts"}],"about":[{"href":"https:\/\/poeticas.es\/index.php?rest_route=\/wp\/v2\/types\/post"}],"author":[{"embeddable":true,"href":"https:\/\/poeticas.es\/index.php?rest_route=\/wp\/v2\/users\/1"}],"replies":[{"embeddable":true,"href":"https:\/\/poeticas.es\/index.php?rest_route=%2Fwp%2Fv2%2Fcomments&post=335"}],"version-history":[{"count":4,"href":"https:\/\/poeticas.es\/index.php?rest_route=\/wp\/v2\/posts\/335\/revisions"}],"predecessor-version":[{"id":5308,"href":"https:\/\/poeticas.es\/index.php?rest_route=\/wp\/v2\/posts\/335\/revisions\/5308"}],"wp:attachment":[{"href":"https:\/\/poeticas.es\/index.php?rest_route=%2Fwp%2Fv2%2Fmedia&parent=335"}],"wp:term":[{"taxonomy":"category","embeddable":true,"href":"https:\/\/poeticas.es\/index.php?rest_route=%2Fwp%2Fv2%2Fcategories&post=335"},{"taxonomy":"post_tag","embeddable":true,"href":"https:\/\/poeticas.es\/index.php?rest_route=%2Fwp%2Fv2%2Ftags&post=335"}],"curies":[{"name":"wp","href":"https:\/\/api.w.org\/{rel}","templated":true}]}}