{"id":3477,"date":"2009-12-30T07:01:18","date_gmt":"2009-12-30T07:01:18","guid":{"rendered":"http:\/\/poeticas.es\/?p=3477"},"modified":"2017-11-05T13:16:58","modified_gmt":"2017-11-05T11:16:58","slug":"reina-maria-rodriguez","status":"publish","type":"post","link":"https:\/\/poeticas.es\/?p=3477","title":{"rendered":"Reina Mar\u00eda Rodr\u00edguez"},"content":{"rendered":"<p style=\"text-align: justify;\"><img loading=\"lazy\" decoding=\"async\" class=\"alignnone size-full wp-image-3479\" title=\"Fruta madura, de Mary Cary\" src=\"https:\/\/poeticas.es\/wp-content\/uploads\/2009\/12\/reinamariarodriguez.jpg\" alt=\"Fruta madura, de Mary Cary\" width=\"300\" height=\"377\" srcset=\"https:\/\/poeticas.es\/wp-content\/uploads\/2009\/12\/reinamariarodriguez.jpg 300w, https:\/\/poeticas.es\/wp-content\/uploads\/2009\/12\/reinamariarodriguez-238x300.jpg 238w\" sizes=\"auto, (max-width: 300px) 100vw, 300px\" \/><\/p>\n<p style=\"text-align: justify;\"><em>La poes\u00eda de Reina Mar\u00eda Rodr\u00edguez (1952) se aleja de la vocaci\u00f3n colectivista de la generaci\u00f3n anterior, la del prosa\u00edsmo coloquial, para recuperar el protagonismo del sujeto po\u00e9tico como individuo, buscando un lenguaje y unos temas m\u00e1s personales.<\/em><\/p>\n<p><strong>LA ISLA DE WIGHT<\/strong><\/p>\n<p>yo era como aquella chica de la isla de Wight<br \/>\n\u2013el poema no estaba terminado<br \/>\nera el centro del poema lo que nunca estaba terminado\u2013<br \/>\nella hab\u00eda buscado<br \/>\ndesesperadamente<br \/>\nese indicio de la arboladura.<br \/>\nhab\u00eda buscado&#8230;<br \/>\nhasta no tener respuestas ni preguntas<br \/>\ny ser lo mismo que cualquiera<br \/>\nbajo esa indiferencia de la materia<br \/>\na su necesidad, el yo se agrieta.<br \/>\n(un yo criminal y l\u00fadico que la abraza<br \/>\na trav\u00e9s de los pastos ocres y resecos del verano).<br \/>\nella hab\u00eda buscado \u00abla infinitud azul del universo en el ser\u00bb.<br \/>\n\u2013lo que dicen gira en torno a sus primeros a\u00f1os<br \/>\ncuando el padre muri\u00f3 sin haber tenido demasiado<br \/>\nconocimiento del poema\u2013.<br \/>\ns\u00e9 que esa mentira que ha buscado<br \/>\nobtiene alg\u00fan sentido al derretirse<br \/>\nen sus ojos oscuros, ha buscado el abrupto sentido del sentir<br \/>\nque la rodea.<br \/>\n(un poema es lo justo, lo exacto, lo irrepetible,<br \/>\ndentro del caos que uno intenta ordenar y ser)<br \/>\ny lo ha ordenado para que el poema no sea necesario.<br \/>\ndespojada del poema y de m\u00ed<br \/>\nva buscando con su pasi\u00f3n de perseguir<br \/>\nla dualidad. ha perdido, ha buscado.<br \/>\nha contrapuesto animales antag\u00f3nicos que han venido a morir<br \/>\nbajo mi aparente neutralidad de especie,<br \/>\nun gato, un pez, un p\u00e1jaro&#8230; s\u00f3lo provocaciones.<br \/>\n\u2013te digo que los mires\u2013<br \/>\npara hallar otra cosa entre esa l\u00ednea demoledora de las formas<br \/>\nque chocan al sentir su resonancia.<br \/>\n\u2013tambi\u00e9n aqu\u00ed se trata del paso del tiempo,<br \/>\nde la traves\u00eda del mar por el poema\u2013<br \/>\na donde ellos iban, los poemas no hab\u00edan llegado todav\u00eda.<br \/>\nyo era como aquella chica de la isla de Wight<br \/>\nhab\u00eda buscado en lo advenedizo<br \/>\nla fuga y la permanencia de lo fijo y me hallo<br \/>\ndispuesta a compartir con ella a trav\u00e9s de las tachaduras<br \/>\nsi el poema hab\u00eda existido alguna vez materialmente<br \/>\nsi hab\u00eda sido escrito ese papel<br \/>\npara conservar el lugar de una espera.<\/p>\n<p style=\"padding-left: 30px;\"><em>La foto del invernadero<\/em>, 1998.<\/p>\n","protected":false},"excerpt":{"rendered":"<p>La poes\u00eda de Reina Mar\u00eda Rodr\u00edguez (1952) se aleja de la vocaci\u00f3n colectivista de la generaci\u00f3n anterior, la del prosa\u00edsmo coloquial, para recuperar el protagonismo del sujeto po\u00e9tico como individuo, buscando un lenguaje y unos temas m\u00e1s personales. LA ISLA DE WIGHT yo era como aquella chica de la isla de Wight \u2013el poema no&#8230; <\/p>\n<div class=\"read-more navbutton\"><a href=\"https:\/\/poeticas.es\/?p=3477\">Leer m\u00e1s<i class=\"fa fa-angle-double-right\"><\/i><\/a><\/div>\n","protected":false},"author":1,"featured_media":0,"comment_status":"closed","ping_status":"closed","sticky":false,"template":"","format":"standard","meta":{"_exactmetrics_skip_tracking":false,"_exactmetrics_sitenote_active":false,"_exactmetrics_sitenote_note":"","_exactmetrics_sitenote_category":0,"footnotes":""},"categories":[1,37],"tags":[62,180,15,36],"class_list":["post-3477","post","type-post","status-publish","format-standard","hentry","category-uncategorized","category-literatura-cubana","tag-escritoras","tag-premio-iberoamericano-de-poesia-pablo-neruda","tag-xx","tag-xxi"],"_links":{"self":[{"href":"https:\/\/poeticas.es\/index.php?rest_route=\/wp\/v2\/posts\/3477","targetHints":{"allow":["GET"]}}],"collection":[{"href":"https:\/\/poeticas.es\/index.php?rest_route=\/wp\/v2\/posts"}],"about":[{"href":"https:\/\/poeticas.es\/index.php?rest_route=\/wp\/v2\/types\/post"}],"author":[{"embeddable":true,"href":"https:\/\/poeticas.es\/index.php?rest_route=\/wp\/v2\/users\/1"}],"replies":[{"embeddable":true,"href":"https:\/\/poeticas.es\/index.php?rest_route=%2Fwp%2Fv2%2Fcomments&post=3477"}],"version-history":[{"count":4,"href":"https:\/\/poeticas.es\/index.php?rest_route=\/wp\/v2\/posts\/3477\/revisions"}],"predecessor-version":[{"id":4977,"href":"https:\/\/poeticas.es\/index.php?rest_route=\/wp\/v2\/posts\/3477\/revisions\/4977"}],"wp:attachment":[{"href":"https:\/\/poeticas.es\/index.php?rest_route=%2Fwp%2Fv2%2Fmedia&parent=3477"}],"wp:term":[{"taxonomy":"category","embeddable":true,"href":"https:\/\/poeticas.es\/index.php?rest_route=%2Fwp%2Fv2%2Fcategories&post=3477"},{"taxonomy":"post_tag","embeddable":true,"href":"https:\/\/poeticas.es\/index.php?rest_route=%2Fwp%2Fv2%2Ftags&post=3477"}],"curies":[{"name":"wp","href":"https:\/\/api.w.org\/{rel}","templated":true}]}}