{"id":3499,"date":"2009-12-25T07:00:00","date_gmt":"2009-12-25T05:00:00","guid":{"rendered":"http:\/\/poeticas.es\/?p=3499"},"modified":"2017-09-06T15:40:19","modified_gmt":"2017-09-06T13:40:19","slug":"jorge-meretta","status":"publish","type":"post","link":"https:\/\/poeticas.es\/?p=3499","title":{"rendered":"Jorge Meretta"},"content":{"rendered":"<p style=\"text-align: justify;\"><img loading=\"lazy\" decoding=\"async\" class=\"alignnone size-full wp-image-3500\" title=\"Casco de estancia, de Jorge Damiani\" src=\"https:\/\/poeticas.es\/wp-content\/uploads\/2009\/12\/jorgemeretta.jpg\" alt=\"Casco de estancia, de Jorge Damiani\" width=\"427\" height=\"336\" srcset=\"https:\/\/poeticas.es\/wp-content\/uploads\/2009\/12\/jorgemeretta.jpg 427w, https:\/\/poeticas.es\/wp-content\/uploads\/2009\/12\/jorgemeretta-300x236.jpg 300w\" sizes=\"auto, (max-width: 427px) 100vw, 427px\" \/><\/p>\n<p style=\"text-align: justify;\"><em>El erotismo, la creaci\u00f3n po\u00e9tica o el paso del tiempo son los motivos que vertebran la poes\u00eda de Jorge Meretta (1940). Por su lenguaje denso y depurado en el tratamiento de estos temas universales, es considerado como uno de los poetas cl\u00e1sicos contempor\u00e1neos del Uruguay.<\/em><\/p>\n<p><strong>ENCIENDO LA LUZ\u2026<\/strong><\/p>\n<p>Enciendo la luz<br \/>\npara escribir<br \/>\ny s\u00f3lo arden palabras ya vividas<br \/>\nen el falso fuego de una l\u00e1mpara.<\/p>\n<p>Cre\u00ed decirlo todo y es enga\u00f1o.<\/p>\n<p>Toda la claridad en s\u00f3lo un ojo ciego.<\/p>\n<p style=\"padding-left: 30px;\"><em>Ritual de la palabra<\/em>, 1998.<\/p>\n","protected":false},"excerpt":{"rendered":"<p>El erotismo, la creaci\u00f3n po\u00e9tica o el paso del tiempo son los motivos que vertebran la poes\u00eda de Jorge Meretta (1940). Por su lenguaje denso y depurado en el tratamiento de estos temas universales, es considerado como uno de los poetas cl\u00e1sicos contempor\u00e1neos del Uruguay. ENCIENDO LA LUZ\u2026 Enciendo la luz para escribir y s\u00f3lo&#8230; <\/p>\n<div class=\"read-more navbutton\"><a href=\"https:\/\/poeticas.es\/?p=3499\">Leer m\u00e1s<i class=\"fa fa-angle-double-right\"><\/i><\/a><\/div>\n","protected":false},"author":1,"featured_media":0,"comment_status":"closed","ping_status":"closed","sticky":false,"template":"","format":"standard","meta":{"_exactmetrics_skip_tracking":false,"_exactmetrics_sitenote_active":false,"_exactmetrics_sitenote_note":"","_exactmetrics_sitenote_category":0,"footnotes":""},"categories":[1,83],"tags":[15,36],"class_list":["post-3499","post","type-post","status-publish","format-standard","hentry","category-uncategorized","category-literatura-uruguaya","tag-xx","tag-xxi"],"_links":{"self":[{"href":"https:\/\/poeticas.es\/index.php?rest_route=\/wp\/v2\/posts\/3499","targetHints":{"allow":["GET"]}}],"collection":[{"href":"https:\/\/poeticas.es\/index.php?rest_route=\/wp\/v2\/posts"}],"about":[{"href":"https:\/\/poeticas.es\/index.php?rest_route=\/wp\/v2\/types\/post"}],"author":[{"embeddable":true,"href":"https:\/\/poeticas.es\/index.php?rest_route=\/wp\/v2\/users\/1"}],"replies":[{"embeddable":true,"href":"https:\/\/poeticas.es\/index.php?rest_route=%2Fwp%2Fv2%2Fcomments&post=3499"}],"version-history":[{"count":4,"href":"https:\/\/poeticas.es\/index.php?rest_route=\/wp\/v2\/posts\/3499\/revisions"}],"predecessor-version":[{"id":4978,"href":"https:\/\/poeticas.es\/index.php?rest_route=\/wp\/v2\/posts\/3499\/revisions\/4978"}],"wp:attachment":[{"href":"https:\/\/poeticas.es\/index.php?rest_route=%2Fwp%2Fv2%2Fmedia&parent=3499"}],"wp:term":[{"taxonomy":"category","embeddable":true,"href":"https:\/\/poeticas.es\/index.php?rest_route=%2Fwp%2Fv2%2Fcategories&post=3499"},{"taxonomy":"post_tag","embeddable":true,"href":"https:\/\/poeticas.es\/index.php?rest_route=%2Fwp%2Fv2%2Ftags&post=3499"}],"curies":[{"name":"wp","href":"https:\/\/api.w.org\/{rel}","templated":true}]}}