{"id":3605,"date":"2010-03-01T07:00:12","date_gmt":"2010-03-01T05:00:12","guid":{"rendered":"http:\/\/poeticas.es\/?p=3605"},"modified":"2017-09-06T15:40:18","modified_gmt":"2017-09-06T13:40:18","slug":"xavier-echarri","status":"publish","type":"post","link":"https:\/\/poeticas.es\/?p=3605","title":{"rendered":"Xavier Echarri"},"content":{"rendered":"<p style=\"text-align: justify;\"><img loading=\"lazy\" decoding=\"async\" class=\"alignnone size-full wp-image-3606\" title=\"Per\u00fa lindo, de Miguel Lescano\" src=\"https:\/\/poeticas.es\/wp-content\/uploads\/2009\/12\/xabierecharri.jpg\" alt=\"Per\u00fa lindo, de Miguel Lescano\" width=\"354\" height=\"350\" srcset=\"https:\/\/poeticas.es\/wp-content\/uploads\/2009\/12\/xabierecharri.jpg 354w, https:\/\/poeticas.es\/wp-content\/uploads\/2009\/12\/xabierecharri-300x296.jpg 300w\" sizes=\"auto, (max-width: 354px) 100vw, 354px\" \/><\/p>\n<p style=\"text-align: justify;\"><em>Xavier Echarri (1966) irrumpe en el escenario de la poes\u00eda peruana a principios de los noventa con un lenguaje neobarroco, expresi\u00f3n de \u201cquebradas experiencias\u201d. El cuidado formal y las continuas referencias librescas son otras de las se\u00f1as de identidad de su obra po\u00e9tica.<\/em><\/p>\n<p><strong>EP\u00cdSTOLA A LOS PEZONES<\/strong><\/p>\n<p>(ARTE PO\u00c9TICA)<\/p>\n<p>Cuando la poes\u00eda deja de partir de la experiencia<br \/>\ny se ciega de libros<br \/>\n<span style=\"padding-left: 30px;\">se hace ret\u00f3rica, Anapesto,<\/span><br \/>\npero la experiencia se resiste en poema a los indoctos.<\/p>\n<p>Por eso lee, Anapesto, pero<br \/>\n<span style=\"padding-left: 30px;\">no demasiado;<\/span><br \/>\nhas de escuchar tambi\u00e9n a los rapsodas,<br \/>\nlos mel\u00f3manos ciegos, las comadres:<br \/>\nTodos los mensajeros han tra\u00eddo noticias, y disputan<br \/>\n<span style=\"padding-left: 30px;\">entre s\u00ed por anunciarlas<\/span><\/p>\n<p style=\"padding-left: 30px;\"><em>Las quebradas experiencias y otros poemas<\/em>, 1993.<\/p>\n","protected":false},"excerpt":{"rendered":"<p>Xavier Echarri (1966) irrumpe en el escenario de la poes\u00eda peruana a principios de los noventa con un lenguaje neobarroco, expresi\u00f3n de \u201cquebradas experiencias\u201d. El cuidado formal y las continuas referencias librescas son otras de las se\u00f1as de identidad de su obra po\u00e9tica. EP\u00cdSTOLA A LOS PEZONES (ARTE PO\u00c9TICA) Cuando la poes\u00eda deja de partir&#8230; <\/p>\n<div class=\"read-more navbutton\"><a href=\"https:\/\/poeticas.es\/?p=3605\">Leer m\u00e1s<i class=\"fa fa-angle-double-right\"><\/i><\/a><\/div>\n","protected":false},"author":1,"featured_media":0,"comment_status":"closed","ping_status":"closed","sticky":false,"template":"","format":"standard","meta":{"_exactmetrics_skip_tracking":false,"_exactmetrics_sitenote_active":false,"_exactmetrics_sitenote_note":"","_exactmetrics_sitenote_category":0,"footnotes":""},"categories":[1,81],"tags":[15],"class_list":["post-3605","post","type-post","status-publish","format-standard","hentry","category-uncategorized","category-literatura-peruana","tag-xx"],"_links":{"self":[{"href":"https:\/\/poeticas.es\/index.php?rest_route=\/wp\/v2\/posts\/3605","targetHints":{"allow":["GET"]}}],"collection":[{"href":"https:\/\/poeticas.es\/index.php?rest_route=\/wp\/v2\/posts"}],"about":[{"href":"https:\/\/poeticas.es\/index.php?rest_route=\/wp\/v2\/types\/post"}],"author":[{"embeddable":true,"href":"https:\/\/poeticas.es\/index.php?rest_route=\/wp\/v2\/users\/1"}],"replies":[{"embeddable":true,"href":"https:\/\/poeticas.es\/index.php?rest_route=%2Fwp%2Fv2%2Fcomments&post=3605"}],"version-history":[{"count":3,"href":"https:\/\/poeticas.es\/index.php?rest_route=\/wp\/v2\/posts\/3605\/revisions"}],"predecessor-version":[{"id":4968,"href":"https:\/\/poeticas.es\/index.php?rest_route=\/wp\/v2\/posts\/3605\/revisions\/4968"}],"wp:attachment":[{"href":"https:\/\/poeticas.es\/index.php?rest_route=%2Fwp%2Fv2%2Fmedia&parent=3605"}],"wp:term":[{"taxonomy":"category","embeddable":true,"href":"https:\/\/poeticas.es\/index.php?rest_route=%2Fwp%2Fv2%2Fcategories&post=3605"},{"taxonomy":"post_tag","embeddable":true,"href":"https:\/\/poeticas.es\/index.php?rest_route=%2Fwp%2Fv2%2Ftags&post=3605"}],"curies":[{"name":"wp","href":"https:\/\/api.w.org\/{rel}","templated":true}]}}