{"id":3730,"date":"2011-01-31T07:00:26","date_gmt":"2011-01-31T05:00:26","guid":{"rendered":"http:\/\/poeticas.es\/?p=3730"},"modified":"2017-09-06T15:35:34","modified_gmt":"2017-09-06T13:35:34","slug":"ramon-irigoyen","status":"publish","type":"post","link":"https:\/\/poeticas.es\/?p=3730","title":{"rendered":"Ram\u00f3n Irigoyen"},"content":{"rendered":"<p><img loading=\"lazy\" decoding=\"async\" src=\"https:\/\/poeticas.es\/wp-content\/uploads\/2011\/01\/ramonirigoyen.jpg\" alt=\"Sin t\u00edtulo, de Carlos Alcolea (Serie Greta Garbo. Desnudo en la piscina)\" title=\"Sin t\u00edtulo, de Carlos Alcolea (Serie Greta Garbo. Desnudo en la piscina)\" width=\"320\" height=\"451\" class=\"alignnone size-full wp-image-3734\" srcset=\"https:\/\/poeticas.es\/wp-content\/uploads\/2011\/01\/ramonirigoyen.jpg 320w, https:\/\/poeticas.es\/wp-content\/uploads\/2011\/01\/ramonirigoyen-212x300.jpg 212w\" sizes=\"auto, (max-width: 320px) 100vw, 320px\" \/><\/p>\n<p style=\"text-align: justify;\"><em><a href=\"http:\/\/www.ramonirigoyen.com\/\">Ram\u00f3n Irigoyen<\/a> (Pamplona, 1942)<\/em> es, adem\u00e1s de un excelente traductor de poes\u00eda griega moderna, uno de los poetas m\u00e1s personales de la generaci\u00f3n del 70. Sus versos son una cr\u00f3nica audaz e insolente de su tiempo.<\/p>\n<p><strong>ARTE PO\u00c9TICA<\/strong><\/p>\n<h6 style=\"padding-left: 90px;\"><em>Every poem an epitaph<\/em><br \/>\n<span style=\"padding-left: 50px;\">ELIOT<\/span><\/h6>\n<p>Un poema si no es una pedrada<br \/>\n\u2013y en la sien\u2013<br \/>\nes un fiambre de palabras muertas<br \/>\nsi no es una pedrada que partiendo<br \/>\nde una honda certera<br \/>\nse incrusta en una sien<br \/>\ny ya hay un muerto.<\/p>\n<p style=\"padding-left: 30px;\"><em>Cielos e inviernos<\/em>, 1979.<\/p>\n","protected":false},"excerpt":{"rendered":"<p>Ram\u00f3n Irigoyen (Pamplona, 1942) es, adem\u00e1s de un excelente traductor de poes\u00eda griega moderna, uno de los poetas m\u00e1s personales de la generaci\u00f3n del 70. Sus versos son una cr\u00f3nica audaz e insolente de su tiempo. ARTE PO\u00c9TICA Every poem an epitaph ELIOT Un poema si no es una pedrada \u2013y en la sien\u2013 es&#8230; <\/p>\n<div class=\"read-more navbutton\"><a href=\"https:\/\/poeticas.es\/?p=3730\">Leer m\u00e1s<i class=\"fa fa-angle-double-right\"><\/i><\/a><\/div>\n","protected":false},"author":1,"featured_media":0,"comment_status":"closed","ping_status":"closed","sticky":false,"template":"","format":"standard","meta":{"_exactmetrics_skip_tracking":false,"_exactmetrics_sitenote_active":false,"_exactmetrics_sitenote_note":"","_exactmetrics_sitenote_category":0,"footnotes":""},"categories":[1,13],"tags":[15,36],"class_list":["post-3730","post","type-post","status-publish","format-standard","hentry","category-uncategorized","category-contemporaneos","tag-xx","tag-xxi"],"_links":{"self":[{"href":"https:\/\/poeticas.es\/index.php?rest_route=\/wp\/v2\/posts\/3730","targetHints":{"allow":["GET"]}}],"collection":[{"href":"https:\/\/poeticas.es\/index.php?rest_route=\/wp\/v2\/posts"}],"about":[{"href":"https:\/\/poeticas.es\/index.php?rest_route=\/wp\/v2\/types\/post"}],"author":[{"embeddable":true,"href":"https:\/\/poeticas.es\/index.php?rest_route=\/wp\/v2\/users\/1"}],"replies":[{"embeddable":true,"href":"https:\/\/poeticas.es\/index.php?rest_route=%2Fwp%2Fv2%2Fcomments&post=3730"}],"version-history":[{"count":5,"href":"https:\/\/poeticas.es\/index.php?rest_route=\/wp\/v2\/posts\/3730\/revisions"}],"predecessor-version":[{"id":3736,"href":"https:\/\/poeticas.es\/index.php?rest_route=\/wp\/v2\/posts\/3730\/revisions\/3736"}],"wp:attachment":[{"href":"https:\/\/poeticas.es\/index.php?rest_route=%2Fwp%2Fv2%2Fmedia&parent=3730"}],"wp:term":[{"taxonomy":"category","embeddable":true,"href":"https:\/\/poeticas.es\/index.php?rest_route=%2Fwp%2Fv2%2Fcategories&post=3730"},{"taxonomy":"post_tag","embeddable":true,"href":"https:\/\/poeticas.es\/index.php?rest_route=%2Fwp%2Fv2%2Ftags&post=3730"}],"curies":[{"name":"wp","href":"https:\/\/api.w.org\/{rel}","templated":true}]}}