{"id":3738,"date":"2011-02-14T07:00:08","date_gmt":"2011-02-14T05:00:08","guid":{"rendered":"http:\/\/poeticas.es\/?p=3738"},"modified":"2017-09-06T15:35:34","modified_gmt":"2017-09-06T13:35:34","slug":"hector-carreto","status":"publish","type":"post","link":"https:\/\/poeticas.es\/?p=3738","title":{"rendered":"H\u00e9ctor Carreto"},"content":{"rendered":"<p style=\"text-align: justify;\"><img loading=\"lazy\" decoding=\"async\" class=\"alignnone size-full wp-image-3748\" title=\"Pl\u00e9yades, de Ra\u00fal \u00d3scar Mart\u00ednez\" src=\"https:\/\/poeticas.es\/wp-content\/uploads\/2011\/01\/hectorcarreto.jpg\" alt=\"Pl\u00e9yades, de Ra\u00fal \u00d3scar Mart\u00ednez\" width=\"430\" height=\"336\" srcset=\"https:\/\/poeticas.es\/wp-content\/uploads\/2011\/01\/hectorcarreto.jpg 430w, https:\/\/poeticas.es\/wp-content\/uploads\/2011\/01\/hectorcarreto-300x234.jpg 300w\" sizes=\"auto, (max-width: 430px) 100vw, 430px\" \/><\/p>\n<p style=\"text-align: justify;\"><em>M\u00e9xico tiene en <a title=\"Blog del autor\" href=\"http:\/\/hectorcarreto.blogspot.com\/\">H\u00e9ctor Carreto<\/a> (1953) a uno de los mejores poetas epigram\u00e1ticos de la actual poes\u00eda latinoamericana. Su obra po\u00e9tica, ir\u00f3nica e incisiva, se propone desacralizar los mitos de la sociedad contempor\u00e1nea.<br \/>\n<\/em><\/p>\n<p><strong>LA CIERVA<\/strong><\/p>\n<h6 style=\"padding-left: 90px;\"><em>So\u00f1\u00e9 que el ciervo herido ped\u00eda perd\u00f3n<br \/>\nal cazador frustrado.<\/em><br \/>\n<span style=\"padding-left: 50px;\">Nemen Ibn el Barud<\/span><\/h6>\n<p>De pronto t\u00fa<br \/>\n<span style=\"padding-left: 85px;\">recostada en un claro del bosque<br \/>\nmanjar sereno<br \/>\n<span style=\"padding-left: 90px;\">\u00bfIntacto?<\/span><\/span><\/p>\n<p>Tens\u00e9 el arco<br \/>\n<span style=\"padding-left: 85px;\">y dispar\u00e9<\/span><br \/>\n<span style=\"padding-left: 150px;\">sobre ti<\/span><br \/>\nr\u00e1pidas palabras<br \/>\nred para cazar lo inasible.<br \/>\nPero ninguna letra<br \/>\n<span style=\"padding-left: 120px;\">fue salpicada por tu sangre:<\/span><br \/>\nentre un adjetivo y otro<br \/>\n<span style=\"padding-left: 155px;\">saltaste<\/span><br \/>\nm\u00e1s veloz que la luz de la flecha.<\/p>\n<p>Una vez m\u00e1s<br \/>\n<span style=\"padding-left: 90px;\">mi palabra no alcanz\u00f3 a la Poes\u00eda.<\/span><\/p>\n<p>Ilesa<br \/>\nsobre la rama de un \u00e1rbol<br \/>\npero con l\u00e1grimas en los ojos<br \/>\nme suplicas:<br \/>\n\u00abint\u00e9ntalo de nuevo,<br \/>\n<span style=\"padding-left: 25px;\">int\u00e9ntalo de nuevo.\u00bb<\/span><\/p>\n<p style=\"padding-left: 30px;\"><em>Habitante de los parques p\u00fablicos<\/em>, 1992.<\/p>\n","protected":false},"excerpt":{"rendered":"<p>M\u00e9xico tiene en H\u00e9ctor Carreto (1953) a uno de los mejores poetas epigram\u00e1ticos de la actual poes\u00eda latinoamericana. Su obra po\u00e9tica, ir\u00f3nica e incisiva, se propone desacralizar los mitos de la sociedad contempor\u00e1nea. LA CIERVA So\u00f1\u00e9 que el ciervo herido ped\u00eda perd\u00f3n al cazador frustrado. Nemen Ibn el Barud De pronto t\u00fa recostada en un&#8230; <\/p>\n<div class=\"read-more navbutton\"><a href=\"https:\/\/poeticas.es\/?p=3738\">Leer m\u00e1s<i class=\"fa fa-angle-double-right\"><\/i><\/a><\/div>\n","protected":false},"author":1,"featured_media":0,"comment_status":"closed","ping_status":"closed","sticky":false,"template":"","format":"standard","meta":{"_exactmetrics_skip_tracking":false,"_exactmetrics_sitenote_active":false,"_exactmetrics_sitenote_note":"","_exactmetrics_sitenote_category":0,"footnotes":""},"categories":[1,30],"tags":[15,36],"class_list":["post-3738","post","type-post","status-publish","format-standard","hentry","category-uncategorized","category-literatura-mexicana","tag-xx","tag-xxi"],"_links":{"self":[{"href":"https:\/\/poeticas.es\/index.php?rest_route=\/wp\/v2\/posts\/3738","targetHints":{"allow":["GET"]}}],"collection":[{"href":"https:\/\/poeticas.es\/index.php?rest_route=\/wp\/v2\/posts"}],"about":[{"href":"https:\/\/poeticas.es\/index.php?rest_route=\/wp\/v2\/types\/post"}],"author":[{"embeddable":true,"href":"https:\/\/poeticas.es\/index.php?rest_route=\/wp\/v2\/users\/1"}],"replies":[{"embeddable":true,"href":"https:\/\/poeticas.es\/index.php?rest_route=%2Fwp%2Fv2%2Fcomments&post=3738"}],"version-history":[{"count":11,"href":"https:\/\/poeticas.es\/index.php?rest_route=\/wp\/v2\/posts\/3738\/revisions"}],"predecessor-version":[{"id":3762,"href":"https:\/\/poeticas.es\/index.php?rest_route=\/wp\/v2\/posts\/3738\/revisions\/3762"}],"wp:attachment":[{"href":"https:\/\/poeticas.es\/index.php?rest_route=%2Fwp%2Fv2%2Fmedia&parent=3738"}],"wp:term":[{"taxonomy":"category","embeddable":true,"href":"https:\/\/poeticas.es\/index.php?rest_route=%2Fwp%2Fv2%2Fcategories&post=3738"},{"taxonomy":"post_tag","embeddable":true,"href":"https:\/\/poeticas.es\/index.php?rest_route=%2Fwp%2Fv2%2Ftags&post=3738"}],"curies":[{"name":"wp","href":"https:\/\/api.w.org\/{rel}","templated":true}]}}