{"id":4187,"date":"2015-12-28T12:34:48","date_gmt":"2015-12-28T10:34:48","guid":{"rendered":"http:\/\/poeticas.es\/?p=4187"},"modified":"2017-09-06T15:35:32","modified_gmt":"2017-09-06T13:35:32","slug":"vicente-espinel","status":"publish","type":"post","link":"https:\/\/poeticas.es\/?p=4187","title":{"rendered":"Vicente Espinel"},"content":{"rendered":"<p style=\"text-align: justify;\"><img loading=\"lazy\" decoding=\"async\" class=\"alignnone wp-image-4188\" title=\"Bodeg\u00f3n de Juan S\u00e1nchez Cot\u00e1n\" src=\"https:\/\/poeticas.es\/wp-content\/uploads\/2015\/12\/Bodeg\u00f3n-de-Juan-S\u00e1nchez-Cot\u00e1n-1024x792.jpg\" alt=\"Bodeg\u00f3n de Juan S\u00e1nchez Cot\u00e1n\" width=\"436\" height=\"337\" srcset=\"https:\/\/poeticas.es\/wp-content\/uploads\/2015\/12\/Bodeg\u00f3n-de-Juan-S\u00e1nchez-Cot\u00e1n-1024x792.jpg 1024w, https:\/\/poeticas.es\/wp-content\/uploads\/2015\/12\/Bodeg\u00f3n-de-Juan-S\u00e1nchez-Cot\u00e1n-300x232.jpg 300w, https:\/\/poeticas.es\/wp-content\/uploads\/2015\/12\/Bodeg\u00f3n-de-Juan-S\u00e1nchez-Cot\u00e1n-768x594.jpg 768w\" sizes=\"auto, (max-width: 436px) 100vw, 436px\" \/><\/p>\n<p style=\"text-align: justify;\"><em>Vicente Espinel (Ronda, 1550-Madrid, 1624) fue humanista, m\u00fasico, poeta y narrador. En sus <\/em>Rimas<em> (1591), muy celebradas por autores como Lope de Vega,\u00a0ensaya diversas formas m\u00e9tricas. A la d\u00e9cima se le denomina tambi\u00e9n espinela en su honor.<\/em><\/p>\n<p><strong>EN EL ABRIL DE MIS FLORIDOS A\u00d1OS&#8230;<\/strong><\/p>\n<p>En el abril de mis floridos a\u00f1os,<br \/>\ncuando las tiernas esperanzas daba<br \/>\ndel fruto, que en mi pecho se ensayaba,<br \/>\npara cantar mis bienes, y mis da\u00f1os,<\/p>\n<p>so especie humana, y disfrazados pa\u00f1os<br \/>\nse me ofreci\u00f3 una idea, que volaba<br \/>\ncon mi deseo igual, mas tanto andaba,<br \/>\nque conoc\u00ed de lejos mis enga\u00f1os:<\/p>\n<p>porque, aunque en el principio iguales fueron<br \/>\nmi pluma, y su valor en competencia<br \/>\nllevando el uno al otro en alto vuelo,<\/p>\n<p>a\u00a0poco rato mis sentidos vieron,<br \/>\nque a su ardor no haciendo resistencia<br \/>\nmi pluma, se abras\u00f3, y cay\u00f3 en el suelo.<\/p>\n<p style=\"padding-left: 30px;\"><em>Diversas rimas<\/em>, 1591.<\/p>\n","protected":false},"excerpt":{"rendered":"<p>Vicente Espinel (Ronda, 1550-Madrid, 1624) fue humanista, m\u00fasico, poeta y narrador. En sus Rimas (1591), muy celebradas por autores como Lope de Vega,\u00a0ensaya diversas formas m\u00e9tricas. A la d\u00e9cima se le denomina tambi\u00e9n espinela en su honor. EN EL ABRIL DE MIS FLORIDOS A\u00d1OS&#8230; En el abril de mis floridos a\u00f1os, cuando las tiernas esperanzas&#8230; <\/p>\n<div class=\"read-more navbutton\"><a href=\"https:\/\/poeticas.es\/?p=4187\">Leer m\u00e1s<i class=\"fa fa-angle-double-right\"><\/i><\/a><\/div>\n","protected":false},"author":1,"featured_media":0,"comment_status":"closed","ping_status":"closed","sticky":false,"template":"","format":"standard","meta":{"_exactmetrics_skip_tracking":false,"_exactmetrics_sitenote_active":false,"_exactmetrics_sitenote_note":"","_exactmetrics_sitenote_category":0,"footnotes":""},"categories":[1,40],"tags":[59,41],"class_list":["post-4187","post","type-post","status-publish","format-standard","hentry","category-uncategorized","category-el-barroco","tag-xvi","tag-xvii"],"_links":{"self":[{"href":"https:\/\/poeticas.es\/index.php?rest_route=\/wp\/v2\/posts\/4187","targetHints":{"allow":["GET"]}}],"collection":[{"href":"https:\/\/poeticas.es\/index.php?rest_route=\/wp\/v2\/posts"}],"about":[{"href":"https:\/\/poeticas.es\/index.php?rest_route=\/wp\/v2\/types\/post"}],"author":[{"embeddable":true,"href":"https:\/\/poeticas.es\/index.php?rest_route=\/wp\/v2\/users\/1"}],"replies":[{"embeddable":true,"href":"https:\/\/poeticas.es\/index.php?rest_route=%2Fwp%2Fv2%2Fcomments&post=4187"}],"version-history":[{"count":2,"href":"https:\/\/poeticas.es\/index.php?rest_route=\/wp\/v2\/posts\/4187\/revisions"}],"predecessor-version":[{"id":4190,"href":"https:\/\/poeticas.es\/index.php?rest_route=\/wp\/v2\/posts\/4187\/revisions\/4190"}],"wp:attachment":[{"href":"https:\/\/poeticas.es\/index.php?rest_route=%2Fwp%2Fv2%2Fmedia&parent=4187"}],"wp:term":[{"taxonomy":"category","embeddable":true,"href":"https:\/\/poeticas.es\/index.php?rest_route=%2Fwp%2Fv2%2Fcategories&post=4187"},{"taxonomy":"post_tag","embeddable":true,"href":"https:\/\/poeticas.es\/index.php?rest_route=%2Fwp%2Fv2%2Ftags&post=4187"}],"curies":[{"name":"wp","href":"https:\/\/api.w.org\/{rel}","templated":true}]}}