{"id":453,"date":"2009-02-04T18:45:51","date_gmt":"2009-02-04T18:45:51","guid":{"rendered":"http:\/\/poeticas.es\/?p=453"},"modified":"2017-09-06T15:47:26","modified_gmt":"2017-09-06T13:47:26","slug":"klaus-rifbjerg","status":"publish","type":"post","link":"https:\/\/poeticas.es\/?p=453","title":{"rendered":"Klaus Rifbjerg"},"content":{"rendered":"<p class=\"MsoNormal\" style=\"text-align: justify;\"><img loading=\"lazy\" decoding=\"async\" class=\"alignnone size-full wp-image-454\" title=\"Sin t\u00edtulo, de Asger Jorn\" src=\"https:\/\/poeticas.es\/wp-content\/uploads\/2009\/02\/klausrifbjerg.jpg\" alt=\"Sin t\u00edtulo, de Asger Jorn\" width=\"325\" height=\"300\" srcset=\"https:\/\/poeticas.es\/wp-content\/uploads\/2009\/02\/klausrifbjerg.jpg 325w, https:\/\/poeticas.es\/wp-content\/uploads\/2009\/02\/klausrifbjerg-300x276.jpg 300w\" sizes=\"auto, (max-width: 325px) 100vw, 325px\" \/><\/p>\n<p class=\"MsoNormal\" style=\"text-align: justify;\"><em>La poes\u00eda del dan\u00e9s Klaus Rifbjerg (1931-2015) expresa la profunda alegr\u00eda de vivir en las cosas m\u00e1s simples, aunque lleven en s\u00ed la fugacidad y la muerte.<\/em><\/p>\n<p class=\"MsoNormal\"><strong>TERMINOLOG\u00cdA<\/strong><\/p>\n<p class=\"MsoNormal\">S\u00ed, s\u00ed, s\u00ed, ahora desciendo<br \/>\nhacia vosotras<br \/>\npalabras.<br \/>\nTrompeta: aventada.<br \/>\nBosque: marchito.<br \/>\nCari\u00e1tide: antig\u00fcedad.<br \/>\nAmor: mentira.<br \/>\nAleluya: er\u00f3tico.<br \/>\nPoes\u00eda: \u00bfd\u00f3nde est\u00e1 mi braguero para la hernia?<\/p>\n<p class=\"MsoNormal\">Despertado a tirones<br \/>\nde un coma congelado<br \/>\nprofundamente anestesiado.<br \/>\nFlujo: gusto.<br \/>\nTransfocador: vista.<br \/>\nValencias: valores.<br \/>\nPesario: realidad.<br \/>\nMach: romanticismo.<br \/>\nPoes\u00eda: 5-4-3-2-1-0.<\/p>\n<p class=\"MsoNormal\" style=\"padding-left: 30px;\"><em>Enfrentamiento<\/em>, 1960. Traducci\u00f3n de Francisco J. Uriz.<\/p>\n<p><!--more--><\/p>\n<p class=\"MsoNormal\"><strong>POR FIN\u2026<\/strong><\/p>\n<p class=\"MsoNormal\">por fin<br \/>\npiensan los poetas<br \/>\npor fin<br \/>\nsalen de debajo de<br \/>\nlas piedras<\/p>\n<p class=\"MsoNormal\">noches por fin<br \/>\npaz por fin<br \/>\nha llegado la hora de<br \/>\nla poes\u00eda<\/p>\n<p class=\"MsoNormal\">y all\u00ed est\u00e1n sentados<br \/>\ny la<br \/>\nesperan<br \/>\ny la<br \/>\npiensan<br \/>\ny la<br \/>\ncomentan<br \/>\ny la<br \/>\nesperan<\/p>\n<p class=\"MsoNormal\">hasta que oscurece<br \/>\noscurece tanto<br \/>\nque no pueden verse<br \/>\nla mano delante de sus narices<\/p>\n<p class=\"MsoNormal\">y comienzan a suspirar por<br \/>\nla vida<br \/>\nde debajo de la piedra<br \/>\ndonde todav\u00eda est\u00e1 m\u00e1s oscuro<br \/>\ny hace m\u00e1s fr\u00edo<\/p>\n<p class=\"MsoNormal\">pero donde sin embargo hay una paz real<br \/>\ny calma y no hay peligro alguno<br \/>\nen absoluto ni nada ni nadie<br \/>\nque los moleste y<br \/>\nlleve el desorden a las cosas<\/p>\n<p class=\"MsoNormal\">y el continuo susurro<br \/>\nsobre la relaci\u00f3n de la escritura<br \/>\ncon la semiolog\u00eda<br \/>\ns\u00f3lo se ve interrumpido por notas<br \/>\nbreves<br \/>\nen las que se pone en su sitio<br \/>\nel aspecto de la reconstrucci\u00f3n<br \/>\nvisto en relaci\u00f3n con<br \/>\nel holismo fragmentario del<br \/>\nposmodernismo<\/p>\n<p class=\"MsoNormal\" style=\"padding-left: 30px;\"><em>La guerra<\/em>, 1992. Traducci\u00f3n de Francisco J. Uriz.<\/p>\n","protected":false},"excerpt":{"rendered":"<p>La poes\u00eda del dan\u00e9s Klaus Rifbjerg (1931-2015) expresa la profunda alegr\u00eda de vivir en las cosas m\u00e1s simples, aunque lleven en s\u00ed la fugacidad y la muerte. TERMINOLOG\u00cdA S\u00ed, s\u00ed, s\u00ed, ahora desciendo hacia vosotras palabras. Trompeta: aventada. Bosque: marchito. Cari\u00e1tide: antig\u00fcedad. Amor: mentira. Aleluya: er\u00f3tico. Poes\u00eda: \u00bfd\u00f3nde est\u00e1 mi braguero para la hernia? Despertado&#8230; <\/p>\n<div class=\"read-more navbutton\"><a href=\"https:\/\/poeticas.es\/?p=453\">Leer m\u00e1s<i class=\"fa fa-angle-double-right\"><\/i><\/a><\/div>\n","protected":false},"author":1,"featured_media":0,"comment_status":"closed","ping_status":"closed","sticky":false,"template":"","format":"standard","meta":{"_exactmetrics_skip_tracking":false,"_exactmetrics_sitenote_active":false,"_exactmetrics_sitenote_note":"","_exactmetrics_sitenote_category":0,"footnotes":""},"categories":[1,107],"tags":[15],"class_list":["post-453","post","type-post","status-publish","format-standard","hentry","category-uncategorized","category-literatura-danesa","tag-xx"],"_links":{"self":[{"href":"https:\/\/poeticas.es\/index.php?rest_route=\/wp\/v2\/posts\/453","targetHints":{"allow":["GET"]}}],"collection":[{"href":"https:\/\/poeticas.es\/index.php?rest_route=\/wp\/v2\/posts"}],"about":[{"href":"https:\/\/poeticas.es\/index.php?rest_route=\/wp\/v2\/types\/post"}],"author":[{"embeddable":true,"href":"https:\/\/poeticas.es\/index.php?rest_route=\/wp\/v2\/users\/1"}],"replies":[{"embeddable":true,"href":"https:\/\/poeticas.es\/index.php?rest_route=%2Fwp%2Fv2%2Fcomments&post=453"}],"version-history":[{"count":3,"href":"https:\/\/poeticas.es\/index.php?rest_route=\/wp\/v2\/posts\/453\/revisions"}],"predecessor-version":[{"id":4150,"href":"https:\/\/poeticas.es\/index.php?rest_route=\/wp\/v2\/posts\/453\/revisions\/4150"}],"wp:attachment":[{"href":"https:\/\/poeticas.es\/index.php?rest_route=%2Fwp%2Fv2%2Fmedia&parent=453"}],"wp:term":[{"taxonomy":"category","embeddable":true,"href":"https:\/\/poeticas.es\/index.php?rest_route=%2Fwp%2Fv2%2Fcategories&post=453"},{"taxonomy":"post_tag","embeddable":true,"href":"https:\/\/poeticas.es\/index.php?rest_route=%2Fwp%2Fv2%2Ftags&post=453"}],"curies":[{"name":"wp","href":"https:\/\/api.w.org\/{rel}","templated":true}]}}